{"id":11699,"date":"2017-06-23T12:10:03","date_gmt":"2017-06-23T16:10:03","guid":{"rendered":"http:\/\/blogdalucianaoliveira.com.br\/blog\/?p=11699"},"modified":"2017-06-23T12:10:03","modified_gmt":"2017-06-23T16:10:03","slug":"fundacao-assis-gurgacz-recebeu-mas-nao-prestou-servico-como-deveria","status":"publish","type":"post","link":"http:\/\/blogdalucianaoliveira.com.br\/blog\/2017\/06\/23\/fundacao-assis-gurgacz-recebeu-mas-nao-prestou-servico-como-deveria\/","title":{"rendered":"Funda\u00e7\u00e3o Assis Gurgacz recebeu, mas n\u00e3o prestou servi\u00e7o como deveria"},"content":{"rendered":"<p><img data-recalc-dims=\"1\" loading=\"lazy\" decoding=\"async\" data-attachment-id=\"11700\" data-permalink=\"http:\/\/blogdalucianaoliveira.com.br\/blog\/2017\/06\/23\/fundacao-assis-gurgacz-recebeu-mas-nao-prestou-servico-como-deveria\/gur\/\" data-orig-file=\"https:\/\/i0.wp.com\/blogdalucianaoliveira.com.br\/blog\/wp-content\/uploads\/2017\/06\/gur.jpg?fit=700%2C467\" data-orig-size=\"700,467\" data-comments-opened=\"0\" data-image-meta=\"{&quot;aperture&quot;:&quot;0&quot;,&quot;credit&quot;:&quot;&quot;,&quot;camera&quot;:&quot;&quot;,&quot;caption&quot;:&quot;&quot;,&quot;created_timestamp&quot;:&quot;0&quot;,&quot;copyright&quot;:&quot;&quot;,&quot;focal_length&quot;:&quot;0&quot;,&quot;iso&quot;:&quot;0&quot;,&quot;shutter_speed&quot;:&quot;0&quot;,&quot;title&quot;:&quot;&quot;,&quot;orientation&quot;:&quot;1&quot;}\" data-image-title=\"gur\" data-image-description=\"\" data-image-caption=\"\" data-medium-file=\"https:\/\/i0.wp.com\/blogdalucianaoliveira.com.br\/blog\/wp-content\/uploads\/2017\/06\/gur.jpg?fit=300%2C200\" data-large-file=\"https:\/\/i0.wp.com\/blogdalucianaoliveira.com.br\/blog\/wp-content\/uploads\/2017\/06\/gur.jpg?fit=600%2C400\" src=\"https:\/\/i0.wp.com\/blogdalucianaoliveira.com.br\/blog\/wp-content\/uploads\/2017\/06\/gur.jpg?resize=600%2C400\" alt=\"gur\" width=\"600\" height=\"400\" class=\"alignnone size-full wp-image-11700\" srcset=\"https:\/\/i0.wp.com\/blogdalucianaoliveira.com.br\/blog\/wp-content\/uploads\/2017\/06\/gur.jpg?w=700 700w, https:\/\/i0.wp.com\/blogdalucianaoliveira.com.br\/blog\/wp-content\/uploads\/2017\/06\/gur.jpg?resize=300%2C200 300w, https:\/\/i0.wp.com\/blogdalucianaoliveira.com.br\/blog\/wp-content\/uploads\/2017\/06\/gur.jpg?resize=450%2C300 450w\" sizes=\"auto, (max-width: 600px) 100vw, 600px\" \/><\/p>\n<p>AGU recupera R$ 6,2 milh\u00f5es desviados de programa de inclus\u00e3o digital<!--more--><\/p>\n<p>Do Justi\u00e7a em Foco<\/p>\n<p>A Advocacia-Geral da Uni\u00e3o (AGU) conseguiu recuperar para os cofres p\u00fablicos R$ 6,2 milh\u00f5es, valor atualizado de quantia que havia sido desviada de um programa de inclus\u00e3o digital do Minist\u00e9rio das Comunica\u00e7\u00f5es. O montante foi reavido por meio do bloqueio de bens das empresas e pessoas envolvidas nas irregularidades.<\/p>\n<p>A decis\u00e3o favor\u00e1vel foi obtida ap\u00f3s o Tribunal de Contas da Uni\u00e3o (TCU) condenar os respons\u00e1veis pela fraude, a Funda\u00e7\u00e3o Assis Gurgacz (mantenedora da Faculdade Assis Gurgacz) e seus diretores, al\u00e9m de outras empresas.<\/p>\n<p>A entidade recebeu R$ 1,8 milh\u00e3o do minist\u00e9rio por meio de conv\u00eanio celebrado em 2004. O valor deveria ter sido utilizado na cria\u00e7\u00e3o de cinco centros de inform\u00e1tica m\u00f3veis (cada um com 12 computadores) e um fixo (constitu\u00eddo por cinco laborat\u00f3rios de inform\u00e1tica) para serem utilizados por crian\u00e7as carentes.<\/p>\n<p>No entanto, auditoria do TCU constatou diversas irregularidades na execu\u00e7\u00e3o do conv\u00eanio. Entre elas, a simula\u00e7\u00e3o da aquisi\u00e7\u00e3o dos \u00f4nibus onde funcionariam os centros de inform\u00e1tica m\u00f3veis. Foi identificado que a entidade utilizou a verba recebida do minist\u00e9rio para comprar, de uma empresa inexistente, ve\u00edculos velhos que, na realidade, j\u00e1 pertenciam ao seu patrim\u00f4nio. Alguns dos cheques dados como pagamento pelos \u00f4nibus foram, inclusive, sacados pela diretora administrativa da pr\u00f3pria funda\u00e7\u00e3o.<\/p>\n<p>Os auditores da Corte de Contas verificaram, ainda, que a Assis Gurgacz nunca chegou a adquirir e disponibilizar para a popula\u00e7\u00e3o carente da regi\u00e3o computadores novos, como previsto no conv\u00eanio. Al\u00e9m disso, a entidade apresentou notas fiscais referentes aos produtos que supostamente adquiriu com pre\u00e7os superiores aos praticados no mercado.<br \/>\nTamb\u00e9m foram constatadas ilegalidades nas licita\u00e7\u00f5es realizadas pela funda\u00e7\u00e3o com a verba recebida do minist\u00e9rio, bem como opera\u00e7\u00f5es financeiras feitas com o intuito de driblar a fiscaliza\u00e7\u00e3o das autoridades.<\/p>\n<p>Improbidade<\/p>\n<p>Com base no ac\u00f3rd\u00e3o do TCU sobre o caso, a AGU pediu \u00e0 Justi\u00e7a o bloqueio de bens dos envolvidos nas irregularidades. \u201cA condena\u00e7\u00e3o imposta \u00e0 parte executada pelo Tribunal de Contas da Uni\u00e3o decorreu da m\u00e1 gest\u00e3o de recursos p\u00fablicos, tratando-se, pois, de conduta prevista na Lei de Improbidade Administrativa (Lei n\u00ba 8.429\/92), a qual explicitamente prev\u00ea, no seu artigo 7\u00ba, o bloqueio cautelar de bens do agente improbo\u201d, destacaram os advogados da Uni\u00e3o.<\/p>\n<p>A solicita\u00e7\u00e3o foi atendida pela Justi\u00e7a Federal e tornou poss\u00edvel recuperar os R$ 6,2 milh\u00f5es. Atuaram no caso a Procuradoria-Seccional da Uni\u00e3o em Cascavel e o Grupo Permanente de Atua\u00e7\u00e3o Proativa da Procuradoria da Uni\u00e3o no Paran\u00e1. Ambas s\u00e3o unidades da Procuradoria-Geral da Uni\u00e3o, \u00f3rg\u00e3o da AGU.<\/p>\n<p>Ref.: Processos n\u00ba 5004444-85.2014.4.04.7005 e 5002139-02.2012.404,7005 &#8211; 2\u00aa Vara Federal de Cascavel (PR).<\/p>\n","protected":false},"excerpt":{"rendered":"<p>AGU recupera R$ 6,2 milh\u00f5es desviados de programa de inclus\u00e3o digital<\/p>\n","protected":false},"author":1,"featured_media":0,"comment_status":"closed","ping_status":"open","sticky":false,"template":"","format":"standard","meta":{"_exactmetrics_skip_tracking":false,"_exactmetrics_sitenote_active":false,"_exactmetrics_sitenote_note":"","_exactmetrics_sitenote_category":0,"jetpack_post_was_ever_published":false,"_jetpack_newsletter_access":"","_jetpack_dont_email_post_to_subs":false,"_jetpack_newsletter_tier_id":0,"_jetpack_memberships_contains_paywalled_content":false,"_jetpack_memberships_contains_paid_content":false,"footnotes":"","jetpack_publicize_message":"","jetpack_publicize_feature_enabled":true,"jetpack_social_post_already_shared":true,"jetpack_social_options":{"image_generator_settings":{"template":"highway","enabled":false},"version":2}},"categories":[1],"tags":[],"class_list":["post-11699","post","type-post","status-publish","format-standard","hentry","category-notas"],"jetpack_publicize_connections":[],"jetpack_sharing_enabled":true,"jetpack_featured_media_url":"","jetpack_shortlink":"https:\/\/wp.me\/p7wKYW-32H","jetpack-related-posts":[],"_links":{"self":[{"href":"http:\/\/blogdalucianaoliveira.com.br\/blog\/wp-json\/wp\/v2\/posts\/11699","targetHints":{"allow":["GET"]}}],"collection":[{"href":"http:\/\/blogdalucianaoliveira.com.br\/blog\/wp-json\/wp\/v2\/posts"}],"about":[{"href":"http:\/\/blogdalucianaoliveira.com.br\/blog\/wp-json\/wp\/v2\/types\/post"}],"author":[{"embeddable":true,"href":"http:\/\/blogdalucianaoliveira.com.br\/blog\/wp-json\/wp\/v2\/users\/1"}],"replies":[{"embeddable":true,"href":"http:\/\/blogdalucianaoliveira.com.br\/blog\/wp-json\/wp\/v2\/comments?post=11699"}],"version-history":[{"count":1,"href":"http:\/\/blogdalucianaoliveira.com.br\/blog\/wp-json\/wp\/v2\/posts\/11699\/revisions"}],"predecessor-version":[{"id":11701,"href":"http:\/\/blogdalucianaoliveira.com.br\/blog\/wp-json\/wp\/v2\/posts\/11699\/revisions\/11701"}],"wp:attachment":[{"href":"http:\/\/blogdalucianaoliveira.com.br\/blog\/wp-json\/wp\/v2\/media?parent=11699"}],"wp:term":[{"taxonomy":"category","embeddable":true,"href":"http:\/\/blogdalucianaoliveira.com.br\/blog\/wp-json\/wp\/v2\/categories?post=11699"},{"taxonomy":"post_tag","embeddable":true,"href":"http:\/\/blogdalucianaoliveira.com.br\/blog\/wp-json\/wp\/v2\/tags?post=11699"}],"curies":[{"name":"wp","href":"https:\/\/api.w.org\/{rel}","templated":true}]}}