{"id":11702,"date":"2017-06-23T15:56:31","date_gmt":"2017-06-23T19:56:31","guid":{"rendered":"http:\/\/blogdalucianaoliveira.com.br\/blog\/?p=11702"},"modified":"2017-06-23T15:56:31","modified_gmt":"2017-06-23T19:56:31","slug":"asfaltao-realiza-exposicao-dos-trabalhos-de-lu-silva","status":"publish","type":"post","link":"http:\/\/blogdalucianaoliveira.com.br\/blog\/2017\/06\/23\/asfaltao-realiza-exposicao-dos-trabalhos-de-lu-silva\/","title":{"rendered":"ASFALT\u00c3O REALIZA EXPOSI\u00c7\u00c3O DOS TRABALHOS DE L\u00da SILVA"},"content":{"rendered":"<p><img data-recalc-dims=\"1\" loading=\"lazy\" decoding=\"async\" data-attachment-id=\"11703\" data-permalink=\"http:\/\/blogdalucianaoliveira.com.br\/blog\/2017\/06\/23\/asfaltao-realiza-exposicao-dos-trabalhos-de-lu-silva\/exposicao_asfaltao\/\" data-orig-file=\"https:\/\/i0.wp.com\/blogdalucianaoliveira.com.br\/blog\/wp-content\/uploads\/2017\/06\/EXPOSICAO_asfaltao.jpg?fit=640%2C472\" data-orig-size=\"640,472\" data-comments-opened=\"0\" data-image-meta=\"{&quot;aperture&quot;:&quot;0&quot;,&quot;credit&quot;:&quot;&quot;,&quot;camera&quot;:&quot;&quot;,&quot;caption&quot;:&quot;&quot;,&quot;created_timestamp&quot;:&quot;0&quot;,&quot;copyright&quot;:&quot;&quot;,&quot;focal_length&quot;:&quot;0&quot;,&quot;iso&quot;:&quot;0&quot;,&quot;shutter_speed&quot;:&quot;0&quot;,&quot;title&quot;:&quot;&quot;,&quot;orientation&quot;:&quot;1&quot;}\" data-image-title=\"EXPOSICAO_asfaltao\" data-image-description=\"\" data-image-caption=\"\" data-medium-file=\"https:\/\/i0.wp.com\/blogdalucianaoliveira.com.br\/blog\/wp-content\/uploads\/2017\/06\/EXPOSICAO_asfaltao.jpg?fit=300%2C221\" data-large-file=\"https:\/\/i0.wp.com\/blogdalucianaoliveira.com.br\/blog\/wp-content\/uploads\/2017\/06\/EXPOSICAO_asfaltao.jpg?fit=600%2C443\" src=\"https:\/\/i0.wp.com\/blogdalucianaoliveira.com.br\/blog\/wp-content\/uploads\/2017\/06\/EXPOSICAO_asfaltao.jpg?resize=600%2C443\" alt=\"EXPOSICAO_asfaltao\" width=\"600\" height=\"443\" class=\"alignnone size-full wp-image-11703\" srcset=\"https:\/\/i0.wp.com\/blogdalucianaoliveira.com.br\/blog\/wp-content\/uploads\/2017\/06\/EXPOSICAO_asfaltao.jpg?w=640 640w, https:\/\/i0.wp.com\/blogdalucianaoliveira.com.br\/blog\/wp-content\/uploads\/2017\/06\/EXPOSICAO_asfaltao.jpg?resize=300%2C221 300w, https:\/\/i0.wp.com\/blogdalucianaoliveira.com.br\/blog\/wp-content\/uploads\/2017\/06\/EXPOSICAO_asfaltao.jpg?resize=407%2C300 407w\" sizes=\"auto, (max-width: 600px) 100vw, 600px\" \/><\/p>\n<p>\u201c&#8230; Sou arte, feito com amor, sou a imagem do divino criador&#8230;\u201d<\/p>\n<p>(trecho do nosso Samba de Enredo campe\u00e3o do carnaval de 1998).<!--more--><\/p>\n<p>A exposi\u00e7\u00e3o acontecer\u00e1 do dia 28 a 30 de junho, no Mercado Cultural.<\/p>\n<p>Maria Luiza Silva, Beradeira, formada em moda no estado de S\u00e3o Paulo \u00e9 Artista Pl\u00e1stica, Atriz, Palha\u00e7a, Artes\u00e3, Maria das Chaves, Maria das Flores, Maria das Marias, M\u00e3e, Amiga, Ativista Cultural. Al\u00e9m disso, \u00e9 uma mulher de boa energia, aonde chega, nos leva sempre muita alegria com sua arte.<\/p>\n<p>Para Lu Silva, diante da linda arte da vida, foi imposs\u00edvel n\u00e3o imit\u00e1-la e por literalmente a m\u00e3o na massa, materializando em arte pl\u00e1stica, retratada em seus quadros, figurinos, pain\u00e9is, bonecos e fantoches. Foi al\u00e9m dos trabalhos com a precis\u00e3o dos dedos e das m\u00e3os, viaja em seus cen\u00e1rios e personagens marcantes como a Palha\u00e7a Mangaba que encanta as crian\u00e7as e a Maria das Chaves, criada especialmente para o tradicional carnaval de Porto Velho.<\/p>\n<p>Com um grande acervo, a parceria entre L\u00fa Silva e GRES Asfalt\u00e3o, nos dias 28, 29 e 30 de junho, realizar\u00e1 no Mercado Cultural do Munic\u00edpio, uma grande exposi\u00e7\u00e3o de seus trabalhos.<\/p>\n<p>A abertura da exposi\u00e7\u00e3o acontecer\u00e1 no dia 28\/06(quarta feira), a partir das 19:30, num grande ato cultural, com m\u00fasica e poesia.<\/p>\n<p>RIFA<\/p>\n<p>Mesmo diante de um momento dif\u00edcil de sua vida, preocupada como a cultura, L\u00fa, doou uma de suas obras de artes para a Escola de Samba Asfalt\u00e3o transformar em recurso, que subsidiar\u00e1 os projetos que a Agremia\u00e7\u00e3o realiza.<\/p>\n<p>Sabemos que seja qual for o segmento, arte c\u00eanica, m\u00fasica, poesia, pl\u00e1stica, dentre outras, \u00e9 imposs\u00edvel mensurar pre\u00e7o. Imposs\u00edvel mesmo, pois n\u00e3o tem pre\u00e7o, uma vez que \u00e9 imposs\u00edvel quantificar o \u201cquantum\u201d vale um trabalho que nasce da alma e do cora\u00e7\u00e3o.<\/p>\n<p>Mas a Escola est\u00e1 vendendo uma rifa deste quadro, que custa apenas R$ 10,00 e conta com a colabora\u00e7\u00e3o dos amigos e amigas. O sorteio desta rifa acontecer\u00e1 dia 30\/06, sexta feira, no samba do poeta Ernesto Melo e a Fina Flor do Samba, quando faremos o ato de encerramento da exposi\u00e7\u00e3o.  <\/p>\n<p>Fonte: Silvia Ferreira de Oliveira Pinheiro<\/p>\n","protected":false},"excerpt":{"rendered":"<p>\u201c&#8230; Sou arte, feito com amor, sou a imagem do divino criador&#8230;\u201d (trecho do nosso Samba de Enredo campe\u00e3o do carnaval de 1998).<\/p>\n","protected":false},"author":1,"featured_media":0,"comment_status":"closed","ping_status":"open","sticky":false,"template":"","format":"standard","meta":{"_exactmetrics_skip_tracking":false,"_exactmetrics_sitenote_active":false,"_exactmetrics_sitenote_note":"","_exactmetrics_sitenote_category":0,"jetpack_post_was_ever_published":false,"_jetpack_newsletter_access":"","_jetpack_dont_email_post_to_subs":false,"_jetpack_newsletter_tier_id":0,"_jetpack_memberships_contains_paywalled_content":false,"_jetpack_memberships_contains_paid_content":false,"footnotes":"","jetpack_publicize_message":"","jetpack_publicize_feature_enabled":true,"jetpack_social_post_already_shared":true,"jetpack_social_options":{"image_generator_settings":{"template":"highway","enabled":false},"version":2}},"categories":[1],"tags":[],"class_list":["post-11702","post","type-post","status-publish","format-standard","hentry","category-notas"],"jetpack_publicize_connections":[],"jetpack_sharing_enabled":true,"jetpack_featured_media_url":"","jetpack_shortlink":"https:\/\/wp.me\/p7wKYW-32K","jetpack-related-posts":[],"_links":{"self":[{"href":"http:\/\/blogdalucianaoliveira.com.br\/blog\/wp-json\/wp\/v2\/posts\/11702","targetHints":{"allow":["GET"]}}],"collection":[{"href":"http:\/\/blogdalucianaoliveira.com.br\/blog\/wp-json\/wp\/v2\/posts"}],"about":[{"href":"http:\/\/blogdalucianaoliveira.com.br\/blog\/wp-json\/wp\/v2\/types\/post"}],"author":[{"embeddable":true,"href":"http:\/\/blogdalucianaoliveira.com.br\/blog\/wp-json\/wp\/v2\/users\/1"}],"replies":[{"embeddable":true,"href":"http:\/\/blogdalucianaoliveira.com.br\/blog\/wp-json\/wp\/v2\/comments?post=11702"}],"version-history":[{"count":1,"href":"http:\/\/blogdalucianaoliveira.com.br\/blog\/wp-json\/wp\/v2\/posts\/11702\/revisions"}],"predecessor-version":[{"id":11704,"href":"http:\/\/blogdalucianaoliveira.com.br\/blog\/wp-json\/wp\/v2\/posts\/11702\/revisions\/11704"}],"wp:attachment":[{"href":"http:\/\/blogdalucianaoliveira.com.br\/blog\/wp-json\/wp\/v2\/media?parent=11702"}],"wp:term":[{"taxonomy":"category","embeddable":true,"href":"http:\/\/blogdalucianaoliveira.com.br\/blog\/wp-json\/wp\/v2\/categories?post=11702"},{"taxonomy":"post_tag","embeddable":true,"href":"http:\/\/blogdalucianaoliveira.com.br\/blog\/wp-json\/wp\/v2\/tags?post=11702"}],"curies":[{"name":"wp","href":"https:\/\/api.w.org\/{rel}","templated":true}]}}