{"id":11728,"date":"2017-06-24T10:33:17","date_gmt":"2017-06-24T14:33:17","guid":{"rendered":"http:\/\/blogdalucianaoliveira.com.br\/blog\/?p=11728"},"modified":"2017-06-24T10:34:28","modified_gmt":"2017-06-24T14:34:28","slug":"lima-barreto-homenageado-da-flip-escreveu-cronica-contra-o-feminicidio-em-1915","status":"publish","type":"post","link":"http:\/\/blogdalucianaoliveira.com.br\/blog\/2017\/06\/24\/lima-barreto-homenageado-da-flip-escreveu-cronica-contra-o-feminicidio-em-1915\/","title":{"rendered":"Lima Barreto, homenageado da Flip, escreveu cr\u00f4nica contra o feminic\u00eddio em 1915"},"content":{"rendered":"<p><img data-recalc-dims=\"1\" loading=\"lazy\" decoding=\"async\" data-attachment-id=\"11729\" data-permalink=\"http:\/\/blogdalucianaoliveira.com.br\/blog\/2017\/06\/24\/lima-barreto-homenageado-da-flip-escreveu-cronica-contra-o-feminicidio-em-1915\/lima\/\" data-orig-file=\"https:\/\/i0.wp.com\/blogdalucianaoliveira.com.br\/blog\/wp-content\/uploads\/2017\/06\/lima.jpg?fit=640%2C376\" data-orig-size=\"640,376\" data-comments-opened=\"0\" data-image-meta=\"{&quot;aperture&quot;:&quot;0&quot;,&quot;credit&quot;:&quot;&quot;,&quot;camera&quot;:&quot;&quot;,&quot;caption&quot;:&quot;&quot;,&quot;created_timestamp&quot;:&quot;0&quot;,&quot;copyright&quot;:&quot;&quot;,&quot;focal_length&quot;:&quot;0&quot;,&quot;iso&quot;:&quot;0&quot;,&quot;shutter_speed&quot;:&quot;0&quot;,&quot;title&quot;:&quot;&quot;,&quot;orientation&quot;:&quot;0&quot;}\" data-image-title=\"lima\" data-image-description=\"\" data-image-caption=\"\" data-medium-file=\"https:\/\/i0.wp.com\/blogdalucianaoliveira.com.br\/blog\/wp-content\/uploads\/2017\/06\/lima.jpg?fit=300%2C176\" data-large-file=\"https:\/\/i0.wp.com\/blogdalucianaoliveira.com.br\/blog\/wp-content\/uploads\/2017\/06\/lima.jpg?fit=600%2C353\" src=\"https:\/\/i0.wp.com\/blogdalucianaoliveira.com.br\/blog\/wp-content\/uploads\/2017\/06\/lima.jpg?resize=600%2C353\" alt=\"lima\" width=\"600\" height=\"353\" class=\"alignnone size-full wp-image-11729\" srcset=\"https:\/\/i0.wp.com\/blogdalucianaoliveira.com.br\/blog\/wp-content\/uploads\/2017\/06\/lima.jpg?w=640 640w, https:\/\/i0.wp.com\/blogdalucianaoliveira.com.br\/blog\/wp-content\/uploads\/2017\/06\/lima.jpg?resize=300%2C176 300w, https:\/\/i0.wp.com\/blogdalucianaoliveira.com.br\/blog\/wp-content\/uploads\/2017\/06\/lima.jpg?resize=511%2C300 511w\" sizes=\"auto, (max-width: 600px) 100vw, 600px\" \/><\/p>\n<p>O texto &#8220;N\u00e3o as matem&#8221; \u00e9 parte da obra Vida Urbana, uma colet\u00e2nea do autor publicada em 1953<!--more--><\/p>\n<p>Reda\u00e7\u00e3o<br \/>\nBrasil de Fato | S\u00e3o Paulo (SP)<\/p>\n<p>&#8220;N\u00e3o h\u00e1 muito tempo, em dias de carnaval, um rapaz atirou sobre a ex-noiva, l\u00e1 pelas bandas do Est\u00e1cio, matando-se em seguida. A mo\u00e7a com a bala na espinha, veio morrer, dias ap\u00f3s, entre sofrimentos atrozes&#8221;. Esse trecho \u00e9 de uma cr\u00f4nica de 1915 escrita por Lima Barreto, o homenageado na Festa Liter\u00e1ria de Paraty (FLIP) deste ano, provando que feminic\u00eddio n\u00e3o \u00e9 um problema dos nossos tempos.<\/p>\n<p>O texto &#8220;N\u00e3o as matem&#8221; \u00e9 parte da publica\u00e7\u00e3o &#8220;Vida Urbana&#8221;, uma colet\u00e2nea de cr\u00f4nicas e artigos do autor publicada em 1953. <\/p>\n<p>Confira a \u00edntegra:<\/p>\n<p>N\u00e3o as matem<br \/>\nEsse rapaz que, em Deodoro, quis matar a ex-noiva e suicidou-se em seguida, \u00e9 um sintoma da revivesc\u00eancia de um sentimento que parecia ter morrido no cora\u00e7\u00e3o dos homens: o dom\u00ednio, quand m\u00eame, sobre a mulher.<\/p>\n<p>O caso n\u00e3o \u00e9 \u00fanico. N\u00e3o h\u00e1 muito tempo, em dias de carnaval, um rapaz atirou sobre a ex-noiva, l\u00e1 pelas bandas do Est\u00e1cio, matando-se em seguida. A mo\u00e7a com a bala na espinha, veio morrer, dias ap\u00f3s, entre sofrimentos atrozes.<\/p>\n<p>Um outro, tamb\u00e9m, pelo carnaval, ali pelas bandas do ex-futuro Hotel Monumental, que substituiu com mont\u00f5es de pedras o vetusto Convento da Ajuda, alvejou a sua ex-noiva e matou-a.<\/p>\n<p>Todos esses senhores parece que n\u00e3o sabem o que \u00e9 a vontade dos outros.<\/p>\n<p>Eles se julgam com o direito de impor o seu amor ou o seu desejo a quem n\u00e3o os quer. N\u00e3o sei se se julgam muito diferentes dos ladr\u00f5es \u00e0 m\u00e3o armada; mas o certo \u00e9 que estes n\u00e3o nos arrebatam sen\u00e3o o dinheiro, enquanto esses tais noivos assassinos querem tudo que \u00e9 de mais sagrado em outro ente, de pistola na m\u00e3o.<\/p>\n<p>O ladr\u00e3o ainda nos deixa com vida, se lhe passamos o dinheiro; os tais passionais, por\u00e9m, nem estabelecem a alternativa: a bolsa ou a vida. Eles, n\u00e3o; matam logo.<\/p>\n<p>N\u00f3s j\u00e1 t\u00ednhamos os maridos que matavam as esposas ad\u00falteras; agora temos os noivos que matam as ex-noivas.<\/p>\n<p>De resto, semelhantes cidad\u00e3os s\u00e3o idiotas. \u00c9 de supor que, quem quer casar, deseje que a sua futura mulher venha para o t\u00e1lamo conjugal com a m\u00e1xima liberdade, com a melhor boa-vontade, sem coa\u00e7\u00e3o de esp\u00e9cie alguma, com ardor at\u00e9, com \u00e2nsia e grandes desejos; como e ent\u00e3o que se castigam as mo\u00e7as que confessam n\u00e3o sentir mais pelos namorados amor ou coisa equivalente?<\/p>\n<p>Todas as considera\u00e7\u00f5es que se possam fazer, tendentes a convencer os homens de que eles n\u00e3o t\u00eam sobre as mulheres dom\u00ednio outro que n\u00e3o aquele que venha da afei\u00e7\u00e3o, n\u00e3o devem ser desprezadas.<\/p>\n<p>Esse obsoleto dom\u00ednio \u00e0 valentona, do homem sobre a mulher, \u00e9 coisa t\u00e3o horrorosa, que enche de indigna\u00e7\u00e3o.<\/p>\n<p>O esquecimento de que elas s\u00e3o, como todos n\u00f3s, sujeitas, a influ\u00eancias v\u00e1rias que fazem flutuar as suas inclina\u00e7\u00f5es, as suas amizades, os seus gostos, os seus amores, \u00e9 coisa t\u00e3o est\u00fapida, que, s\u00f3 entre selvagens deve ter existido.<\/p>\n<p>Todos os experimentadores e observadores dos fatos morais t\u00eam mostrado a inanidade de generalizar a eternidade do amor.<\/p>\n<p>Pode existir, existe, mas, excepcionalmente; e exigi-la nas leis ou a cano de rev\u00f3lver, \u00e9 um absurdo t\u00e3o grande como querer impedir que o sol varie a hora do seu nascimento.<\/p>\n<p>Deixem as mulheres amar \u00e0 vontade.<\/p>\n<p>N\u00e3o as matem, pelo amor de Deus!<\/p>\n<p>Vida urbana, 27-1-1915<\/p>\n<p>Edi\u00e7\u00e3o: Camila Rodrigues da Silva<\/p>\n","protected":false},"excerpt":{"rendered":"<p>O texto &#8220;N\u00e3o as matem&#8221; \u00e9 parte da obra Vida Urbana, uma colet\u00e2nea do autor publicada em 1953<\/p>\n","protected":false},"author":1,"featured_media":11729,"comment_status":"closed","ping_status":"open","sticky":false,"template":"","format":"standard","meta":{"_exactmetrics_skip_tracking":false,"_exactmetrics_sitenote_active":false,"_exactmetrics_sitenote_note":"","_exactmetrics_sitenote_category":0,"jetpack_post_was_ever_published":false,"_jetpack_newsletter_access":"","_jetpack_dont_email_post_to_subs":false,"_jetpack_newsletter_tier_id":0,"_jetpack_memberships_contains_paywalled_content":false,"_jetpack_memberships_contains_paid_content":false,"footnotes":"","jetpack_publicize_message":"","jetpack_publicize_feature_enabled":true,"jetpack_social_post_already_shared":true,"jetpack_social_options":{"image_generator_settings":{"template":"highway","enabled":false},"version":2}},"categories":[1],"tags":[],"class_list":["post-11728","post","type-post","status-publish","format-standard","has-post-thumbnail","hentry","category-notas"],"jetpack_publicize_connections":[],"jetpack_sharing_enabled":true,"jetpack_featured_media_url":"https:\/\/i0.wp.com\/blogdalucianaoliveira.com.br\/blog\/wp-content\/uploads\/2017\/06\/lima.jpg?fit=640%2C376","jetpack_shortlink":"https:\/\/wp.me\/p7wKYW-33a","jetpack-related-posts":[],"_links":{"self":[{"href":"http:\/\/blogdalucianaoliveira.com.br\/blog\/wp-json\/wp\/v2\/posts\/11728","targetHints":{"allow":["GET"]}}],"collection":[{"href":"http:\/\/blogdalucianaoliveira.com.br\/blog\/wp-json\/wp\/v2\/posts"}],"about":[{"href":"http:\/\/blogdalucianaoliveira.com.br\/blog\/wp-json\/wp\/v2\/types\/post"}],"author":[{"embeddable":true,"href":"http:\/\/blogdalucianaoliveira.com.br\/blog\/wp-json\/wp\/v2\/users\/1"}],"replies":[{"embeddable":true,"href":"http:\/\/blogdalucianaoliveira.com.br\/blog\/wp-json\/wp\/v2\/comments?post=11728"}],"version-history":[{"count":1,"href":"http:\/\/blogdalucianaoliveira.com.br\/blog\/wp-json\/wp\/v2\/posts\/11728\/revisions"}],"predecessor-version":[{"id":11730,"href":"http:\/\/blogdalucianaoliveira.com.br\/blog\/wp-json\/wp\/v2\/posts\/11728\/revisions\/11730"}],"wp:featuredmedia":[{"embeddable":true,"href":"http:\/\/blogdalucianaoliveira.com.br\/blog\/wp-json\/wp\/v2\/media\/11729"}],"wp:attachment":[{"href":"http:\/\/blogdalucianaoliveira.com.br\/blog\/wp-json\/wp\/v2\/media?parent=11728"}],"wp:term":[{"taxonomy":"category","embeddable":true,"href":"http:\/\/blogdalucianaoliveira.com.br\/blog\/wp-json\/wp\/v2\/categories?post=11728"},{"taxonomy":"post_tag","embeddable":true,"href":"http:\/\/blogdalucianaoliveira.com.br\/blog\/wp-json\/wp\/v2\/tags?post=11728"}],"curies":[{"name":"wp","href":"https:\/\/api.w.org\/{rel}","templated":true}]}}