{"id":11732,"date":"2017-06-24T11:38:34","date_gmt":"2017-06-24T15:38:34","guid":{"rendered":"http:\/\/blogdalucianaoliveira.com.br\/blog\/?p=11732"},"modified":"2017-06-24T11:38:34","modified_gmt":"2017-06-24T15:38:34","slug":"datafolha-2-83-dos-brasileiros-querem-diretas","status":"publish","type":"post","link":"http:\/\/blogdalucianaoliveira.com.br\/blog\/2017\/06\/24\/datafolha-2-83-dos-brasileiros-querem-diretas\/","title":{"rendered":"DATAFOLHA 2: 83% DOS BRASILEIROS QUEREM DIRETAS"},"content":{"rendered":"<p><img data-recalc-dims=\"1\" loading=\"lazy\" decoding=\"async\" data-attachment-id=\"11733\" data-permalink=\"http:\/\/blogdalucianaoliveira.com.br\/blog\/2017\/06\/24\/datafolha-2-83-dos-brasileiros-querem-diretas\/fora-5\/\" data-orig-file=\"https:\/\/i0.wp.com\/blogdalucianaoliveira.com.br\/blog\/wp-content\/uploads\/2017\/06\/fora.jpg?fit=1000%2C357\" data-orig-size=\"1000,357\" data-comments-opened=\"0\" data-image-meta=\"{&quot;aperture&quot;:&quot;0&quot;,&quot;credit&quot;:&quot;&quot;,&quot;camera&quot;:&quot;&quot;,&quot;caption&quot;:&quot;&quot;,&quot;created_timestamp&quot;:&quot;0&quot;,&quot;copyright&quot;:&quot;&quot;,&quot;focal_length&quot;:&quot;0&quot;,&quot;iso&quot;:&quot;0&quot;,&quot;shutter_speed&quot;:&quot;0&quot;,&quot;title&quot;:&quot;&quot;,&quot;orientation&quot;:&quot;0&quot;}\" data-image-title=\"fora\" data-image-description=\"\" data-image-caption=\"\" data-medium-file=\"https:\/\/i0.wp.com\/blogdalucianaoliveira.com.br\/blog\/wp-content\/uploads\/2017\/06\/fora.jpg?fit=300%2C107\" data-large-file=\"https:\/\/i0.wp.com\/blogdalucianaoliveira.com.br\/blog\/wp-content\/uploads\/2017\/06\/fora.jpg?fit=600%2C214\" src=\"https:\/\/i0.wp.com\/blogdalucianaoliveira.com.br\/blog\/wp-content\/uploads\/2017\/06\/fora.jpg?resize=600%2C214\" alt=\"fora\" width=\"600\" height=\"214\" class=\"alignnone size-full wp-image-11733\" srcset=\"https:\/\/i0.wp.com\/blogdalucianaoliveira.com.br\/blog\/wp-content\/uploads\/2017\/06\/fora.jpg?w=1000 1000w, https:\/\/i0.wp.com\/blogdalucianaoliveira.com.br\/blog\/wp-content\/uploads\/2017\/06\/fora.jpg?resize=300%2C107 300w, https:\/\/i0.wp.com\/blogdalucianaoliveira.com.br\/blog\/wp-content\/uploads\/2017\/06\/fora.jpg?resize=768%2C274 768w, https:\/\/i0.wp.com\/blogdalucianaoliveira.com.br\/blog\/wp-content\/uploads\/2017\/06\/fora.jpg?resize=800%2C286 800w\" sizes=\"auto, (max-width: 600px) 100vw, 600px\" \/><\/p>\n<p>247 &#8211; Pesquisa do instituto Datafolha divulgada neste s\u00e1bado, 24, mostra que 83% da popula\u00e7\u00e3o brasileira quer realiza\u00e7\u00e3o de elei\u00e7\u00f5es diretas para presidente, com a sa\u00edda de Michel Temer. Apenas 12% se dizem a favor de que o Congresso Nacional escolha o sucessor de Temer. <!--more--><\/p>\n<p>O levantamento revela tamb\u00e9m que 76% dos brasileiros querem que Temer renuncie ao cargo, enquanto 20% defendem a perman\u00eancia do peemedebista. Para 65%, o melhor para o Pa\u00eds \u00e9 que Temer deixe o Pal\u00e1cio do Planalto imediatamente, contra 30% que defendem que ele termine o mandato. <\/p>\n<p>Caso Temer n\u00e3o renuncie ao cargo,  a maioria absoluta de 81% da popula\u00e7\u00e3o defende que o Congresso inicie um processo de impeachment para retir\u00e1-lo do cargo. A C\u00e2mara dos Deputados, respons\u00e1vel por instaurar o processo de impeachment, j\u00e1 recebeu v\u00e1rios pedidos contra Temer, entre eles protocolados pela Ordem dos Advogados do Brasil e por partidos como a Rede e PSOL. <\/p>\n<p>O mais rejeitado<\/p>\n<p>Na mesma pesquisa, divulgada pelo jornal Folha de S. Paulo, o governo Michel Temer aparece com aprova\u00e7\u00e3o de apenas 7%, a menor para o cargo em 28 anos. O governo fruto de um golpe parlamentar \u00e9 considerado ruim ou p\u00e9ssimo por 69% do eleitorado brasileiro (leia mais).<\/p>\n<p>A pesquisa da Datafolha foi realizada entre os dias 21 e 23 de junho, com 2.771 entrevistados em 194 cidades. A margem de erro \u00e9 de 2 pontos percentuais para mais ou para menos e o intervalo de confian\u00e7a \u00e9 de 95%. <\/p>\n","protected":false},"excerpt":{"rendered":"<p>247 &#8211; Pesquisa do instituto Datafolha divulgada neste s\u00e1bado, 24, mostra que 83% da popula\u00e7\u00e3o brasileira quer realiza\u00e7\u00e3o de elei\u00e7\u00f5es diretas para presidente, com a sa\u00edda de Michel Temer. Apenas 12% se dizem a favor de que o Congresso Nacional escolha o sucessor de Temer.<\/p>\n","protected":false},"author":1,"featured_media":0,"comment_status":"closed","ping_status":"open","sticky":false,"template":"","format":"standard","meta":{"_exactmetrics_skip_tracking":false,"_exactmetrics_sitenote_active":false,"_exactmetrics_sitenote_note":"","_exactmetrics_sitenote_category":0,"jetpack_post_was_ever_published":false,"_jetpack_newsletter_access":"","_jetpack_dont_email_post_to_subs":false,"_jetpack_newsletter_tier_id":0,"_jetpack_memberships_contains_paywalled_content":false,"_jetpack_memberships_contains_paid_content":false,"footnotes":"","jetpack_publicize_message":"","jetpack_publicize_feature_enabled":true,"jetpack_social_post_already_shared":true,"jetpack_social_options":{"image_generator_settings":{"template":"highway","enabled":false},"version":2}},"categories":[1],"tags":[],"class_list":["post-11732","post","type-post","status-publish","format-standard","hentry","category-notas"],"jetpack_publicize_connections":[],"jetpack_sharing_enabled":true,"jetpack_featured_media_url":"","jetpack_shortlink":"https:\/\/wp.me\/p7wKYW-33e","jetpack-related-posts":[],"_links":{"self":[{"href":"http:\/\/blogdalucianaoliveira.com.br\/blog\/wp-json\/wp\/v2\/posts\/11732","targetHints":{"allow":["GET"]}}],"collection":[{"href":"http:\/\/blogdalucianaoliveira.com.br\/blog\/wp-json\/wp\/v2\/posts"}],"about":[{"href":"http:\/\/blogdalucianaoliveira.com.br\/blog\/wp-json\/wp\/v2\/types\/post"}],"author":[{"embeddable":true,"href":"http:\/\/blogdalucianaoliveira.com.br\/blog\/wp-json\/wp\/v2\/users\/1"}],"replies":[{"embeddable":true,"href":"http:\/\/blogdalucianaoliveira.com.br\/blog\/wp-json\/wp\/v2\/comments?post=11732"}],"version-history":[{"count":1,"href":"http:\/\/blogdalucianaoliveira.com.br\/blog\/wp-json\/wp\/v2\/posts\/11732\/revisions"}],"predecessor-version":[{"id":11734,"href":"http:\/\/blogdalucianaoliveira.com.br\/blog\/wp-json\/wp\/v2\/posts\/11732\/revisions\/11734"}],"wp:attachment":[{"href":"http:\/\/blogdalucianaoliveira.com.br\/blog\/wp-json\/wp\/v2\/media?parent=11732"}],"wp:term":[{"taxonomy":"category","embeddable":true,"href":"http:\/\/blogdalucianaoliveira.com.br\/blog\/wp-json\/wp\/v2\/categories?post=11732"},{"taxonomy":"post_tag","embeddable":true,"href":"http:\/\/blogdalucianaoliveira.com.br\/blog\/wp-json\/wp\/v2\/tags?post=11732"}],"curies":[{"name":"wp","href":"https:\/\/api.w.org\/{rel}","templated":true}]}}