{"id":11741,"date":"2017-06-25T20:59:22","date_gmt":"2017-06-26T00:59:22","guid":{"rendered":"http:\/\/blogdalucianaoliveira.com.br\/blog\/?p=11741"},"modified":"2017-06-25T20:59:22","modified_gmt":"2017-06-26T00:59:22","slug":"a-forca-da-cidade-esta-no-rio","status":"publish","type":"post","link":"http:\/\/blogdalucianaoliveira.com.br\/blog\/2017\/06\/25\/a-forca-da-cidade-esta-no-rio\/","title":{"rendered":"A for\u00e7a da cidade est\u00e1 no rio"},"content":{"rendered":"<p><img data-recalc-dims=\"1\" loading=\"lazy\" decoding=\"async\" data-attachment-id=\"11742\" data-permalink=\"http:\/\/blogdalucianaoliveira.com.br\/blog\/2017\/06\/25\/a-forca-da-cidade-esta-no-rio\/img_0362-2\/\" data-orig-file=\"https:\/\/i0.wp.com\/blogdalucianaoliveira.com.br\/blog\/wp-content\/uploads\/2017\/06\/IMG_0362-1.jpg?fit=1280%2C960\" data-orig-size=\"1280,960\" data-comments-opened=\"0\" data-image-meta=\"{&quot;aperture&quot;:&quot;0&quot;,&quot;credit&quot;:&quot;&quot;,&quot;camera&quot;:&quot;&quot;,&quot;caption&quot;:&quot;&quot;,&quot;created_timestamp&quot;:&quot;0&quot;,&quot;copyright&quot;:&quot;&quot;,&quot;focal_length&quot;:&quot;0&quot;,&quot;iso&quot;:&quot;0&quot;,&quot;shutter_speed&quot;:&quot;0&quot;,&quot;title&quot;:&quot;&quot;,&quot;orientation&quot;:&quot;1&quot;}\" data-image-title=\"IMG_0362\" data-image-description=\"\" data-image-caption=\"\" data-medium-file=\"https:\/\/i0.wp.com\/blogdalucianaoliveira.com.br\/blog\/wp-content\/uploads\/2017\/06\/IMG_0362-1.jpg?fit=300%2C225\" data-large-file=\"https:\/\/i0.wp.com\/blogdalucianaoliveira.com.br\/blog\/wp-content\/uploads\/2017\/06\/IMG_0362-1.jpg?fit=600%2C450\" src=\"https:\/\/i0.wp.com\/blogdalucianaoliveira.com.br\/blog\/wp-content\/uploads\/2017\/06\/IMG_0362-1.jpg?resize=600%2C450\" alt=\"IMG_0362\" width=\"600\" height=\"450\" class=\"alignnone size-full wp-image-11742\" srcset=\"https:\/\/i0.wp.com\/blogdalucianaoliveira.com.br\/blog\/wp-content\/uploads\/2017\/06\/IMG_0362-1.jpg?w=1280 1280w, https:\/\/i0.wp.com\/blogdalucianaoliveira.com.br\/blog\/wp-content\/uploads\/2017\/06\/IMG_0362-1.jpg?resize=300%2C225 300w, https:\/\/i0.wp.com\/blogdalucianaoliveira.com.br\/blog\/wp-content\/uploads\/2017\/06\/IMG_0362-1.jpg?resize=768%2C576 768w, https:\/\/i0.wp.com\/blogdalucianaoliveira.com.br\/blog\/wp-content\/uploads\/2017\/06\/IMG_0362-1.jpg?resize=1024%2C768 1024w, https:\/\/i0.wp.com\/blogdalucianaoliveira.com.br\/blog\/wp-content\/uploads\/2017\/06\/IMG_0362-1.jpg?resize=400%2C300 400w, https:\/\/i0.wp.com\/blogdalucianaoliveira.com.br\/blog\/wp-content\/uploads\/2017\/06\/IMG_0362-1.jpg?w=1200 1200w\" sizes=\"auto, (max-width: 600px) 100vw, 600px\" \/><\/p>\n<p>Quando a gente para no meio do rio Madeira, num caiaque, com este por do sol, botos pra todo lado, o povo acenando nos distritos ribeirinhos, vendo a cidade do quintal, \u00e9 que percebemos o tamanho da nossa grandeza. <!--more--><\/p>\n<p>\u00c9 um privil\u00e9gio poder conviver com este rio caudaloso, um dos maiores no mundo (mais de 2.700 km de extens\u00e3o) com rica fauna e flora e vigorosa vida ribeirinha. <\/p>\n<p>\u00c9 um rio por onde trafegam mem\u00f3rias de desbravadores de v\u00e1rias nacionalidades e resistentes povos que vivem nas suas margens. <\/p>\n<p>&#8220;Chegar t\u00e3o perto da usina de Santo<br \/>\nAnt\u00f4nio remando \u00e9 como sentir o bafo da garganta de um drag\u00e3o&#8221;, diz Ernande Segismundo.<br \/>\nSer\u00e1 que nossos netos aproveitar\u00e3o os modos de viver e criar que corre nas margens desse rio? <\/p>\n<p>Lembro um trecho da pe\u00e7a Lete, do Rodrigo Vrech. <\/p>\n<p>&#8220;No in\u00edcio era um rio. S\u00f3 um rio. Veloz, violento, de \u00e1guas turvas e amadeiradas. Um rio de cachoeiras intranspon\u00edveis, que fizeram nascer ao seu redor uma ferrovia endemoniada. Um rio que alimentou a gan\u00e2ncia do garimpo, e que carrega em seus sedimentos o ouro e suas cat\u00e1strofes. Um rio de megawatts. Um rio que enfrentar\u00e1 pela primeira vez as barreiras e as barragens.&#8221;<\/p>\n<p>A for\u00e7a da cidade est\u00e1 no rio, na heran\u00e7a da natureza pra todos.<\/p>\n","protected":false},"excerpt":{"rendered":"<p>Quando a gente para no meio do rio Madeira, num caiaque, com este por do sol, botos pra todo lado, o povo acenando nos distritos ribeirinhos, vendo a cidade do quintal, \u00e9 que percebemos o tamanho da nossa grandeza.<\/p>\n","protected":false},"author":1,"featured_media":0,"comment_status":"closed","ping_status":"open","sticky":false,"template":"","format":"standard","meta":{"_exactmetrics_skip_tracking":false,"_exactmetrics_sitenote_active":false,"_exactmetrics_sitenote_note":"","_exactmetrics_sitenote_category":0,"jetpack_post_was_ever_published":false,"_jetpack_newsletter_access":"","_jetpack_dont_email_post_to_subs":false,"_jetpack_newsletter_tier_id":0,"_jetpack_memberships_contains_paywalled_content":false,"_jetpack_memberships_contains_paid_content":false,"footnotes":"","jetpack_publicize_message":"","jetpack_publicize_feature_enabled":true,"jetpack_social_post_already_shared":true,"jetpack_social_options":{"image_generator_settings":{"template":"highway","enabled":false},"version":2}},"categories":[1],"tags":[],"class_list":["post-11741","post","type-post","status-publish","format-standard","hentry","category-notas"],"jetpack_publicize_connections":[],"jetpack_sharing_enabled":true,"jetpack_featured_media_url":"","jetpack_shortlink":"https:\/\/wp.me\/p7wKYW-33n","jetpack-related-posts":[],"_links":{"self":[{"href":"http:\/\/blogdalucianaoliveira.com.br\/blog\/wp-json\/wp\/v2\/posts\/11741","targetHints":{"allow":["GET"]}}],"collection":[{"href":"http:\/\/blogdalucianaoliveira.com.br\/blog\/wp-json\/wp\/v2\/posts"}],"about":[{"href":"http:\/\/blogdalucianaoliveira.com.br\/blog\/wp-json\/wp\/v2\/types\/post"}],"author":[{"embeddable":true,"href":"http:\/\/blogdalucianaoliveira.com.br\/blog\/wp-json\/wp\/v2\/users\/1"}],"replies":[{"embeddable":true,"href":"http:\/\/blogdalucianaoliveira.com.br\/blog\/wp-json\/wp\/v2\/comments?post=11741"}],"version-history":[{"count":1,"href":"http:\/\/blogdalucianaoliveira.com.br\/blog\/wp-json\/wp\/v2\/posts\/11741\/revisions"}],"predecessor-version":[{"id":11743,"href":"http:\/\/blogdalucianaoliveira.com.br\/blog\/wp-json\/wp\/v2\/posts\/11741\/revisions\/11743"}],"wp:attachment":[{"href":"http:\/\/blogdalucianaoliveira.com.br\/blog\/wp-json\/wp\/v2\/media?parent=11741"}],"wp:term":[{"taxonomy":"category","embeddable":true,"href":"http:\/\/blogdalucianaoliveira.com.br\/blog\/wp-json\/wp\/v2\/categories?post=11741"},{"taxonomy":"post_tag","embeddable":true,"href":"http:\/\/blogdalucianaoliveira.com.br\/blog\/wp-json\/wp\/v2\/tags?post=11741"}],"curies":[{"name":"wp","href":"https:\/\/api.w.org\/{rel}","templated":true}]}}