{"id":11747,"date":"2017-06-26T08:37:37","date_gmt":"2017-06-26T12:37:37","guid":{"rendered":"http:\/\/blogdalucianaoliveira.com.br\/blog\/?p=11747"},"modified":"2017-06-26T08:37:37","modified_gmt":"2017-06-26T12:37:37","slug":"centrais-mantem-mobilizacao-para-o-dia-30-contra-reformas","status":"publish","type":"post","link":"http:\/\/blogdalucianaoliveira.com.br\/blog\/2017\/06\/26\/centrais-mantem-mobilizacao-para-o-dia-30-contra-reformas\/","title":{"rendered":"Centrais mant\u00eam mobiliza\u00e7\u00e3o para o dia 30 contra reformas"},"content":{"rendered":"<p><img data-recalc-dims=\"1\" loading=\"lazy\" decoding=\"async\" data-attachment-id=\"11748\" data-permalink=\"http:\/\/blogdalucianaoliveira.com.br\/blog\/2017\/06\/26\/centrais-mantem-mobilizacao-para-o-dia-30-contra-reformas\/cen-2\/\" data-orig-file=\"https:\/\/i0.wp.com\/blogdalucianaoliveira.com.br\/blog\/wp-content\/uploads\/2017\/06\/cen.jpg?fit=640%2C402\" data-orig-size=\"640,402\" data-comments-opened=\"0\" data-image-meta=\"{&quot;aperture&quot;:&quot;0&quot;,&quot;credit&quot;:&quot;&quot;,&quot;camera&quot;:&quot;&quot;,&quot;caption&quot;:&quot;&quot;,&quot;created_timestamp&quot;:&quot;0&quot;,&quot;copyright&quot;:&quot;&quot;,&quot;focal_length&quot;:&quot;0&quot;,&quot;iso&quot;:&quot;0&quot;,&quot;shutter_speed&quot;:&quot;0&quot;,&quot;title&quot;:&quot;&quot;,&quot;orientation&quot;:&quot;0&quot;}\" data-image-title=\"cen\" data-image-description=\"\" data-image-caption=\"\" data-medium-file=\"https:\/\/i0.wp.com\/blogdalucianaoliveira.com.br\/blog\/wp-content\/uploads\/2017\/06\/cen.jpg?fit=300%2C188\" data-large-file=\"https:\/\/i0.wp.com\/blogdalucianaoliveira.com.br\/blog\/wp-content\/uploads\/2017\/06\/cen.jpg?fit=600%2C377\" src=\"https:\/\/i0.wp.com\/blogdalucianaoliveira.com.br\/blog\/wp-content\/uploads\/2017\/06\/cen.jpg?resize=600%2C377\" alt=\"cen\" width=\"600\" height=\"377\" class=\"alignnone size-full wp-image-11748\" srcset=\"https:\/\/i0.wp.com\/blogdalucianaoliveira.com.br\/blog\/wp-content\/uploads\/2017\/06\/cen.jpg?w=640 640w, https:\/\/i0.wp.com\/blogdalucianaoliveira.com.br\/blog\/wp-content\/uploads\/2017\/06\/cen.jpg?resize=300%2C188 300w, https:\/\/i0.wp.com\/blogdalucianaoliveira.com.br\/blog\/wp-content\/uploads\/2017\/06\/cen.jpg?resize=478%2C300 478w\" sizes=\"auto, (max-width: 600px) 100vw, 600px\" \/><\/p>\n<p>Entidades n\u00e3o usam o termo &#8220;greve geral&#8221;, mas adotam o slogan &#8220;parar o pa\u00eds&#8221; contra propostas do governo<!--more--><\/p>\n<p>Vitor Nuzzi<br \/>\nRede Brasil Atual<\/p>\n<p>As centrais sindicais confirmaram na \u00faltima sexta-feira (23) que estar\u00e3o nas ruas no dia 30 de junho contra as reformas do governo Temer, mas sem adotar o termo &#8220;greve geral&#8221;. Em nota (leia abaixo), nove centrais, que se reuniram na sede do Dieese, em S\u00e3o Paulo, reafirmam disposi\u00e7\u00e3o de &#8220;parar o Brasil&#8221;. A reuni\u00e3o teve a presen\u00e7a de representantes do Movimento dos Trabalhadores Rurais Sem Terra (MST).<\/p>\n<p>No in\u00edcio da semana que vem, os presidentes das entidades pretendem se reunir com l\u00edderes partid\u00e1rios no Senado, onde tramita o PLC 38, de &#8220;reforma&#8221; da legisla\u00e7\u00e3o trabalhista. Depois de passar por duas comiss\u00f5es, o texto est\u00e1 agora na Comiss\u00e3o de Constitui\u00e7\u00e3o, Justi\u00e7a e Cidadania (CCJ) da Casa e dever\u00e1 ser votado na ter\u00e7a-feira. As centrais destacaram a vit\u00f3ria obtida na Comiss\u00e3o de Assuntos Sociais (CAS), onde o relat\u00f3rio governista foi derrotado, mas observam que tanto a reforma trabalhista como a da Previd\u00eancia, na C\u00e2mara, ainda n\u00e3o foram &#8220;enterradas&#8221;. <\/p>\n<p>Em pouco mais de duas horas de reuni\u00e3o, nesta tarde, dirigentes mostraram vis\u00f5es diferentes quanto ao formato do dia 30, que chegou a ter indicativo de greve geral e assim foi divulgado em algumas categorias. Prevaleceu a vis\u00e3o de que \u00e9 melhor organizar manifesta\u00e7\u00f5es e preparar, conforme a conjuntura, um movimento de propor\u00e7\u00e3o maior no segundo semestre. A tend\u00eancia \u00e9 de que a sexta que vem tenha  paralisa\u00e7\u00f5es pontuais, sem interrup\u00e7\u00e3o do transporte coletivo. &#8220;Estamos certos de que a unidade de a\u00e7\u00e3o \u00e9 crucial na luta sindical sobretudo em momentos conturbados como o que atravessamos&#8221;, afirmam as centrais.<\/p>\n<p>Nesta semana, sindicalistas de v\u00e1rios sindicatos ligados ao setor de transporte participaram de uma plen\u00e1ria em S\u00e3o Paulo, para discutir uma poss\u00edvel ades\u00e3o ao movimento. &#8220;Acredito que temos uma dificuldade real&#8221;, observou o presidente da Nova Central no estado, Luiz Gon\u00e7alves, o Luizinho, observando que os trabalhadores t\u00eam disposi\u00e7\u00e3o de parar, mas o movimento est\u00e1 vinculado \u00e0 agenda do Congresso Nacional, onde s\u00e3o discutidas as reformas.<\/p>\n<p>Na quinta-feira (22), os metrovi\u00e1rios de S\u00e3o Paulo fizeram assembleia e aprovaram indicativo favor\u00e1vel \u00e0 participa\u00e7\u00e3o no dia 30. Mas a defini\u00e7\u00e3o sair\u00e1 de nova assembleia, marcada para a v\u00e9spera.<\/p>\n<p>&#8220;A UGT vai jogar pesado na mobiliza\u00e7\u00e3o, parando categorias&#8221;, afirmou durante a reuni\u00e3o o secret\u00e1rio-geral da entidade, Francisco Canind\u00e9 Pegado. &#8220;A vit\u00f3ria que tivemos (na CAS do Senado), ainda que parcial, d\u00e1 mais \u00e2nimo&#8221;, disse Luiz Carlos Prates, o Mancha, da coordena\u00e7\u00e3o nacional da CSP-Conlutas.<\/p>\n<p>&#8220;O governo tentou ensaiar uma recupera\u00e7\u00e3o econ\u00f4mica do Brasil&#8221;, comentou o presidente da CGTB, Ubiraci Dantas de Oliveira, o Bira, acrescentando que apenas do \u00faltimo trimestre do ano passado para o primeiro deste ano o pa\u00eds teve acr\u00e9scimo de 1,1 milh\u00e3o de desempregados, para um total recorde de 14 milh\u00f5es. &#8220;Na nossa opini\u00e3o, o governo Temer est\u00e1 caindo pelas tabelas. A press\u00e3o se faz na medida em que as ruas gritam.&#8221;<\/p>\n<p>&#8220;Estamos vivendo um per\u00edodo de grandes jornadas de luta&#8221;, disse o vice-presidente da CTB Nivaldo Santana. A central est\u00e1 realizando congressos estaduais, preparando-se para o encontro nacional de 24 a 26 de agosto, em Salvador. &#8220;A orienta\u00e7\u00e3o da CTB tem sido bastante clara: participar das jornadas de junho&#8221;, lembrou Nivaldo, para quem o foco da discuss\u00e3o n\u00e3o \u00e9 saber que o ato do dia 30 ser\u00e1 maior que o de 28 de abril, mas manter a press\u00e3o contra as reformas e o governo.<\/p>\n<p>O secret\u00e1rio-geral da CUT, S\u00e9rgio Nobre, avalia que h\u00e1 categorias mais e outras um pouco menos organizadas para uma paralisa\u00e7\u00e3o. Segundo ele, \u00e9 preciso manter a mobiliza\u00e7\u00e3o e aguardar as vota\u00e7\u00f5es no Congresso, acompanhando a agenda do parlamento. Na semana que vem, ser\u00e3o mantidas atividades nos aeroportos e nas bases eleitorais dos senadores. &#8220;Nossa vit\u00f3ria na comiss\u00e3o que analisou a reforma trabalhista foi simb\u00f3lica e isso nos anima. Hoje, temos certeza que podemos vencer e derrotar a reforma.&#8221;<\/p>\n<p>Para o secret\u00e1rio-geral da For\u00e7a Sindical, Jo\u00e3o Carlos Gon\u00e7alves, o Juruna, a greve geral \u00e9 um trunfo que deve ser guardado &#8220;para um momento mais prop\u00edcio&#8221;. O importante, segundo ele, &#8220;\u00e9 que haja uma articula\u00e7\u00e3o geral de paralisa\u00e7\u00e3o e que os sindicatos demonstrem sua contrariedade com as reformas&#8221;. Parte das centrais tenta negociar com o governo medidas que reparem, em alguma medida, preju\u00edzos causados pela reforma trabalhista, caso aprovada. <\/p>\n<p>As centrais voltar\u00e3o a se reunir na primeira semana de julho.<\/p>\n<p>Confira a nota das centrais sindicais:<\/p>\n<p>Dia 30 de junho &#8211; Vamos parar o Brasil contra a reforma trabalhista, em defesa dos direitos e da aposentadoria<\/p>\n<p>As Centrais Sindicais t\u00eam acompanhado cotidianamente os desdobramentos da crise econ\u00f4mica, pol\u00edtica e social, bem como a mais ampla e profunda tentativa de retirada dos direitos dos trabalhadores, atrav\u00e9s da tramita\u00e7\u00e3o das Reformas Trabalhista e da Previd\u00eancia no Congresso Nacional.<\/p>\n<p>A a\u00e7\u00e3o unit\u00e1ria das Centrais Sindicais tem resultado em uma grande mobiliza\u00e7\u00e3o em todos os cantos do pa\u00eds, como vimos nos dias 08 de mar\u00e7o, 15 de mar\u00e7o, na Greve Geral de 28 de abril e no Ocupa Bras\u00edlia em 24 de maio. Como resultado do amplo debate com a sociedade e das mobiliza\u00e7\u00f5es, conseguimos frear a tramita\u00e7\u00e3o da Reforma da Previd\u00eancia e tivemos uma primeira vit\u00f3ria na Reforma trabalhista, com a reprova\u00e7\u00e3o na CAS (Comiss\u00e3o de Assuntos Econ\u00f4micos do Senado).<\/p>\n<p>Mas ainda n\u00e3o enterramos essas duas reformas, e por esse motivo, continuamos em luta. Nesse contexto, as Centrais Sindicais reunidas no dia de hoje conclamam todas as entidades de trabalhadores a construir o dia 30 de junho de 2017 e o seguinte calend\u00e1rio de luta:<\/p>\n<p>\u2022 27 de junho: audi\u00eancia dos Presidentes das Centrais Sindicais no Senado<\/p>\n<p>\u2022 27 a 29 de junho: atividades nos aeroportos, nas bases dos senadores e no Senado<\/p>\n<p>\u2022 30 de junho: Vamos parar o Brasil contra a reforma trabalhista, em defesa dos direitos e da aposentadoria<\/p>\n<p>\u2022 No dia da Vota\u00e7\u00e3o da Reforma Trabalhista no Senado: mobiliza\u00e7\u00e3o em Bras\u00edlia.<\/p>\n<p>Estamos certos de que a unidade de a\u00e7\u00e3o \u00e9 crucial na luta sindical sobretudo em momentos conturbados como o que atravessamos.<\/p>\n<p>CGTB \u2013 Central Geral dos Trabalhadores do Brasil <\/p>\n<p>CSB \u2013 Central dos Sindicatos Brasileiros <\/p>\n<p>CSP Conlutas \u2013 Central Sindical e Popular <\/p>\n<p>CTB \u2013 Central dos Trabalhadores e Trabalhadoras do Brasil <\/p>\n<p>CUT \u2013 Central \u00danica dos Trabalhares<\/p>\n<p>For\u00e7a Sindical<\/p>\n<p>Intersindical \u2013 Central da Classe Trabalhadora <\/p>\n<p>NCST \u2013 Nova Central Sindical de Trabalhadores <\/p>\n<p>UGT \u2013 Uni\u00e3o Geral dos Trabalhadores<\/p>\n<p>Edi\u00e7\u00e3o: RBA<\/p>\n","protected":false},"excerpt":{"rendered":"<p>Entidades n\u00e3o usam o termo &#8220;greve geral&#8221;, mas adotam o slogan &#8220;parar o pa\u00eds&#8221; contra propostas do governo<\/p>\n","protected":false},"author":1,"featured_media":0,"comment_status":"closed","ping_status":"open","sticky":false,"template":"","format":"standard","meta":{"_exactmetrics_skip_tracking":false,"_exactmetrics_sitenote_active":false,"_exactmetrics_sitenote_note":"","_exactmetrics_sitenote_category":0,"jetpack_post_was_ever_published":false,"_jetpack_newsletter_access":"","_jetpack_dont_email_post_to_subs":false,"_jetpack_newsletter_tier_id":0,"_jetpack_memberships_contains_paywalled_content":false,"_jetpack_memberships_contains_paid_content":false,"footnotes":"","jetpack_publicize_message":"","jetpack_publicize_feature_enabled":true,"jetpack_social_post_already_shared":true,"jetpack_social_options":{"image_generator_settings":{"template":"highway","enabled":false},"version":2}},"categories":[1],"tags":[],"class_list":["post-11747","post","type-post","status-publish","format-standard","hentry","category-notas"],"jetpack_publicize_connections":[],"jetpack_sharing_enabled":true,"jetpack_featured_media_url":"","jetpack_shortlink":"https:\/\/wp.me\/p7wKYW-33t","jetpack-related-posts":[],"_links":{"self":[{"href":"http:\/\/blogdalucianaoliveira.com.br\/blog\/wp-json\/wp\/v2\/posts\/11747","targetHints":{"allow":["GET"]}}],"collection":[{"href":"http:\/\/blogdalucianaoliveira.com.br\/blog\/wp-json\/wp\/v2\/posts"}],"about":[{"href":"http:\/\/blogdalucianaoliveira.com.br\/blog\/wp-json\/wp\/v2\/types\/post"}],"author":[{"embeddable":true,"href":"http:\/\/blogdalucianaoliveira.com.br\/blog\/wp-json\/wp\/v2\/users\/1"}],"replies":[{"embeddable":true,"href":"http:\/\/blogdalucianaoliveira.com.br\/blog\/wp-json\/wp\/v2\/comments?post=11747"}],"version-history":[{"count":1,"href":"http:\/\/blogdalucianaoliveira.com.br\/blog\/wp-json\/wp\/v2\/posts\/11747\/revisions"}],"predecessor-version":[{"id":11749,"href":"http:\/\/blogdalucianaoliveira.com.br\/blog\/wp-json\/wp\/v2\/posts\/11747\/revisions\/11749"}],"wp:attachment":[{"href":"http:\/\/blogdalucianaoliveira.com.br\/blog\/wp-json\/wp\/v2\/media?parent=11747"}],"wp:term":[{"taxonomy":"category","embeddable":true,"href":"http:\/\/blogdalucianaoliveira.com.br\/blog\/wp-json\/wp\/v2\/categories?post=11747"},{"taxonomy":"post_tag","embeddable":true,"href":"http:\/\/blogdalucianaoliveira.com.br\/blog\/wp-json\/wp\/v2\/tags?post=11747"}],"curies":[{"name":"wp","href":"https:\/\/api.w.org\/{rel}","templated":true}]}}