{"id":11750,"date":"2017-06-26T08:45:10","date_gmt":"2017-06-26T12:45:10","guid":{"rendered":"http:\/\/blogdalucianaoliveira.com.br\/blog\/?p=11750"},"modified":"2017-06-26T08:45:10","modified_gmt":"2017-06-26T12:45:10","slug":"a-democracia-e-confusa-mas-e-a-unica-opcao-para-o-brasileiro-nao-otario","status":"publish","type":"post","link":"http:\/\/blogdalucianaoliveira.com.br\/blog\/2017\/06\/26\/a-democracia-e-confusa-mas-e-a-unica-opcao-para-o-brasileiro-nao-otario\/","title":{"rendered":"A democracia \u00e9 confusa, mas \u00e9 a \u00fanica op\u00e7\u00e3o para o brasileiro n\u00e3o ot\u00e1rio"},"content":{"rendered":"<p><img data-recalc-dims=\"1\" loading=\"lazy\" decoding=\"async\" data-attachment-id=\"11751\" data-permalink=\"http:\/\/blogdalucianaoliveira.com.br\/blog\/2017\/06\/26\/a-democracia-e-confusa-mas-e-a-unica-opcao-para-o-brasileiro-nao-otario\/democracia-representativa-foto\/\" data-orig-file=\"https:\/\/i0.wp.com\/blogdalucianaoliveira.com.br\/blog\/wp-content\/uploads\/2017\/06\/democracia-representativa-foto.jpg?fit=648%2C400\" data-orig-size=\"648,400\" data-comments-opened=\"0\" data-image-meta=\"{&quot;aperture&quot;:&quot;0&quot;,&quot;credit&quot;:&quot;&quot;,&quot;camera&quot;:&quot;&quot;,&quot;caption&quot;:&quot;&quot;,&quot;created_timestamp&quot;:&quot;0&quot;,&quot;copyright&quot;:&quot;&quot;,&quot;focal_length&quot;:&quot;0&quot;,&quot;iso&quot;:&quot;0&quot;,&quot;shutter_speed&quot;:&quot;0&quot;,&quot;title&quot;:&quot;&quot;,&quot;orientation&quot;:&quot;0&quot;}\" data-image-title=\"democracia-representativa-foto\" data-image-description=\"\" data-image-caption=\"\" data-medium-file=\"https:\/\/i0.wp.com\/blogdalucianaoliveira.com.br\/blog\/wp-content\/uploads\/2017\/06\/democracia-representativa-foto.jpg?fit=300%2C185\" data-large-file=\"https:\/\/i0.wp.com\/blogdalucianaoliveira.com.br\/blog\/wp-content\/uploads\/2017\/06\/democracia-representativa-foto.jpg?fit=600%2C370\" src=\"https:\/\/i0.wp.com\/blogdalucianaoliveira.com.br\/blog\/wp-content\/uploads\/2017\/06\/democracia-representativa-foto.jpg?resize=600%2C370\" alt=\"democracia-representativa-foto\" width=\"600\" height=\"370\" class=\"alignnone size-full wp-image-11751\" srcset=\"https:\/\/i0.wp.com\/blogdalucianaoliveira.com.br\/blog\/wp-content\/uploads\/2017\/06\/democracia-representativa-foto.jpg?w=648 648w, https:\/\/i0.wp.com\/blogdalucianaoliveira.com.br\/blog\/wp-content\/uploads\/2017\/06\/democracia-representativa-foto.jpg?resize=300%2C185 300w, https:\/\/i0.wp.com\/blogdalucianaoliveira.com.br\/blog\/wp-content\/uploads\/2017\/06\/democracia-representativa-foto.jpg?resize=486%2C300 486w\" sizes=\"auto, (max-width: 600px) 100vw, 600px\" \/><\/p>\n<p>No Almanaqueiras, por Celso Rocha de Barros <\/p>\n<p>O quadro pol\u00edtico brasileiro se deteriora lenta e sonambulamente, sem enfrentar resist\u00eancia das ruas. Mas h\u00e1 um grande momento da verdade chegando, as elei\u00e7\u00f5es de 2018.<!--more--><\/p>\n<p>Pela primeira vez desde o impeachment, a opini\u00e3o do eleitor voltar\u00e1 a ter import\u00e2ncia. O eleitorado \u00e9 fortemente pr\u00f3-Lava Jato. As reformas econ\u00f4micas tamb\u00e9m ter\u00e3o que ser temperadas com concess\u00f5es ou promessas cr\u00edveis de crescimento robusto. N\u00e3o ser\u00e1 f\u00e1cil conduzir a pol\u00edtica em 2018 s\u00f3 em gabinetes de Bras\u00edlia e congressos empresariais, como ela foi conduzida desde 2015.<\/p>\n<p>Mas 2018 ser\u00e1 mesmo uma ruptura? \u00c9 dif\u00edcil saber, e \u00e9 aconselh\u00e1vel administrar bem as expectativas.<\/p>\n<p>A situa\u00e7\u00e3o atual brasileira \u00e9 uma esp\u00e9cie de transi\u00e7\u00e3o de sistema econ\u00f4mico, de um capitalismo de compadrio para sabe-se-l\u00e1-o-qu\u00ea. Nenhuma transi\u00e7\u00e3o desse tipo rompeu inteiramente com os quadros do antigo regime de uma hora para outra. Mesmo que haja uma renova\u00e7\u00e3o, quadros do velho fisiologismo continuar\u00e3o importantes, e ser\u00e1 necess\u00e1rio tentar converter gente que come\u00e7ou na pol\u00edtica como picareta \u00e0s novas regras.<\/p>\n<p>O crucial \u00e9 que as novas regras sejam, de fato, implantadas, e que as investiga\u00e7\u00f5es (e puni\u00e7\u00f5es) n\u00e3o parem.<\/p>\n<p>No caso das transi\u00e7\u00f5es p\u00f3s-comunistas, o cientista pol\u00edtico Joel Hellman apontou para o risco da sub-reforma, que foi o que acabou prevalecendo na regi\u00e3o da antiga Uni\u00e3o Sovi\u00e9tica (mas n\u00e3o em outros pa\u00edses p\u00f3s-comunistas): os vencedores da primeira rodada de reformas podem parar o processo no meio, enquanto est\u00e3o ganhando.<\/p>\n<p>Se, como resultado da Lava Jato, algo como um grande PMDB passar a governar o Brasil, teremos ficado presos na armadilha da sub-reforma. \u00c9 not\u00e1vel, ali\u00e1s, como a crise de PT e PSDB fortaleceu muito mais as velhas estruturas que os parasitavam do que alternativas reais e mais modernas.<br \/>\nMas digamos que, em 2018, um programa de renova\u00e7\u00e3o ven\u00e7a. O novo governo precisar\u00e1 formar uma coaliz\u00e3o para governar. Com que apoio no Congresso, entre governadores e prefeitos, entre empres\u00e1rios e sindicatos, administrar\u00e1 o pa\u00eds? \u00c9 absolutamente imposs\u00edvel que toda essa gente passe imediatamente para a \u00f3rbita do outsider (podem, \u00e9 claro, mentir que passaram).<\/p>\n<p>Devemos, portanto, estar prontos para administrar uma s\u00e9rie de equil\u00edbrios tempor\u00e1rios entre o velho fisiologismo e a renova\u00e7\u00e3o pol\u00edtica. Isso, ali\u00e1s, tamb\u00e9m \u00e9 verdade caso PT e PSDB se renovem por troca de gera\u00e7\u00f5es. A esperan\u00e7a \u00e9 que cada equil\u00edbrio seja mais favor\u00e1vel \u00e0 renova\u00e7\u00e3o do que o anterior, e que o processo ande t\u00e3o r\u00e1pido quanto poss\u00edvel.<\/p>\n<p>O primeiro crit\u00e9rio para votar bem em 2018 \u00e9, portanto, escolher algu\u00e9m disposto a administrar essa tens\u00e3o dentro das regras democr\u00e1ticas. Votar no sujeito que vai quebrar tudo que est\u00e1 a\u00ed costuma ser votar pela \u00faltima vez. A democracia \u00e9 bagun\u00e7ada e confusa, mas \u00e9 a \u00fanica op\u00e7\u00e3o dispon\u00edvel para o brasileiro n\u00e3o ot\u00e1rio. S\u00f3 na democracia ju\u00edzes e policiais trabalham sem medo do governo.<\/p>\n<p>A transi\u00e7\u00e3o para al\u00e9m do capitalismo de compadrio pode ser dif\u00edcil, mas \u00e9 exatamente a que precisa ser feita no Brasil. Se estivermos falando s\u00e9rio sobre construir um pa\u00eds desenvolvido, precisaremos administr\u00e1-la como adultos. Se, sob Temer, o risco \u00e9 nossa apatia, no p\u00f3s-Temer o risco pode ser o excesso de expectativas.<\/p>\n","protected":false},"excerpt":{"rendered":"<p>No Almanaqueiras, por Celso Rocha de Barros O quadro pol\u00edtico brasileiro se deteriora lenta e sonambulamente, sem enfrentar resist\u00eancia das ruas. Mas h\u00e1 um grande momento da verdade chegando, as elei\u00e7\u00f5es de 2018.<\/p>\n","protected":false},"author":1,"featured_media":0,"comment_status":"closed","ping_status":"open","sticky":false,"template":"","format":"standard","meta":{"_exactmetrics_skip_tracking":false,"_exactmetrics_sitenote_active":false,"_exactmetrics_sitenote_note":"","_exactmetrics_sitenote_category":0,"jetpack_post_was_ever_published":false,"_jetpack_newsletter_access":"","_jetpack_dont_email_post_to_subs":false,"_jetpack_newsletter_tier_id":0,"_jetpack_memberships_contains_paywalled_content":false,"_jetpack_memberships_contains_paid_content":false,"footnotes":"","jetpack_publicize_message":"","jetpack_publicize_feature_enabled":true,"jetpack_social_post_already_shared":true,"jetpack_social_options":{"image_generator_settings":{"template":"highway","enabled":false},"version":2}},"categories":[1],"tags":[],"class_list":["post-11750","post","type-post","status-publish","format-standard","hentry","category-notas"],"jetpack_publicize_connections":[],"jetpack_sharing_enabled":true,"jetpack_featured_media_url":"","jetpack_shortlink":"https:\/\/wp.me\/p7wKYW-33w","jetpack-related-posts":[],"_links":{"self":[{"href":"http:\/\/blogdalucianaoliveira.com.br\/blog\/wp-json\/wp\/v2\/posts\/11750","targetHints":{"allow":["GET"]}}],"collection":[{"href":"http:\/\/blogdalucianaoliveira.com.br\/blog\/wp-json\/wp\/v2\/posts"}],"about":[{"href":"http:\/\/blogdalucianaoliveira.com.br\/blog\/wp-json\/wp\/v2\/types\/post"}],"author":[{"embeddable":true,"href":"http:\/\/blogdalucianaoliveira.com.br\/blog\/wp-json\/wp\/v2\/users\/1"}],"replies":[{"embeddable":true,"href":"http:\/\/blogdalucianaoliveira.com.br\/blog\/wp-json\/wp\/v2\/comments?post=11750"}],"version-history":[{"count":1,"href":"http:\/\/blogdalucianaoliveira.com.br\/blog\/wp-json\/wp\/v2\/posts\/11750\/revisions"}],"predecessor-version":[{"id":11752,"href":"http:\/\/blogdalucianaoliveira.com.br\/blog\/wp-json\/wp\/v2\/posts\/11750\/revisions\/11752"}],"wp:attachment":[{"href":"http:\/\/blogdalucianaoliveira.com.br\/blog\/wp-json\/wp\/v2\/media?parent=11750"}],"wp:term":[{"taxonomy":"category","embeddable":true,"href":"http:\/\/blogdalucianaoliveira.com.br\/blog\/wp-json\/wp\/v2\/categories?post=11750"},{"taxonomy":"post_tag","embeddable":true,"href":"http:\/\/blogdalucianaoliveira.com.br\/blog\/wp-json\/wp\/v2\/tags?post=11750"}],"curies":[{"name":"wp","href":"https:\/\/api.w.org\/{rel}","templated":true}]}}