{"id":11753,"date":"2017-06-26T08:47:33","date_gmt":"2017-06-26T12:47:33","guid":{"rendered":"http:\/\/blogdalucianaoliveira.com.br\/blog\/?p=11753"},"modified":"2017-06-26T08:47:33","modified_gmt":"2017-06-26T12:47:33","slug":"confirmado-fhc-tem-medo-do-povo","status":"publish","type":"post","link":"http:\/\/blogdalucianaoliveira.com.br\/blog\/2017\/06\/26\/confirmado-fhc-tem-medo-do-povo\/","title":{"rendered":"Confirmado: FHC tem medo do povo"},"content":{"rendered":"<p><img data-recalc-dims=\"1\" loading=\"lazy\" decoding=\"async\" data-attachment-id=\"11754\" data-permalink=\"http:\/\/blogdalucianaoliveira.com.br\/blog\/2017\/06\/26\/confirmado-fhc-tem-medo-do-povo\/f\/\" data-orig-file=\"https:\/\/i0.wp.com\/blogdalucianaoliveira.com.br\/blog\/wp-content\/uploads\/2017\/06\/f.jpg?fit=490%2C280\" data-orig-size=\"490,280\" data-comments-opened=\"0\" data-image-meta=\"{&quot;aperture&quot;:&quot;0&quot;,&quot;credit&quot;:&quot;&quot;,&quot;camera&quot;:&quot;&quot;,&quot;caption&quot;:&quot;&quot;,&quot;created_timestamp&quot;:&quot;0&quot;,&quot;copyright&quot;:&quot;&quot;,&quot;focal_length&quot;:&quot;0&quot;,&quot;iso&quot;:&quot;0&quot;,&quot;shutter_speed&quot;:&quot;0&quot;,&quot;title&quot;:&quot;&quot;,&quot;orientation&quot;:&quot;0&quot;}\" data-image-title=\"f\" data-image-description=\"\" data-image-caption=\"\" data-medium-file=\"https:\/\/i0.wp.com\/blogdalucianaoliveira.com.br\/blog\/wp-content\/uploads\/2017\/06\/f.jpg?fit=300%2C171\" data-large-file=\"https:\/\/i0.wp.com\/blogdalucianaoliveira.com.br\/blog\/wp-content\/uploads\/2017\/06\/f.jpg?fit=490%2C280\" src=\"https:\/\/i0.wp.com\/blogdalucianaoliveira.com.br\/blog\/wp-content\/uploads\/2017\/06\/f.jpg?resize=490%2C280\" alt=\"f\" width=\"490\" height=\"280\" class=\"alignnone size-full wp-image-11754\" srcset=\"https:\/\/i0.wp.com\/blogdalucianaoliveira.com.br\/blog\/wp-content\/uploads\/2017\/06\/f.jpg?w=490 490w, https:\/\/i0.wp.com\/blogdalucianaoliveira.com.br\/blog\/wp-content\/uploads\/2017\/06\/f.jpg?resize=300%2C171 300w\" sizes=\"auto, (max-width: 490px) 100vw, 490px\" \/><\/p>\n<p>No 247, por Paulo Moreira<\/p>\n<p>Fernando Henrique Cardoso tem toda raz\u00e3o ao repetir, em artigo de hoje na Folha, que \u00e9 preciso antecipar elei\u00e7\u00f5es diretas para presidente.<!--more--><\/p>\n<p> Mas est\u00e1 inteiramente errado em resumir essa proposta a um apelo para que Michel Temer renuncie ao cargo, abrindo caminho para diretas-j\u00e1. FHC \u00e9 o primeiro a saber que isso n\u00e3o vai acontecer.<\/p>\n<p> Apresentando a renuncia como a \u00fanica sa\u00edda poss\u00edvel, Fernando Henrique assume a postura de quem deixa o destino da democracia nas m\u00e3os de Temer &#8212; e s\u00f3 dele. <\/p>\n<p>  Faz mais. Diz que &#8220;qualquer tentativa&#8221; para se interromper o mandato previsto para encerrar-se em janeiro de 2019 &#8220;soar\u00e1 como golpe.&#8221; Ou seja: n\u00e3o vale nem a batalha legal e leg\u00edtima de aprovar uma emenda no Congresso, iniciativa em curso h\u00e1 muito tempo, inclusive por aliados de longa data do PSDB. <\/p>\n<p>   Sua raz\u00e3o para a ren\u00fancia envolve a preserva\u00e7\u00e3o das for\u00e7as pol\u00edticas onde costuma se situar &#8212; aquelas que gostam de se definir como &#8220;de centro.&#8221;<\/p>\n<p>   Lembrando o custo eleitoral e pol\u00edtico das reformas de Temer-Meirelles que o PSDB e o PMDB carregam no Congresso, revela receio pela desapari\u00e7\u00e3o do &#8220;centro pol\u00edtico&#8221;, que correria o risco de ser esmagado num ambiente &#8220;entre dois extremos, \u00e0 esquerda e \u00e0 direita.&#8221; Fica a ideia, assim, de que fazer elei\u00e7\u00f5es mais cedo seria \u00fatil para preservar os poss\u00edveis Macrons brasileiros. <\/p>\n<p>    O problema real \u00e9 pr\u00e1tico. Ren\u00fancia \u00e9 muito boa para quem pede e n\u00e3o para quem faz.<\/p>\n<p>    Nenhum presidente renuncia ao cargo pelo desejo levar o pa\u00eds por &#8220;um caminho mais venturoso&#8221;, como sugere FHC a Temer. <\/p>\n<p>    Muito menos quando a sa\u00edda do Pal\u00e1cio pode implicar em problemas com a Justi\u00e7a. Neste caso, a porta dos fundos se abre em troca de um acordo pol\u00edtico.<\/p>\n<p>   Cercado pelo pa\u00eds inteiro, Richard Nixon assinou a ren\u00fancia, em 1974, em troca de um indulto negociado com o  sucessor Gerald Ford. O acordo n\u00e3o s\u00f3  encerrou todas as investiga\u00e7\u00f5es que Nixon j\u00e1 enfrentava como ainda proibiu que se apurassem fatos novos que surgissem no futuro.<\/p>\n<p>    Descartando um pacto dessa natureza no Brasil de 2017, resta a luta popular, term\u00f4metro da vontade do povo.  Trata-se da escolha necess\u00e1ria,  que envolve a mobiliza\u00e7\u00e3o de interesses majorit\u00e1rios, que tem muito a exibir num pa\u00eds que enfrenta um desemprego de 14 milh\u00f5es na pior recess\u00e3o da hist\u00f3ria.  <\/p>\n<p>    Essa \u00e9 a for\u00e7a que faz a democracia de todo o pa\u00eds e seus movimentos sempre inquietaram aqueles que tem algo a perder quando come\u00e7a a se mover. <\/p>\n<p>    O resto \u00e9 discurso.  <\/p>\n","protected":false},"excerpt":{"rendered":"<p>No 247, por Paulo Moreira Fernando Henrique Cardoso tem toda raz\u00e3o ao repetir, em artigo de hoje na Folha, que \u00e9 preciso antecipar elei\u00e7\u00f5es diretas para presidente.<\/p>\n","protected":false},"author":1,"featured_media":0,"comment_status":"closed","ping_status":"open","sticky":false,"template":"","format":"standard","meta":{"_exactmetrics_skip_tracking":false,"_exactmetrics_sitenote_active":false,"_exactmetrics_sitenote_note":"","_exactmetrics_sitenote_category":0,"jetpack_post_was_ever_published":false,"_jetpack_newsletter_access":"","_jetpack_dont_email_post_to_subs":false,"_jetpack_newsletter_tier_id":0,"_jetpack_memberships_contains_paywalled_content":false,"_jetpack_memberships_contains_paid_content":false,"footnotes":"","jetpack_publicize_message":"","jetpack_publicize_feature_enabled":true,"jetpack_social_post_already_shared":true,"jetpack_social_options":{"image_generator_settings":{"template":"highway","enabled":false},"version":2}},"categories":[1],"tags":[],"class_list":["post-11753","post","type-post","status-publish","format-standard","hentry","category-notas"],"jetpack_publicize_connections":[],"jetpack_sharing_enabled":true,"jetpack_featured_media_url":"","jetpack_shortlink":"https:\/\/wp.me\/p7wKYW-33z","jetpack-related-posts":[],"_links":{"self":[{"href":"http:\/\/blogdalucianaoliveira.com.br\/blog\/wp-json\/wp\/v2\/posts\/11753","targetHints":{"allow":["GET"]}}],"collection":[{"href":"http:\/\/blogdalucianaoliveira.com.br\/blog\/wp-json\/wp\/v2\/posts"}],"about":[{"href":"http:\/\/blogdalucianaoliveira.com.br\/blog\/wp-json\/wp\/v2\/types\/post"}],"author":[{"embeddable":true,"href":"http:\/\/blogdalucianaoliveira.com.br\/blog\/wp-json\/wp\/v2\/users\/1"}],"replies":[{"embeddable":true,"href":"http:\/\/blogdalucianaoliveira.com.br\/blog\/wp-json\/wp\/v2\/comments?post=11753"}],"version-history":[{"count":1,"href":"http:\/\/blogdalucianaoliveira.com.br\/blog\/wp-json\/wp\/v2\/posts\/11753\/revisions"}],"predecessor-version":[{"id":11755,"href":"http:\/\/blogdalucianaoliveira.com.br\/blog\/wp-json\/wp\/v2\/posts\/11753\/revisions\/11755"}],"wp:attachment":[{"href":"http:\/\/blogdalucianaoliveira.com.br\/blog\/wp-json\/wp\/v2\/media?parent=11753"}],"wp:term":[{"taxonomy":"category","embeddable":true,"href":"http:\/\/blogdalucianaoliveira.com.br\/blog\/wp-json\/wp\/v2\/categories?post=11753"},{"taxonomy":"post_tag","embeddable":true,"href":"http:\/\/blogdalucianaoliveira.com.br\/blog\/wp-json\/wp\/v2\/tags?post=11753"}],"curies":[{"name":"wp","href":"https:\/\/api.w.org\/{rel}","templated":true}]}}