{"id":11756,"date":"2017-06-26T08:50:02","date_gmt":"2017-06-26T12:50:02","guid":{"rendered":"http:\/\/blogdalucianaoliveira.com.br\/blog\/?p=11756"},"modified":"2017-06-26T08:50:02","modified_gmt":"2017-06-26T12:50:02","slug":"moro-condena-palocci-a-12-de-prisao-na-lava-jato","status":"publish","type":"post","link":"http:\/\/blogdalucianaoliveira.com.br\/blog\/2017\/06\/26\/moro-condena-palocci-a-12-de-prisao-na-lava-jato\/","title":{"rendered":"MORO CONDENA PALOCCI A 12 DE PRIS\u00c3O NA LAVA JATO"},"content":{"rendered":"<p><img data-recalc-dims=\"1\" loading=\"lazy\" decoding=\"async\" data-attachment-id=\"11757\" data-permalink=\"http:\/\/blogdalucianaoliveira.com.br\/blog\/2017\/06\/26\/moro-condena-palocci-a-12-de-prisao-na-lava-jato\/palo\/\" data-orig-file=\"https:\/\/i0.wp.com\/blogdalucianaoliveira.com.br\/blog\/wp-content\/uploads\/2017\/06\/palo.jpg?fit=1000%2C358\" data-orig-size=\"1000,358\" data-comments-opened=\"0\" data-image-meta=\"{&quot;aperture&quot;:&quot;0&quot;,&quot;credit&quot;:&quot;&quot;,&quot;camera&quot;:&quot;&quot;,&quot;caption&quot;:&quot;&quot;,&quot;created_timestamp&quot;:&quot;0&quot;,&quot;copyright&quot;:&quot;&quot;,&quot;focal_length&quot;:&quot;0&quot;,&quot;iso&quot;:&quot;0&quot;,&quot;shutter_speed&quot;:&quot;0&quot;,&quot;title&quot;:&quot;&quot;,&quot;orientation&quot;:&quot;0&quot;}\" data-image-title=\"palo\" data-image-description=\"\" data-image-caption=\"\" data-medium-file=\"https:\/\/i0.wp.com\/blogdalucianaoliveira.com.br\/blog\/wp-content\/uploads\/2017\/06\/palo.jpg?fit=300%2C107\" data-large-file=\"https:\/\/i0.wp.com\/blogdalucianaoliveira.com.br\/blog\/wp-content\/uploads\/2017\/06\/palo.jpg?fit=600%2C215\" src=\"https:\/\/i0.wp.com\/blogdalucianaoliveira.com.br\/blog\/wp-content\/uploads\/2017\/06\/palo.jpg?resize=600%2C215\" alt=\"palo\" width=\"600\" height=\"215\" class=\"alignnone size-full wp-image-11757\" srcset=\"https:\/\/i0.wp.com\/blogdalucianaoliveira.com.br\/blog\/wp-content\/uploads\/2017\/06\/palo.jpg?w=1000 1000w, https:\/\/i0.wp.com\/blogdalucianaoliveira.com.br\/blog\/wp-content\/uploads\/2017\/06\/palo.jpg?resize=300%2C107 300w, https:\/\/i0.wp.com\/blogdalucianaoliveira.com.br\/blog\/wp-content\/uploads\/2017\/06\/palo.jpg?resize=768%2C275 768w, https:\/\/i0.wp.com\/blogdalucianaoliveira.com.br\/blog\/wp-content\/uploads\/2017\/06\/palo.jpg?resize=800%2C286 800w\" sizes=\"auto, (max-width: 600px) 100vw, 600px\" \/><\/p>\n<p>247 &#8211; O juiz da 13\u00aa vara Federal de Curitiba S\u00e9rgio Moro sentenciou, nesta segunda-feira (26), o ex-ministro Antonio Palocci a uma pena de 12,2 anos de pris\u00e3o. Palocci, que foi ministro dos governos Luiz In\u00e1cio Lula da Silva e Dilma Rousseff foi condenado pelos crimes de lavagem de dinheiro e corrup\u00e7\u00e3o passiva. Palocci est\u00e1 preso em Curitiba (PR) desde setembro de 2016, quando foi alvo da Opera\u00e7\u00e3o Omert\u00e0, 35\u00ba desdobramento da Opera\u00e7\u00e3o Lava Jato. <!--more--><\/p>\n<p>Segundo as investiga\u00e7\u00f5es, teriam sido feitos pagamentos no valor de R$ 252,5 milh\u00f5es em propinas referentes a 0,9% do valor dos contratos firmados pelo Estaleiro Enseada do Paragua\u00e7u, pertencente ao grupo Odebrecht, com a Petrobras, por meio da empresa Sete Brasil. <\/p>\n<p>Palocci tamb\u00e9m teria recebido vantagens in devidas em 2010, quando era deputado federal pelo PT e membro do Conselho de Administra\u00e7\u00e3o da Petrobras. <\/p>\n<p>O ex-assessor de Palocci Branislav Kontic foi absolvido dos crimes de corrup\u00e7\u00e3o e lavagem de dinheiro por falta de provas. <\/p>\n","protected":false},"excerpt":{"rendered":"<p>247 &#8211; O juiz da 13\u00aa vara Federal de Curitiba S\u00e9rgio Moro sentenciou, nesta segunda-feira (26), o ex-ministro Antonio Palocci a uma pena de 12,2 anos de pris\u00e3o. Palocci, que foi ministro dos governos Luiz In\u00e1cio Lula da Silva e Dilma Rousseff foi condenado pelos crimes de lavagem de dinheiro e corrup\u00e7\u00e3o passiva. Palocci est\u00e1&#8230;<a class=\"more-link\" href=\"http:\/\/blogdalucianaoliveira.com.br\/blog\/2017\/06\/26\/moro-condena-palocci-a-12-de-prisao-na-lava-jato\/\">Continue a leitura <span class=\"meta-nav\">&raquo;<\/span><\/a><\/p>\n","protected":false},"author":1,"featured_media":0,"comment_status":"closed","ping_status":"open","sticky":false,"template":"","format":"standard","meta":{"_exactmetrics_skip_tracking":false,"_exactmetrics_sitenote_active":false,"_exactmetrics_sitenote_note":"","_exactmetrics_sitenote_category":0,"jetpack_post_was_ever_published":false,"_jetpack_newsletter_access":"","_jetpack_dont_email_post_to_subs":false,"_jetpack_newsletter_tier_id":0,"_jetpack_memberships_contains_paywalled_content":false,"_jetpack_memberships_contains_paid_content":false,"footnotes":"","jetpack_publicize_message":"","jetpack_publicize_feature_enabled":true,"jetpack_social_post_already_shared":true,"jetpack_social_options":{"image_generator_settings":{"template":"highway","enabled":false},"version":2}},"categories":[1],"tags":[],"class_list":["post-11756","post","type-post","status-publish","format-standard","hentry","category-notas"],"jetpack_publicize_connections":[],"jetpack_sharing_enabled":true,"jetpack_featured_media_url":"","jetpack_shortlink":"https:\/\/wp.me\/p7wKYW-33C","jetpack-related-posts":[],"_links":{"self":[{"href":"http:\/\/blogdalucianaoliveira.com.br\/blog\/wp-json\/wp\/v2\/posts\/11756","targetHints":{"allow":["GET"]}}],"collection":[{"href":"http:\/\/blogdalucianaoliveira.com.br\/blog\/wp-json\/wp\/v2\/posts"}],"about":[{"href":"http:\/\/blogdalucianaoliveira.com.br\/blog\/wp-json\/wp\/v2\/types\/post"}],"author":[{"embeddable":true,"href":"http:\/\/blogdalucianaoliveira.com.br\/blog\/wp-json\/wp\/v2\/users\/1"}],"replies":[{"embeddable":true,"href":"http:\/\/blogdalucianaoliveira.com.br\/blog\/wp-json\/wp\/v2\/comments?post=11756"}],"version-history":[{"count":1,"href":"http:\/\/blogdalucianaoliveira.com.br\/blog\/wp-json\/wp\/v2\/posts\/11756\/revisions"}],"predecessor-version":[{"id":11758,"href":"http:\/\/blogdalucianaoliveira.com.br\/blog\/wp-json\/wp\/v2\/posts\/11756\/revisions\/11758"}],"wp:attachment":[{"href":"http:\/\/blogdalucianaoliveira.com.br\/blog\/wp-json\/wp\/v2\/media?parent=11756"}],"wp:term":[{"taxonomy":"category","embeddable":true,"href":"http:\/\/blogdalucianaoliveira.com.br\/blog\/wp-json\/wp\/v2\/categories?post=11756"},{"taxonomy":"post_tag","embeddable":true,"href":"http:\/\/blogdalucianaoliveira.com.br\/blog\/wp-json\/wp\/v2\/tags?post=11756"}],"curies":[{"name":"wp","href":"https:\/\/api.w.org\/{rel}","templated":true}]}}