{"id":11768,"date":"2017-06-26T16:15:36","date_gmt":"2017-06-26T20:15:36","guid":{"rendered":"http:\/\/blogdalucianaoliveira.com.br\/blog\/?p=11768"},"modified":"2017-06-26T16:15:36","modified_gmt":"2017-06-26T20:15:36","slug":"nunca-a-nacao-brasileira-esteve-tao-fraca-e-dividida","status":"publish","type":"post","link":"http:\/\/blogdalucianaoliveira.com.br\/blog\/2017\/06\/26\/nunca-a-nacao-brasileira-esteve-tao-fraca-e-dividida\/","title":{"rendered":"Nunca a na\u00e7\u00e3o brasileira esteve t\u00e3o fraca e dividida"},"content":{"rendered":"<p><img data-recalc-dims=\"1\" loading=\"lazy\" decoding=\"async\" data-attachment-id=\"11769\" data-permalink=\"http:\/\/blogdalucianaoliveira.com.br\/blog\/2017\/06\/26\/nunca-a-nacao-brasileira-esteve-tao-fraca-e-dividida\/bre\/\" data-orig-file=\"https:\/\/i0.wp.com\/blogdalucianaoliveira.com.br\/blog\/wp-content\/uploads\/2017\/06\/bre.jpg?fit=450%2C348\" data-orig-size=\"450,348\" data-comments-opened=\"0\" data-image-meta=\"{&quot;aperture&quot;:&quot;0&quot;,&quot;credit&quot;:&quot;&quot;,&quot;camera&quot;:&quot;&quot;,&quot;caption&quot;:&quot;&quot;,&quot;created_timestamp&quot;:&quot;0&quot;,&quot;copyright&quot;:&quot;&quot;,&quot;focal_length&quot;:&quot;0&quot;,&quot;iso&quot;:&quot;0&quot;,&quot;shutter_speed&quot;:&quot;0&quot;,&quot;title&quot;:&quot;&quot;,&quot;orientation&quot;:&quot;0&quot;}\" data-image-title=\"bre\" data-image-description=\"\" data-image-caption=\"\" data-medium-file=\"https:\/\/i0.wp.com\/blogdalucianaoliveira.com.br\/blog\/wp-content\/uploads\/2017\/06\/bre.jpg?fit=300%2C232\" data-large-file=\"https:\/\/i0.wp.com\/blogdalucianaoliveira.com.br\/blog\/wp-content\/uploads\/2017\/06\/bre.jpg?fit=450%2C348\" src=\"https:\/\/i0.wp.com\/blogdalucianaoliveira.com.br\/blog\/wp-content\/uploads\/2017\/06\/bre.jpg?resize=450%2C348\" alt=\"bre\" width=\"450\" height=\"348\" class=\"alignnone size-full wp-image-11769\" srcset=\"https:\/\/i0.wp.com\/blogdalucianaoliveira.com.br\/blog\/wp-content\/uploads\/2017\/06\/bre.jpg?w=450 450w, https:\/\/i0.wp.com\/blogdalucianaoliveira.com.br\/blog\/wp-content\/uploads\/2017\/06\/bre.jpg?resize=300%2C232 300w, https:\/\/i0.wp.com\/blogdalucianaoliveira.com.br\/blog\/wp-content\/uploads\/2017\/06\/bre.jpg?resize=388%2C300 388w\" sizes=\"auto, (max-width: 450px) 100vw, 450px\" \/><\/p>\n<p>No DCM, por Bresser Pereira<\/p>\n<p>Nunca a na\u00e7\u00e3o brasileira esteve t\u00e3o mal quanto est\u00e1 hoje. Nada \u00e9 mais importante para um povo do que se transformar em na\u00e7\u00e3o, ocupar um territ\u00f3rio, construir um Estado, e, assim, contar com uma institui\u00e7\u00e3o pol\u00edtica para realizar seus objetivos de seguran\u00e7a, liberdade, bem-estar econ\u00f4mico, justi\u00e7a social e prote\u00e7\u00e3o do ambiente.<!--more--><\/p>\n<p>A na\u00e7\u00e3o \u00e9 a sociedade pol\u00edtica b\u00e1sica, e o Estado, seu instrumento de a\u00e7\u00e3o coletiva por excel\u00eancia. Por isso os povos lutam tanto para formar seu estado-na\u00e7\u00e3o \u2013 a unidade pol\u00edtico-territorial soberana constitu\u00edda por uma na\u00e7\u00e3o, um territ\u00f3rio e um Estado.<\/p>\n<p>Uma na\u00e7\u00e3o \u00e9 forte ou fraca conforme seus membros partilhem de uma hist\u00f3ria e um destino comum, e conforme seja mais, ou menos, coesa e solid\u00e1ria. Contra a coes\u00e3o e a solidariedade de cada na\u00e7\u00e3o agem for\u00e7as internas \u2013 o conflito de classes que ser\u00e1 tanto maior quanto for a desigualdade entre as fam\u00edlias, \u2013 e for\u00e7as externas: o poder imperial das na\u00e7\u00f5es mais fortes econ\u00f4mica e culturalmente, que buscam mant\u00ea-la subordinada, incapaz de competir na cena internacional.<\/p>\n<p>A \u00faltima vez que a na\u00e7\u00e3o brasileira foi forte \u2013 solid\u00e1ria e independente \u2013 foi nos anos 1980 quando ocorreu a transi\u00e7\u00e3o democr\u00e1tica, quando os brasileiros se uniram, comprometeram-se com a democracia e a diminui\u00e7\u00e3o das desigualdades, e aprovaram a Constitui\u00e7\u00e3o de 1988. Nos anos seguintes o pa\u00eds avan\u00e7ou nesses dois pontos, mas o desenvolvimento econ\u00f4mico, que parecia garantido porque fora muito grande entre 1930 e 1980, deixou de acontecer.<\/p>\n<p>Entre 1930 e 1990 o Brasil foi governado por uma coaliz\u00e3o de classes desenvolvimentista e nacionalista formada por empres\u00e1rios, trabalhadores e a burocracia p\u00fablica; desde 1990, est\u00e1 subordinada a uma coaliz\u00e3o liberal e dependente formada por capitalistas rentistas, financistas, classe m\u00e9dia tradicional e interesses estrangeiros.<\/p>\n<p>Os governos liberais de Collor e de Cardoso instalaram no pa\u00eds o atual regime de pol\u00edtica econ\u00f4mica liberal; os governos petistas de Lula e Dilma tentaram mudar este quadro, mas fracassaram; lograram apenas uma melhoria na distribui\u00e7\u00e3o de renda.<\/p>\n<p>Em 1990, com a abertura comercial e a desmontagem do mecanismo que mantinha a taxa de c\u00e2mbio competitiva, as empresas industriais deixaram de poder competir internacionalmente e desencadeou-se um processo de desindustrializa\u00e7\u00e3o e baixo crescimento.<\/p>\n<p>N\u00e3o bastasse essa nova depend\u00eancia, depois de muitos anos de autonomia nacional, o sistema eleitoral proporcional de listas abertas encareceu brutalmente as campanhas pol\u00edticas, e levou os pol\u00edticos a mergulharem em um sistema pol\u00edtico-empresarial de corrup\u00e7\u00e3o de grandes propor\u00e7\u00f5es.<\/p>\n<p>Para completar, dada a incompet\u00eancia demonstrada pela presidente Dilma Rousseff e o autoritarismo das elites econ\u00f4micas olig\u00e1rquico-liberais, em 2016 um golpe de Estado feriu a democracia brasileira, ao mesmo tempo em que entregou o pa\u00eds a uma quadrilha encastelada no Pal\u00e1cio do Planalto.<\/p>\n<p>Que dizem os brasileiros disso tudo? Est\u00e3o envergonhados, profundamente envergonhados. Segundo pesquisa do Datafolha, 47% dos entrevistados t\u00eam mais vergonha do que orgulho de serem brasileiros. Houve um aumento brusco desse sentimento que, em dezembro passado, j\u00e1 atingia um n\u00famero elevado, 28% dos brasileiros.<\/p>\n<p>Nunca, repito, a na\u00e7\u00e3o brasileira esteve t\u00e3o fraca e dividida; nunca o liberalismo e a depend\u00eancia pesaram tanto quanto hoje; nunca tantos brasileiros foram desempregados; nunca estiveram t\u00e3o sem perspectivas, tanto \u00e0 direita quanto \u00e0 esquerda. Nunca foi mais importante que repensemos nossa vida social, recuperemos nossa autonomia nacional, e construamos um projeto de na\u00e7\u00e3o independente, democr\u00e1tico, desenvolvimentista, social e ambiental.<\/p>\n","protected":false},"excerpt":{"rendered":"<p>No DCM, por Bresser Pereira Nunca a na\u00e7\u00e3o brasileira esteve t\u00e3o mal quanto est\u00e1 hoje. Nada \u00e9 mais importante para um povo do que se transformar em na\u00e7\u00e3o, ocupar um territ\u00f3rio, construir um Estado, e, assim, contar com uma institui\u00e7\u00e3o pol\u00edtica para realizar seus objetivos de seguran\u00e7a, liberdade, bem-estar econ\u00f4mico, justi\u00e7a social e prote\u00e7\u00e3o do&#8230;<a class=\"more-link\" href=\"http:\/\/blogdalucianaoliveira.com.br\/blog\/2017\/06\/26\/nunca-a-nacao-brasileira-esteve-tao-fraca-e-dividida\/\">Continue a leitura <span class=\"meta-nav\">&raquo;<\/span><\/a><\/p>\n","protected":false},"author":1,"featured_media":0,"comment_status":"closed","ping_status":"open","sticky":false,"template":"","format":"standard","meta":{"_exactmetrics_skip_tracking":false,"_exactmetrics_sitenote_active":false,"_exactmetrics_sitenote_note":"","_exactmetrics_sitenote_category":0,"jetpack_post_was_ever_published":false,"_jetpack_newsletter_access":"","_jetpack_dont_email_post_to_subs":false,"_jetpack_newsletter_tier_id":0,"_jetpack_memberships_contains_paywalled_content":false,"_jetpack_memberships_contains_paid_content":false,"footnotes":"","jetpack_publicize_message":"","jetpack_publicize_feature_enabled":true,"jetpack_social_post_already_shared":true,"jetpack_social_options":{"image_generator_settings":{"template":"highway","enabled":false},"version":2}},"categories":[1],"tags":[],"class_list":["post-11768","post","type-post","status-publish","format-standard","hentry","category-notas"],"jetpack_publicize_connections":[],"jetpack_sharing_enabled":true,"jetpack_featured_media_url":"","jetpack_shortlink":"https:\/\/wp.me\/p7wKYW-33O","jetpack-related-posts":[],"_links":{"self":[{"href":"http:\/\/blogdalucianaoliveira.com.br\/blog\/wp-json\/wp\/v2\/posts\/11768","targetHints":{"allow":["GET"]}}],"collection":[{"href":"http:\/\/blogdalucianaoliveira.com.br\/blog\/wp-json\/wp\/v2\/posts"}],"about":[{"href":"http:\/\/blogdalucianaoliveira.com.br\/blog\/wp-json\/wp\/v2\/types\/post"}],"author":[{"embeddable":true,"href":"http:\/\/blogdalucianaoliveira.com.br\/blog\/wp-json\/wp\/v2\/users\/1"}],"replies":[{"embeddable":true,"href":"http:\/\/blogdalucianaoliveira.com.br\/blog\/wp-json\/wp\/v2\/comments?post=11768"}],"version-history":[{"count":1,"href":"http:\/\/blogdalucianaoliveira.com.br\/blog\/wp-json\/wp\/v2\/posts\/11768\/revisions"}],"predecessor-version":[{"id":11770,"href":"http:\/\/blogdalucianaoliveira.com.br\/blog\/wp-json\/wp\/v2\/posts\/11768\/revisions\/11770"}],"wp:attachment":[{"href":"http:\/\/blogdalucianaoliveira.com.br\/blog\/wp-json\/wp\/v2\/media?parent=11768"}],"wp:term":[{"taxonomy":"category","embeddable":true,"href":"http:\/\/blogdalucianaoliveira.com.br\/blog\/wp-json\/wp\/v2\/categories?post=11768"},{"taxonomy":"post_tag","embeddable":true,"href":"http:\/\/blogdalucianaoliveira.com.br\/blog\/wp-json\/wp\/v2\/tags?post=11768"}],"curies":[{"name":"wp","href":"https:\/\/api.w.org\/{rel}","templated":true}]}}