{"id":1177,"date":"2016-05-23T18:59:02","date_gmt":"2016-05-23T22:59:02","guid":{"rendered":"http:\/\/blogdalucianaoliveira.com.br\/blog\/?p=1177"},"modified":"2016-05-23T18:59:02","modified_gmt":"2016-05-23T22:59:02","slug":"juca-e-o-novo-abalo-politico-no-brasil","status":"publish","type":"post","link":"http:\/\/blogdalucianaoliveira.com.br\/blog\/2016\/05\/23\/juca-e-o-novo-abalo-politico-no-brasil\/","title":{"rendered":"Juc\u00e1 e o novo abalo pol\u00edtico no Brasil"},"content":{"rendered":"<p><img data-recalc-dims=\"1\" loading=\"lazy\" decoding=\"async\" data-attachment-id=\"1178\" data-permalink=\"http:\/\/blogdalucianaoliveira.com.br\/blog\/2016\/05\/23\/juca-e-o-novo-abalo-politico-no-brasil\/image-263\/\" data-orig-file=\"https:\/\/i0.wp.com\/blogdalucianaoliveira.com.br\/blog\/wp-content\/uploads\/2016\/05\/image-229.jpeg?fit=512%2C287\" data-orig-size=\"512,287\" data-comments-opened=\"0\" data-image-meta=\"{&quot;aperture&quot;:&quot;0&quot;,&quot;credit&quot;:&quot;&quot;,&quot;camera&quot;:&quot;&quot;,&quot;caption&quot;:&quot;&quot;,&quot;created_timestamp&quot;:&quot;0&quot;,&quot;copyright&quot;:&quot;&quot;,&quot;focal_length&quot;:&quot;0&quot;,&quot;iso&quot;:&quot;0&quot;,&quot;shutter_speed&quot;:&quot;0&quot;,&quot;title&quot;:&quot;&quot;,&quot;orientation&quot;:&quot;0&quot;}\" data-image-title=\"image\" data-image-description=\"\" data-image-caption=\"\" data-medium-file=\"https:\/\/i0.wp.com\/blogdalucianaoliveira.com.br\/blog\/wp-content\/uploads\/2016\/05\/image-229.jpeg?fit=300%2C168\" data-large-file=\"https:\/\/i0.wp.com\/blogdalucianaoliveira.com.br\/blog\/wp-content\/uploads\/2016\/05\/image-229.jpeg?fit=512%2C287\" src=\"https:\/\/i0.wp.com\/blogdalucianaoliveira.com.br\/blog\/wp-content\/uploads\/2016\/05\/image-229.jpeg?resize=512%2C287\" alt=\"image\" width=\"512\" height=\"287\" class=\"alignnone size-full wp-image-1178\" srcset=\"https:\/\/i0.wp.com\/blogdalucianaoliveira.com.br\/blog\/wp-content\/uploads\/2016\/05\/image-229.jpeg?w=512 512w, https:\/\/i0.wp.com\/blogdalucianaoliveira.com.br\/blog\/wp-content\/uploads\/2016\/05\/image-229.jpeg?resize=300%2C168 300w\" sizes=\"auto, (max-width: 512px) 100vw, 512px\" \/><\/p>\n<p>Por Glenn Greenwald, no site The Intercept:<\/p>\n<p>O pa\u00eds acordou hoje com a not\u00edcia das secretas e chocantes conversas envolvendo um importante ministro do rec\u00e9m-instalado governo brasileiro, que acendem uma luz a respeito dos reais motivos e agentes do impeachment da presidente democraticamente eleita, Dilma Rousseff.<!--more--><\/p>\n<p>As transcri\u00e7\u00f5es foram publicadas pelo maior jornal do pa\u00eds, a Folha de S\u00e3o Paulo, e revelam conversas privadas que aconteceram em mar\u00e7o, apenas semanas antes da vota\u00e7\u00e3o do impeachment na C\u00e2mara. Elas mostram expl\u00edcita conspira\u00e7\u00e3o entre o novo Ministro do Planejamento, Romero Juc\u00e1, e o antigo executivo de petr\u00f3leo Sergio Machado \u2013 ambos investigados pela Lava Jato \u2013 a medida em que concordam que remover Dilma \u00e9 o \u00fanico meio para acabar com a investiga\u00e7\u00e3o sobre a corrup\u00e7\u00e3o. As conversas tamb\u00e9m tratam do importante papel desempenhado pelas mais poderosas institui\u00e7\u00f5es nacionais no impeachment de Dilma, incluindo l\u00edderes militares do pa\u00eds.<\/p>\n<p>As transcri\u00e7\u00f5es est\u00e3o cheias de declara\u00e7\u00f5es fortemente incriminadoras sobre os reais objetivos do impeachment e quem est\u00e1 por tr\u00e1s dele. O ponto chave da conspira\u00e7\u00e3o \u00e9 o que Juc\u00e1 chama de \u201cum pacto nacional\u201d \u2013 envolvendo as institui\u00e7\u00f5es mais poderosas do Brasil \u2013 para empossar Michel Temer como presidente (apesar de seus m\u00faltiplos esc\u00e2ndalos de corrup\u00e7\u00e3o) e terminar com as investiga\u00e7\u00f5es uma vez que Dilma fosse removida. Segundo a Folha, Juc\u00e1 diz que o Impeachment levaria ao \u201cfim da press\u00e3o da imprensa e de outros setores pela continuidade das investiga\u00e7\u00f5es da Lava Jato.\u201d<\/p>\n<p>N\u00e3o est\u00e1 claro quem \u00e9 o respons\u00e1vel pela grava\u00e7\u00e3o e pelo vazamento da conversa de 75 minutos, mas a Folha reportou que elas est\u00e3o atualmente nas m\u00e3os do Procurador Geral da Rep\u00fablica. Juc\u00e1 \u00e9 l\u00edder do PMDB, partido do presidente interino Michel Temer, e um de seus tr\u00eas homens de confian\u00e7a. Novas revela\u00e7\u00f5es ser\u00e3o provavelmente divulgadas nos pr\u00f3ximos dias, tornando mais claras as implica\u00e7\u00f5es e significados destas transcri\u00e7\u00f5es.<\/p>\n<p>As transcri\u00e7\u00f5es cont\u00eam duas revela\u00e7\u00f5es extraordin\u00e1rias que podem levar toda a imprensa a considerar seriamente chamar o que aconteceu no pais de \u201cgolpe\u201d: um termo que Dilma e seus apoiadores vem usando por meses. Quando discutia a conspira\u00e7\u00e3o para remover Dilma como um meio de finalizar a Lava Jato, Juc\u00e1 disse que as for\u00e7as armadas do Brasil apoiam a conspira\u00e7\u00e3o: \u201cEstou conversando com os generais, comandantes militares. Est\u00e1 tudo tranquilo, os caras dizem que v\u00e3o garantir.\u201d Ele disse ainda que os militares \u201cest\u00e3o monitorando o MST,\u201d o movimento rural de trabalhadores que apoia os esfor\u00e7os do PT pela reforma agr\u00e1ria e redu\u00e7\u00e3o da desigualdade, e que liderou protestos contra o impeachment. <\/p>\n<p>A segunda revela\u00e7\u00e3o \u2013 e talvez mais significante \u2013 \u00e9 a declara\u00e7\u00e3o de Juc\u00e1 de que assegurou o envolvimento de ju\u00edzes na Suprema Corte do Brasil, a institui\u00e7\u00e3o apontada pelos defensores do impeachment como salvaguarda da credibilidade do processo e utilizada para negar a teoria do golpe. Juc\u00e1 afirmou que \u201ctem poucos caras [no STF]\u201d a quem ele n\u00e3o tem acesso. O \u00fanico ministro da Suprema Corte que ele alega n\u00e3o ter contato \u00e9 Teori Zavascki, que foi apontado por Dilma e de quem \u2013 notavelmente \u2013 seria imposs\u00edvel obter apoio para barrar a investiga\u00e7\u00e3o (a ironia do impeachment \u00e9 que Dilma protegeu a investiga\u00e7\u00e3o da Lava Jato da interfer\u00eancia daqueles que querem impedi-la). As transcri\u00e7\u00f5es tamb\u00e9m mostram ele dizendo que \u201ca imprensa quer tirar ela,\u201d e que \u201cessa porra n\u00e3o vai parar nunca\u201d \u2013 falando sobre as investiga\u00e7\u00f5es \u2013 at\u00e9 que ela saia.<\/p>\n<p>As transcri\u00e7\u00f5es fornecem provas para quase todas as suspeitas e acusa\u00e7\u00f5es expressas h\u00e1 tempos pelos oponentes do impeachment a respeito daqueles que conspiram para remover Dilma do poder. Durante meses, os apoiadores da democracia brasileira defenderam dois argumentos sobre a tentativa de remo\u00e7\u00e3o da presidente democraticamente eleita: (1) o prop\u00f3sito principal do impeachment de Dilma n\u00e3o era acabar com a corrup\u00e7\u00e3o ou punir os corruptos, mas justamente o oposto: proteger os verdadeiros corruptos dando-lhes poder com a sa\u00edda de Dilma e, logo, permitindo que terminassem com as investiga\u00e7\u00f5es da Lava Jato; (2) os defensores do impeachment (liderados pela oligarquia midi\u00e1tica nacional) n\u00e3o t\u00eam qualquer interesse em limpar o governo, mas tomar o poder que jamais conquistariam democraticamente, para ent\u00e3o impor uma agenda de direita e a servi\u00e7o das oligarquias, que a popula\u00e7\u00e3o brasileira n\u00e3o aceitaria.<\/p>\n<p>As duas primeiras semanas do rec\u00e9m-instalado governo de Temer mostram grandes evid\u00eancias para ambos os argumentos. Ele nomeou v\u00e1rios ministros diretamente envolvidos em esc\u00e2ndalos de corrup\u00e7\u00e3o. Um importante aliado que vai liderar a coaliza\u00e7\u00e3o de seu governo na C\u00e2mara dos Deputados \u2013 Andr\u00e9 Moura \u2013 \u00e9 um dos pol\u00edticos mais corruptos do pa\u00eds, alvo de m\u00faltiplas investiga\u00e7\u00f5es criminais, n\u00e3o s\u00f3 por corrup\u00e7\u00e3o mas tamb\u00e9m por tentativa de homic\u00eddio. O pr\u00f3prio Temer est\u00e1 profundamente implicado em casos de corrup\u00e7\u00e3o (ele enfrenta a possibilidade de se tornar ineleg\u00edvel pelos pr\u00f3ximos oitos anos), e est\u00e1 correndo para implementar uma s\u00e9rie de mudan\u00e7as de direita e orientadas para as oligarquias do pa\u00eds, que o Brasil jamais permitiria democraticamente, inclusive medidas, como detalhado pelo Guardian, para \u201csuavizar a defini\u00e7\u00e3o de escravid\u00e3o, reverter a demarca\u00e7\u00e3o de terras ind\u00edgenas, cortar programas de constru\u00e7\u00e3o de casas populares e vender ativos estatais em aeroportos, servi\u00e7os p\u00fablicos e os correios\u201d.<\/p>\n<p>Mas, ao contr\u00e1rio dos acontecimentos das \u00faltimas semanas, essas transcri\u00e7\u00f5es n\u00e3o s\u00e3o meras evid\u00eancias. Elas s\u00e3o provas: provas de que as principais for\u00e7as por tr\u00e1s da remo\u00e7\u00e3o da Presidente entenderam que remov\u00ea-la era o \u00fanico meio de se salvarem e de evitarem que sejam responsabilizados por sua pr\u00f3pria corrup\u00e7\u00e3o; provas de que os militares brasileiros, as principais organiza\u00e7\u00f5es de m\u00eddia, e sua Suprema Corte foram conspiradores ativos na remo\u00e7\u00e3o da presidente democraticamente eleita; provas de que os agentes do impeachment viam a presen\u00e7a de Dilma em Bras\u00edlia como garantia de que as investiga\u00e7\u00f5es da Lava Jato continuariam; provas de que nada daquilo tinha a ver com a preserva\u00e7\u00e3o da democracia brasileira, mas com sua destrui\u00e7\u00e3o.<\/p>\n<p>Por sua parte, Juc\u00e1 admite que essas transcri\u00e7\u00f5es s\u00e3o aut\u00eanticas mas insiste que foi tudo um mal-entendido e que seus coment\u00e1rios foram retirados do contexto, chamando isso \u201calso banal.\u201d \u201cAquela conversa n\u00e3o \u00e9 um pacto sobre a Lava Jato. \u00c9 um pacto sobre a economia [\u2026] \u00c9 um pacto para se tirar o Brasil da crise,\u201d disse ele em uma entrevista, nesta manh\u00e3, ao blogger de pol\u00edtica do UOL Fernando Rodrigues. A explica\u00e7\u00e3o n\u00e3o \u00e9 minimamente razo\u00e1vel \u00e0 luz do que ele disse na grava\u00e7\u00e3o, bem como da expl\u00edcita natureza conspirativa da conversa, na qual Juc\u00e1 insiste numa s\u00e9rie de encontros particulares, em detrimento de encontros em grupo, para evitar suspeitas. L\u00edderes pol\u00edticos j\u00e1 est\u00e3o pedindo seu afastamento do governo.<\/p>\n<p>Desde a instala\u00e7\u00e3o de Temer como presidente, o Brasil tem visto intensos e crescentes protestos contra ele. A m\u00eddia brasileira \u2013 que vem tentando desesperadamente glorifica-lo \u2013 tem evitado a publica\u00e7\u00e3o de pesquisas por algumas semanas, mas os \u00faltimos dados mostrar que Temer tem apenas 2% de apoio e que 60% da popula\u00e7\u00e3o querem seu impeachment. A \u00fanica pesquisa recentemente publicada mostrou que 66% dos brasileiros acreditam que os legisladores votaram pelo impeachment em benef\u00edcio pr\u00f3prio \u2013 uma cren\u00e7a refor\u00e7ada pelas transcri\u00e7\u00f5es \u2013 enquanto apenas 23% acreditam que foi em prol do pa\u00eds. Ontem, em S\u00e3o Paulo, a pol\u00edcia colocou barricadas na rua onde fica a resid\u00eancia de Temer por conta de milhares de manifestantes que se dirigiam ao local; a pol\u00edcia usou mangueiras e g\u00e1s lacrimog\u00eaneo para dispersar os protestos. O an\u00fancio do fechamento do Minist\u00e9rio da Cultura levou artistas e simpatizantes a ocupar secretarias de cultura em todo o pa\u00eds em protesto, o que for\u00e7ou Temer a reverter a decis\u00e3o.<\/p>\n<p>At\u00e9 agora, o The Intercept, como a maioria da m\u00eddia internacional, se absteve de usar a palavra \u201cgolpe\u201d apesar de ter sido (como muitas outros meios de comunica\u00e7\u00e3o) profundamente cr\u00edtico da remo\u00e7\u00e3o antidemocr\u00e1tica de Dilma. Estas transcri\u00e7\u00f5es compelem a um reexame desta decis\u00e3o editorial, particularmente se n\u00e3o surgem evid\u00eancias para p\u00f4r em quest\u00e3o a razoabilidade do significado das declara\u00e7\u00f5es de Juc\u00e1 ou seu n\u00edvel de conhecimento. Um golpe parece, soa e cheia exatamente como esta rec\u00e9m revelada conspira\u00e7\u00e3o: assegurando a coopera\u00e7\u00e3o dos militares e das institui\u00e7\u00f5es mais poderosas para remover uma presidente democraticamente eleita por motivos ego\u00edstas, corruptos e ilegais, para ent\u00e3o impor uma agenda a servi\u00e7o das oligarquias e rejeitada pela popula\u00e7\u00e3o.<\/p>\n<p>Se o impeachment de Dilma conitnua inevit\u00e1vel, como muitos acreditam, essas transcri\u00e7\u00f5es tornar\u00e3o muito dif\u00edcil a perman\u00eancia de Temer. Pesquisas recentes mostrar que 62% dos brasileiros querem novas elei\u00e7\u00f5es para eleger seu presidente. Esta op\u00e7\u00e3o \u2013 a op\u00e7\u00e3o democr\u00e1tica \u2013 \u00e9 a solu\u00e7\u00e3o mais temida pelas elites do Brasil, porque elas est\u00e3o apavoradas (com bons motivos) com a possibilidade de que Lula ou outro candidato que as desagrade (Marina Silva) possam ganhar. Mas essa \u00e9 a quest\u00e3o: se, de fato, \u00e9 a democracia que est\u00e1 sendo combatida e aniquilada no Brasil, \u00e9 hora de come\u00e7ar a usar a linguagem apropriada para descrever isso. Estas transcri\u00e7\u00f5es tornam cada vez mais dif\u00edcil para as organiza\u00e7\u00f5es de m\u00eddia evitarem faz\u00ea-lo.<\/p>\n","protected":false},"excerpt":{"rendered":"<p>Por Glenn Greenwald, no site The Intercept: O pa\u00eds acordou hoje com a not\u00edcia das secretas e chocantes conversas envolvendo um importante ministro do rec\u00e9m-instalado governo brasileiro, que acendem uma luz a respeito dos reais motivos e agentes do impeachment da presidente democraticamente eleita, Dilma Rousseff.<\/p>\n","protected":false},"author":1,"featured_media":0,"comment_status":"closed","ping_status":"open","sticky":false,"template":"","format":"standard","meta":{"_exactmetrics_skip_tracking":false,"_exactmetrics_sitenote_active":false,"_exactmetrics_sitenote_note":"","_exactmetrics_sitenote_category":0,"jetpack_post_was_ever_published":false,"_jetpack_newsletter_access":"","_jetpack_dont_email_post_to_subs":false,"_jetpack_newsletter_tier_id":0,"_jetpack_memberships_contains_paywalled_content":false,"_jetpack_memberships_contains_paid_content":false,"footnotes":"","jetpack_publicize_message":"","jetpack_publicize_feature_enabled":true,"jetpack_social_post_already_shared":true,"jetpack_social_options":{"image_generator_settings":{"template":"highway","enabled":false},"version":2}},"categories":[1],"tags":[70,39,67,69],"class_list":["post-1177","post","type-post","status-publish","format-standard","hentry","category-notas","tag-audios","tag-golpe","tag-juca","tag-lava-jato"],"jetpack_publicize_connections":[],"jetpack_sharing_enabled":true,"jetpack_featured_media_url":"","jetpack_shortlink":"https:\/\/wp.me\/p7wKYW-iZ","jetpack-related-posts":[],"_links":{"self":[{"href":"http:\/\/blogdalucianaoliveira.com.br\/blog\/wp-json\/wp\/v2\/posts\/1177","targetHints":{"allow":["GET"]}}],"collection":[{"href":"http:\/\/blogdalucianaoliveira.com.br\/blog\/wp-json\/wp\/v2\/posts"}],"about":[{"href":"http:\/\/blogdalucianaoliveira.com.br\/blog\/wp-json\/wp\/v2\/types\/post"}],"author":[{"embeddable":true,"href":"http:\/\/blogdalucianaoliveira.com.br\/blog\/wp-json\/wp\/v2\/users\/1"}],"replies":[{"embeddable":true,"href":"http:\/\/blogdalucianaoliveira.com.br\/blog\/wp-json\/wp\/v2\/comments?post=1177"}],"version-history":[{"count":1,"href":"http:\/\/blogdalucianaoliveira.com.br\/blog\/wp-json\/wp\/v2\/posts\/1177\/revisions"}],"predecessor-version":[{"id":1179,"href":"http:\/\/blogdalucianaoliveira.com.br\/blog\/wp-json\/wp\/v2\/posts\/1177\/revisions\/1179"}],"wp:attachment":[{"href":"http:\/\/blogdalucianaoliveira.com.br\/blog\/wp-json\/wp\/v2\/media?parent=1177"}],"wp:term":[{"taxonomy":"category","embeddable":true,"href":"http:\/\/blogdalucianaoliveira.com.br\/blog\/wp-json\/wp\/v2\/categories?post=1177"},{"taxonomy":"post_tag","embeddable":true,"href":"http:\/\/blogdalucianaoliveira.com.br\/blog\/wp-json\/wp\/v2\/tags?post=1177"}],"curies":[{"name":"wp","href":"https:\/\/api.w.org\/{rel}","templated":true}]}}