{"id":11771,"date":"2017-06-26T16:47:00","date_gmt":"2017-06-26T20:47:00","guid":{"rendered":"http:\/\/blogdalucianaoliveira.com.br\/blog\/?p=11771"},"modified":"2017-06-26T16:47:00","modified_gmt":"2017-06-26T20:47:00","slug":"aviao-com-500-kg-de-cocaina-decolou-da-fazenda-de-blairo-ministro-de-temer","status":"publish","type":"post","link":"http:\/\/blogdalucianaoliveira.com.br\/blog\/2017\/06\/26\/aviao-com-500-kg-de-cocaina-decolou-da-fazenda-de-blairo-ministro-de-temer\/","title":{"rendered":"AVI\u00c3O COM 500 KG DE COCA\u00cdNA DECOLOU DA FAZENDA DE BLAIRO, MINISTRO DE TEMER"},"content":{"rendered":"<p><img data-recalc-dims=\"1\" loading=\"lazy\" decoding=\"async\" data-attachment-id=\"11772\" data-permalink=\"http:\/\/blogdalucianaoliveira.com.br\/blog\/2017\/06\/26\/aviao-com-500-kg-de-cocaina-decolou-da-fazenda-de-blairo-ministro-de-temer\/blai\/\" data-orig-file=\"https:\/\/i0.wp.com\/blogdalucianaoliveira.com.br\/blog\/wp-content\/uploads\/2017\/06\/blai.jpg?fit=1000%2C357\" data-orig-size=\"1000,357\" data-comments-opened=\"0\" data-image-meta=\"{&quot;aperture&quot;:&quot;0&quot;,&quot;credit&quot;:&quot;&quot;,&quot;camera&quot;:&quot;&quot;,&quot;caption&quot;:&quot;&quot;,&quot;created_timestamp&quot;:&quot;0&quot;,&quot;copyright&quot;:&quot;&quot;,&quot;focal_length&quot;:&quot;0&quot;,&quot;iso&quot;:&quot;0&quot;,&quot;shutter_speed&quot;:&quot;0&quot;,&quot;title&quot;:&quot;&quot;,&quot;orientation&quot;:&quot;0&quot;}\" data-image-title=\"blai\" data-image-description=\"\" data-image-caption=\"\" data-medium-file=\"https:\/\/i0.wp.com\/blogdalucianaoliveira.com.br\/blog\/wp-content\/uploads\/2017\/06\/blai.jpg?fit=300%2C107\" data-large-file=\"https:\/\/i0.wp.com\/blogdalucianaoliveira.com.br\/blog\/wp-content\/uploads\/2017\/06\/blai.jpg?fit=600%2C214\" src=\"https:\/\/i0.wp.com\/blogdalucianaoliveira.com.br\/blog\/wp-content\/uploads\/2017\/06\/blai.jpg?resize=600%2C214\" alt=\"blai\" width=\"600\" height=\"214\" class=\"alignnone size-full wp-image-11772\" srcset=\"https:\/\/i0.wp.com\/blogdalucianaoliveira.com.br\/blog\/wp-content\/uploads\/2017\/06\/blai.jpg?w=1000 1000w, https:\/\/i0.wp.com\/blogdalucianaoliveira.com.br\/blog\/wp-content\/uploads\/2017\/06\/blai.jpg?resize=300%2C107 300w, https:\/\/i0.wp.com\/blogdalucianaoliveira.com.br\/blog\/wp-content\/uploads\/2017\/06\/blai.jpg?resize=768%2C274 768w, https:\/\/i0.wp.com\/blogdalucianaoliveira.com.br\/blog\/wp-content\/uploads\/2017\/06\/blai.jpg?resize=800%2C286 800w\" sizes=\"auto, (max-width: 600px) 100vw, 600px\" \/><\/p>\n<p>247 &#8211; O avi\u00e3o bimotor interceptado pela For\u00e7a A\u00e9rea Brasileira (FAB) nesta quinta-feira (25), carregado com mais de 500 quilos de coca\u00edna, no interior de Goi\u00e1s, decolou da Fazenda Itamarati Norte, no munic\u00edpio de Campo Novo do Parecis (MT) com destino a Santo Antonio Leverger (MT). A fazenda est\u00e1 arrendada ao Grupo Amaggi, de propriedade do ministro da Agricultura e senador licenciado, Blairo Maggi (PP).<!--more--><\/p>\n<p>O bimotor foi interceptado por um ca\u00e7a A-29 Super Tucano da FAB no \u00e2mbito da Opera\u00e7\u00e3o Ostium, desenvolvida de forma conjunta com a Pol\u00edcia Federal, visando coibir crimes nas fronteiras do pa\u00eds. A fazenda ocupa uma parrea total de 200,4 mil hectares e divididos em 19 unidades pr\u00f3pria da Amaggi e outros 51,9 mil hectares arrendados do grupo Itamarati, pertencente ao empres\u00e1rio Olacyr de Moraes.<\/p>\n<p>O bimotor somente pousou em uma \u00e1rea rural ap\u00f3s o ca\u00e7a da FAB disparar um tiro de advert\u00eancia ap\u00f3s o piloto se recusar a cumprir uma ordem de pouso em um aer\u00f3dromo pr\u00f3ximo. O avi\u00e3o pousou em na zona rural do munic\u00edpio de Jussara, interior de Goi\u00e1s. O piloto fugiu do local e at\u00e9 o momento n\u00e3o foi localizado. A droga apreendida no interior da aeronave ser\u00e1 encaminhada para a sede da Pol\u00edcia Federal em Goi\u00e2nia.<\/p>\n","protected":false},"excerpt":{"rendered":"<p>247 &#8211; O avi\u00e3o bimotor interceptado pela For\u00e7a A\u00e9rea Brasileira (FAB) nesta quinta-feira (25), carregado com mais de 500 quilos de coca\u00edna, no interior de Goi\u00e1s, decolou da Fazenda Itamarati Norte, no munic\u00edpio de Campo Novo do Parecis (MT) com destino a Santo Antonio Leverger (MT). A fazenda est\u00e1 arrendada ao Grupo Amaggi, de propriedade&#8230;<a class=\"more-link\" href=\"http:\/\/blogdalucianaoliveira.com.br\/blog\/2017\/06\/26\/aviao-com-500-kg-de-cocaina-decolou-da-fazenda-de-blairo-ministro-de-temer\/\">Continue a leitura <span class=\"meta-nav\">&raquo;<\/span><\/a><\/p>\n","protected":false},"author":1,"featured_media":0,"comment_status":"closed","ping_status":"open","sticky":false,"template":"","format":"standard","meta":{"_exactmetrics_skip_tracking":false,"_exactmetrics_sitenote_active":false,"_exactmetrics_sitenote_note":"","_exactmetrics_sitenote_category":0,"jetpack_post_was_ever_published":false,"_jetpack_newsletter_access":"","_jetpack_dont_email_post_to_subs":false,"_jetpack_newsletter_tier_id":0,"_jetpack_memberships_contains_paywalled_content":false,"_jetpack_memberships_contains_paid_content":false,"footnotes":"","jetpack_publicize_message":"","jetpack_publicize_feature_enabled":true,"jetpack_social_post_already_shared":true,"jetpack_social_options":{"image_generator_settings":{"template":"highway","enabled":false},"version":2}},"categories":[1],"tags":[],"class_list":["post-11771","post","type-post","status-publish","format-standard","hentry","category-notas"],"jetpack_publicize_connections":[],"jetpack_sharing_enabled":true,"jetpack_featured_media_url":"","jetpack_shortlink":"https:\/\/wp.me\/p7wKYW-33R","jetpack-related-posts":[],"_links":{"self":[{"href":"http:\/\/blogdalucianaoliveira.com.br\/blog\/wp-json\/wp\/v2\/posts\/11771","targetHints":{"allow":["GET"]}}],"collection":[{"href":"http:\/\/blogdalucianaoliveira.com.br\/blog\/wp-json\/wp\/v2\/posts"}],"about":[{"href":"http:\/\/blogdalucianaoliveira.com.br\/blog\/wp-json\/wp\/v2\/types\/post"}],"author":[{"embeddable":true,"href":"http:\/\/blogdalucianaoliveira.com.br\/blog\/wp-json\/wp\/v2\/users\/1"}],"replies":[{"embeddable":true,"href":"http:\/\/blogdalucianaoliveira.com.br\/blog\/wp-json\/wp\/v2\/comments?post=11771"}],"version-history":[{"count":1,"href":"http:\/\/blogdalucianaoliveira.com.br\/blog\/wp-json\/wp\/v2\/posts\/11771\/revisions"}],"predecessor-version":[{"id":11773,"href":"http:\/\/blogdalucianaoliveira.com.br\/blog\/wp-json\/wp\/v2\/posts\/11771\/revisions\/11773"}],"wp:attachment":[{"href":"http:\/\/blogdalucianaoliveira.com.br\/blog\/wp-json\/wp\/v2\/media?parent=11771"}],"wp:term":[{"taxonomy":"category","embeddable":true,"href":"http:\/\/blogdalucianaoliveira.com.br\/blog\/wp-json\/wp\/v2\/categories?post=11771"},{"taxonomy":"post_tag","embeddable":true,"href":"http:\/\/blogdalucianaoliveira.com.br\/blog\/wp-json\/wp\/v2\/tags?post=11771"}],"curies":[{"name":"wp","href":"https:\/\/api.w.org\/{rel}","templated":true}]}}