{"id":11774,"date":"2017-06-26T19:57:51","date_gmt":"2017-06-26T23:57:51","guid":{"rendered":"http:\/\/blogdalucianaoliveira.com.br\/blog\/?p=11774"},"modified":"2017-06-26T19:59:28","modified_gmt":"2017-06-26T23:59:28","slug":"janot-oferece-denuncia-contra-temer-no-supremo-tribunal-federal-entenda","status":"publish","type":"post","link":"http:\/\/blogdalucianaoliveira.com.br\/blog\/2017\/06\/26\/janot-oferece-denuncia-contra-temer-no-supremo-tribunal-federal-entenda\/","title":{"rendered":"Janot oferece den\u00fancia contra Temer no Supremo Tribunal Federal; entenda:"},"content":{"rendered":"<p><img data-recalc-dims=\"1\" loading=\"lazy\" decoding=\"async\" data-attachment-id=\"11775\" data-permalink=\"http:\/\/blogdalucianaoliveira.com.br\/blog\/2017\/06\/26\/janot-oferece-denuncia-contra-temer-no-supremo-tribunal-federal-entenda\/por-2\/\" data-orig-file=\"https:\/\/i0.wp.com\/blogdalucianaoliveira.com.br\/blog\/wp-content\/uploads\/2017\/06\/por-1.jpg?fit=640%2C427\" data-orig-size=\"640,427\" data-comments-opened=\"0\" data-image-meta=\"{&quot;aperture&quot;:&quot;0&quot;,&quot;credit&quot;:&quot;&quot;,&quot;camera&quot;:&quot;&quot;,&quot;caption&quot;:&quot;&quot;,&quot;created_timestamp&quot;:&quot;0&quot;,&quot;copyright&quot;:&quot;&quot;,&quot;focal_length&quot;:&quot;0&quot;,&quot;iso&quot;:&quot;0&quot;,&quot;shutter_speed&quot;:&quot;0&quot;,&quot;title&quot;:&quot;&quot;,&quot;orientation&quot;:&quot;0&quot;}\" data-image-title=\"por\" data-image-description=\"\" data-image-caption=\"\" data-medium-file=\"https:\/\/i0.wp.com\/blogdalucianaoliveira.com.br\/blog\/wp-content\/uploads\/2017\/06\/por-1.jpg?fit=300%2C200\" data-large-file=\"https:\/\/i0.wp.com\/blogdalucianaoliveira.com.br\/blog\/wp-content\/uploads\/2017\/06\/por-1.jpg?fit=600%2C400\" src=\"https:\/\/i0.wp.com\/blogdalucianaoliveira.com.br\/blog\/wp-content\/uploads\/2017\/06\/por-1.jpg?resize=600%2C400\" alt=\"por\" width=\"600\" height=\"400\" class=\"alignnone size-full wp-image-11775\" srcset=\"https:\/\/i0.wp.com\/blogdalucianaoliveira.com.br\/blog\/wp-content\/uploads\/2017\/06\/por-1.jpg?w=640 640w, https:\/\/i0.wp.com\/blogdalucianaoliveira.com.br\/blog\/wp-content\/uploads\/2017\/06\/por-1.jpg?resize=300%2C200 300w, https:\/\/i0.wp.com\/blogdalucianaoliveira.com.br\/blog\/wp-content\/uploads\/2017\/06\/por-1.jpg?resize=450%2C300 450w\" sizes=\"auto, (max-width: 600px) 100vw, 600px\" \/><\/p>\n<p>Processo de investiga\u00e7\u00e3o s\u00f3 pode continuar com autoriza\u00e7\u00e3o de 342 deputados no Congresso<!--more--><\/p>\n<p>Reda\u00e7\u00e3o (*)<br \/>\nBrasil de Fato | S\u00e3o Paulo<\/p>\n<p>O procurador-geral da Rep\u00fablica, Rodrigo Janot, ofereceu, na noite desta segunda-feira (26), den\u00fancia contra o presidente golpista, Michel Temer (PMDB).<\/p>\n<p>Para que o processo seja instaurado, \u00e9 necess\u00e1ria a autoriza\u00e7\u00e3o de dois ter\u00e7os da C\u00e2mara dos Deputados (342 parlamentares). <\/p>\n<p>A Procuradoria Geral da Rep\u00fablica (PGR) aponta que Temer e o ex-deputado Rodrigo Rocha Loures (PMDB-PR) cometeram o crime de corrup\u00e7\u00e3o passiva.<\/p>\n<p>Outras acusa\u00e7\u00f5es formais, como crime de obstru\u00e7\u00e3o de Justi\u00e7a, dever\u00e3o ser feitas ao peemedebista pelo chefe do Minist\u00e9rio P\u00fablico Federal.<\/p>\n<p>A den\u00fancia apresentada hoje se baseia no caso relacionado \u00e0 JBS, que conta com o registro de \u00e1udio entre o presidente e Joesley Batista. Para Janot, Temer e Loures, ex-assessor especial da Presid\u00eancia, atuaram no sentido de atender a interesses da empresa em troca de propina. <\/p>\n<p>Para Janot, a liga\u00e7\u00e3o de Rocha Loures com Michel Temer foi atestada na conversa divulgada pela imprensa, em mar\u00e7o.<\/p>\n<p>&#8220;Nota-se, assim, que s\u00e3o graves os il\u00edcitos praticados pelos acusados, revelando os elementos dos autos que os envolvidos agiram com absoluto menoscabo [desprezo] e desrespeito \u00e0 pr\u00f3pria fun\u00e7\u00e3o de Presidente da Rep\u00fablica e de Deputado Federal que MICHEL TEMER e RODRIGO LOURES exercem, respectivamente, \u00e0 coisa p\u00fablica e aos valores republicanos, tudo a refor\u00e7ar a necessidade de repara\u00e7\u00e3o de dano moral \u00e0 coletividade&#8221;, diz um trecho da cota da den\u00fancia &#8211; esp\u00e9cie de resumo &#8211; que j\u00e1 est\u00e1 no sistema do Supremo.<\/p>\n<p>&#8220;Os interesses privados dos acusados passaram a prevalecer sobre a defesa do interesse p\u00fablico, valor que deveria ser por ele devidamente observado. Em outras palavras: Michel Temer e Rodrigo Loures desvirtuaram as importantes fun\u00e7\u00f5es p\u00fablicas que exercem, visando, apenas, ao atendimento de seus interesses escusos&#8221;, segue o texto.<\/p>\n<p>Tens\u00e3o<\/p>\n<p>A tens\u00e3o entre Temer e Janot tem aumentando desde o vazamento da conversa com Batista. Al\u00e9m da den\u00fancia, os dois tamb\u00e9m travam um embate na escolha do pr\u00f3ximo a ocupar o cargo de procurador-geral da Rep\u00fablica, escolha que ocorre este ano. <\/p>\n<p>A Suprema Corte, que pode vir a julgar o peemedebista est\u00e1 marcada por dois fatos. De um lado, parte do STF se mostra indisposta com Temer, ap\u00f3s suspeitas de que a Ag\u00eancia Brasileira de Intelig\u00eancia (Abin) tenha grampeado Fachin. De outro, Janot pediu que Gilmar Mendes fosse afastado de julgar Eike Batista, j\u00e1 que a esposa deste trabalhava em escrit\u00f3rio que atuou em favor do empres\u00e1rio. <\/p>\n<p>Pr\u00f3ximos passos<\/p>\n<p>O procedimento que se seguir\u00e1 com rela\u00e7\u00e3o a Temer \u00e9 diferente de um impeachment, j\u00e1 que corrup\u00e7\u00e3o passiva se trata de crime comum, e n\u00e3o de responsabilidade. O presidente da Rep\u00fablica s\u00f3 pode ser processado criminalmente por fatos cometidos durante seu atual mandato e a ele relacionados. <\/p>\n<p>Para que Temer se torne r\u00e9u efetivamente, dois ter\u00e7os da C\u00e2mara dos Deputados devem autorizar o prosseguimento da a\u00e7\u00e3o. Antes do plen\u00e1rio da Casa, a quest\u00e3o passa pela Comiss\u00e3o de Constitui\u00e7\u00e3o e Justi\u00e7a. A defesa poder\u00e1 se manifestar nesses momentos. <\/p>\n<p>Se houver tal autoriza\u00e7\u00e3o, o STF deve analisar se recebe ou n\u00e3o a den\u00fancia e inicia o processo de julgamento. <\/p>\n<p>Caso isso ocorra, Temer ser\u00e1 afastado por at\u00e9 180 dias.<\/p>\n<p>Alessandro Soares, professor de Direito da Universidade Presbiteriana Mackenzie em S\u00e3o Paulo, afirma que caso esse cen\u00e1rio se confirme, n\u00e3o seria a primeira vez que um presidente brasileira \u00e9 processado nesse modelo:<\/p>\n<p>&#8220;Al\u00e9m de ter sofrido processo por crime de responsabilidade [no impeachment], [Fernando] Collor tamb\u00e9m foi processado por crime comum&#8221;, relembra. A novidade ser\u00e1 que Temer pode responder ao processo no Supremo Tribunal Federal, estando no cargo, ao contr\u00e1rio de Collor, ou seja, seria \u201ca primeira vez que o Poder Judici\u00e1rio possibilita o afastamento de um presidente da Rep\u00fablica&#8221;.<\/p>\n<p>Soares afirma que, ainda que o poss\u00edvel afastamento n\u00e3o significa necessariamente condena\u00e7\u00e3o, mas o mundo pol\u00edtico sofreria uma grande mudan\u00e7a, mesmo que sem um substituto definitivo para o peemedebista: \u201cO afastamento gera uma nova situa\u00e7\u00e3o. Muda toda correla\u00e7\u00e3o de for\u00e7as dentro do Congresso, o jogo de distribui\u00e7\u00e3o dos cargos pol\u00edticos, o que pode gerar uma certa dificuldade em voltar\u201d. <\/p>\n<p>(*) com informa\u00e7\u00f5es de Rafael Tatemoto<\/p>\n<p>Edi\u00e7\u00e3o: Vanessa Martina Silva<\/p>\n","protected":false},"excerpt":{"rendered":"<p>Processo de investiga\u00e7\u00e3o s\u00f3 pode continuar com autoriza\u00e7\u00e3o de 342 deputados no Congresso<\/p>\n","protected":false},"author":1,"featured_media":11775,"comment_status":"closed","ping_status":"open","sticky":false,"template":"","format":"standard","meta":{"_exactmetrics_skip_tracking":false,"_exactmetrics_sitenote_active":false,"_exactmetrics_sitenote_note":"","_exactmetrics_sitenote_category":0,"jetpack_post_was_ever_published":false,"_jetpack_newsletter_access":"","_jetpack_dont_email_post_to_subs":false,"_jetpack_newsletter_tier_id":0,"_jetpack_memberships_contains_paywalled_content":false,"_jetpack_memberships_contains_paid_content":false,"footnotes":"","jetpack_publicize_message":"","jetpack_publicize_feature_enabled":true,"jetpack_social_post_already_shared":true,"jetpack_social_options":{"image_generator_settings":{"template":"highway","enabled":false},"version":2}},"categories":[1],"tags":[],"class_list":["post-11774","post","type-post","status-publish","format-standard","has-post-thumbnail","hentry","category-notas"],"jetpack_publicize_connections":[],"jetpack_sharing_enabled":true,"jetpack_featured_media_url":"https:\/\/i0.wp.com\/blogdalucianaoliveira.com.br\/blog\/wp-content\/uploads\/2017\/06\/por-1.jpg?fit=640%2C427","jetpack_shortlink":"https:\/\/wp.me\/p7wKYW-33U","jetpack-related-posts":[],"_links":{"self":[{"href":"http:\/\/blogdalucianaoliveira.com.br\/blog\/wp-json\/wp\/v2\/posts\/11774","targetHints":{"allow":["GET"]}}],"collection":[{"href":"http:\/\/blogdalucianaoliveira.com.br\/blog\/wp-json\/wp\/v2\/posts"}],"about":[{"href":"http:\/\/blogdalucianaoliveira.com.br\/blog\/wp-json\/wp\/v2\/types\/post"}],"author":[{"embeddable":true,"href":"http:\/\/blogdalucianaoliveira.com.br\/blog\/wp-json\/wp\/v2\/users\/1"}],"replies":[{"embeddable":true,"href":"http:\/\/blogdalucianaoliveira.com.br\/blog\/wp-json\/wp\/v2\/comments?post=11774"}],"version-history":[{"count":1,"href":"http:\/\/blogdalucianaoliveira.com.br\/blog\/wp-json\/wp\/v2\/posts\/11774\/revisions"}],"predecessor-version":[{"id":11776,"href":"http:\/\/blogdalucianaoliveira.com.br\/blog\/wp-json\/wp\/v2\/posts\/11774\/revisions\/11776"}],"wp:featuredmedia":[{"embeddable":true,"href":"http:\/\/blogdalucianaoliveira.com.br\/blog\/wp-json\/wp\/v2\/media\/11775"}],"wp:attachment":[{"href":"http:\/\/blogdalucianaoliveira.com.br\/blog\/wp-json\/wp\/v2\/media?parent=11774"}],"wp:term":[{"taxonomy":"category","embeddable":true,"href":"http:\/\/blogdalucianaoliveira.com.br\/blog\/wp-json\/wp\/v2\/categories?post=11774"},{"taxonomy":"post_tag","embeddable":true,"href":"http:\/\/blogdalucianaoliveira.com.br\/blog\/wp-json\/wp\/v2\/tags?post=11774"}],"curies":[{"name":"wp","href":"https:\/\/api.w.org\/{rel}","templated":true}]}}