{"id":11777,"date":"2017-06-26T21:30:03","date_gmt":"2017-06-27T01:30:03","guid":{"rendered":"http:\/\/blogdalucianaoliveira.com.br\/blog\/?p=11777"},"modified":"2017-06-26T21:30:03","modified_gmt":"2017-06-27T01:30:03","slug":"o-combate-ao-trafico-de-drogas-lota-cadeias-com-os-pequenos-traficantes","status":"publish","type":"post","link":"http:\/\/blogdalucianaoliveira.com.br\/blog\/2017\/06\/26\/o-combate-ao-trafico-de-drogas-lota-cadeias-com-os-pequenos-traficantes\/","title":{"rendered":"O combate ao tr\u00e1fico de drogas lota cadeias, com os pequenos traficantes"},"content":{"rendered":"<p><img data-recalc-dims=\"1\" loading=\"lazy\" decoding=\"async\" data-attachment-id=\"11778\" data-permalink=\"http:\/\/blogdalucianaoliveira.com.br\/blog\/2017\/06\/26\/o-combate-ao-trafico-de-drogas-lota-cadeias-com-os-pequenos-traficantes\/img_0374-2\/\" data-orig-file=\"https:\/\/i0.wp.com\/blogdalucianaoliveira.com.br\/blog\/wp-content\/uploads\/2017\/06\/IMG_0374.jpg?fit=750%2C325\" data-orig-size=\"750,325\" data-comments-opened=\"0\" data-image-meta=\"{&quot;aperture&quot;:&quot;0&quot;,&quot;credit&quot;:&quot;&quot;,&quot;camera&quot;:&quot;&quot;,&quot;caption&quot;:&quot;&quot;,&quot;created_timestamp&quot;:&quot;0&quot;,&quot;copyright&quot;:&quot;&quot;,&quot;focal_length&quot;:&quot;0&quot;,&quot;iso&quot;:&quot;0&quot;,&quot;shutter_speed&quot;:&quot;0&quot;,&quot;title&quot;:&quot;&quot;,&quot;orientation&quot;:&quot;1&quot;}\" data-image-title=\"IMG_0374\" data-image-description=\"\" data-image-caption=\"\" data-medium-file=\"https:\/\/i0.wp.com\/blogdalucianaoliveira.com.br\/blog\/wp-content\/uploads\/2017\/06\/IMG_0374.jpg?fit=300%2C130\" data-large-file=\"https:\/\/i0.wp.com\/blogdalucianaoliveira.com.br\/blog\/wp-content\/uploads\/2017\/06\/IMG_0374.jpg?fit=600%2C260\" src=\"https:\/\/i0.wp.com\/blogdalucianaoliveira.com.br\/blog\/wp-content\/uploads\/2017\/06\/IMG_0374.jpg?resize=600%2C260\" alt=\"IMG_0374\" width=\"600\" height=\"260\" class=\"alignnone size-full wp-image-11778\" srcset=\"https:\/\/i0.wp.com\/blogdalucianaoliveira.com.br\/blog\/wp-content\/uploads\/2017\/06\/IMG_0374.jpg?w=750 750w, https:\/\/i0.wp.com\/blogdalucianaoliveira.com.br\/blog\/wp-content\/uploads\/2017\/06\/IMG_0374.jpg?resize=300%2C130 300w, https:\/\/i0.wp.com\/blogdalucianaoliveira.com.br\/blog\/wp-content\/uploads\/2017\/06\/IMG_0374.jpg?resize=692%2C300 692w\" sizes=\"auto, (max-width: 600px) 100vw, 600px\" \/><\/p>\n<p>600 quilos de coca\u00edna decolaram de uma fazenda arrendada por familiares do ministro de Temer. <\/p>\n<p>H\u00e1 uns anos, outros 450 foram apreendidos na aeronave de familiares de um senador tucano. <\/p>\n<p>E os pres\u00eddios est\u00e3o lotados por usu\u00e1rios e pequenos traficantes. Um aumento de 339% dessa popula\u00e7\u00e3o carcer\u00e1ria, de 2005 a 2013. <\/p>\n<p>Ser\u00e1 que nossa pol\u00edtica de combate \u00e0s drogas \u00e9 eficaz? <\/p>\n<p>Os grandes traficantes n\u00e3o est\u00e3o s\u00f3 fora das pris\u00f5es, mas no poder. <\/p>\n<p>Eles aterrissam e decolam de propriedades de pol\u00edticos e ministros.<\/p>\n","protected":false},"excerpt":{"rendered":"<p>600 quilos de coca\u00edna decolaram de uma fazenda arrendada por familiares do ministro de Temer. H\u00e1 uns anos, outros 450 foram apreendidos na aeronave de familiares de um senador tucano. E os pres\u00eddios est\u00e3o lotados por usu\u00e1rios e pequenos traficantes. Um aumento de 339% dessa popula\u00e7\u00e3o carcer\u00e1ria, de 2005 a 2013. Ser\u00e1 que nossa pol\u00edtica&#8230;<a class=\"more-link\" href=\"http:\/\/blogdalucianaoliveira.com.br\/blog\/2017\/06\/26\/o-combate-ao-trafico-de-drogas-lota-cadeias-com-os-pequenos-traficantes\/\">Continue a leitura <span class=\"meta-nav\">&raquo;<\/span><\/a><\/p>\n","protected":false},"author":1,"featured_media":0,"comment_status":"closed","ping_status":"open","sticky":false,"template":"","format":"standard","meta":{"_exactmetrics_skip_tracking":false,"_exactmetrics_sitenote_active":false,"_exactmetrics_sitenote_note":"","_exactmetrics_sitenote_category":0,"jetpack_post_was_ever_published":false,"_jetpack_newsletter_access":"","_jetpack_dont_email_post_to_subs":false,"_jetpack_newsletter_tier_id":0,"_jetpack_memberships_contains_paywalled_content":false,"_jetpack_memberships_contains_paid_content":false,"footnotes":"","jetpack_publicize_message":"","jetpack_publicize_feature_enabled":true,"jetpack_social_post_already_shared":true,"jetpack_social_options":{"image_generator_settings":{"template":"highway","enabled":false},"version":2}},"categories":[1],"tags":[],"class_list":["post-11777","post","type-post","status-publish","format-standard","hentry","category-notas"],"jetpack_publicize_connections":[],"jetpack_sharing_enabled":true,"jetpack_featured_media_url":"","jetpack_shortlink":"https:\/\/wp.me\/p7wKYW-33X","jetpack-related-posts":[],"_links":{"self":[{"href":"http:\/\/blogdalucianaoliveira.com.br\/blog\/wp-json\/wp\/v2\/posts\/11777","targetHints":{"allow":["GET"]}}],"collection":[{"href":"http:\/\/blogdalucianaoliveira.com.br\/blog\/wp-json\/wp\/v2\/posts"}],"about":[{"href":"http:\/\/blogdalucianaoliveira.com.br\/blog\/wp-json\/wp\/v2\/types\/post"}],"author":[{"embeddable":true,"href":"http:\/\/blogdalucianaoliveira.com.br\/blog\/wp-json\/wp\/v2\/users\/1"}],"replies":[{"embeddable":true,"href":"http:\/\/blogdalucianaoliveira.com.br\/blog\/wp-json\/wp\/v2\/comments?post=11777"}],"version-history":[{"count":1,"href":"http:\/\/blogdalucianaoliveira.com.br\/blog\/wp-json\/wp\/v2\/posts\/11777\/revisions"}],"predecessor-version":[{"id":11779,"href":"http:\/\/blogdalucianaoliveira.com.br\/blog\/wp-json\/wp\/v2\/posts\/11777\/revisions\/11779"}],"wp:attachment":[{"href":"http:\/\/blogdalucianaoliveira.com.br\/blog\/wp-json\/wp\/v2\/media?parent=11777"}],"wp:term":[{"taxonomy":"category","embeddable":true,"href":"http:\/\/blogdalucianaoliveira.com.br\/blog\/wp-json\/wp\/v2\/categories?post=11777"},{"taxonomy":"post_tag","embeddable":true,"href":"http:\/\/blogdalucianaoliveira.com.br\/blog\/wp-json\/wp\/v2\/tags?post=11777"}],"curies":[{"name":"wp","href":"https:\/\/api.w.org\/{rel}","templated":true}]}}