{"id":11780,"date":"2017-06-27T11:08:46","date_gmt":"2017-06-27T15:08:46","guid":{"rendered":"http:\/\/blogdalucianaoliveira.com.br\/blog\/?p=11780"},"modified":"2017-06-27T11:10:11","modified_gmt":"2017-06-27T15:10:11","slug":"o-governo-temer-acabou","status":"publish","type":"post","link":"http:\/\/blogdalucianaoliveira.com.br\/blog\/2017\/06\/27\/o-governo-temer-acabou\/","title":{"rendered":"O governo Temer acabou"},"content":{"rendered":"<p><img data-recalc-dims=\"1\" loading=\"lazy\" decoding=\"async\" data-attachment-id=\"11781\" data-permalink=\"http:\/\/blogdalucianaoliveira.com.br\/blog\/2017\/06\/27\/o-governo-temer-acabou\/aca\/\" data-orig-file=\"https:\/\/i0.wp.com\/blogdalucianaoliveira.com.br\/blog\/wp-content\/uploads\/2017\/06\/aca.jpg?fit=490%2C280\" data-orig-size=\"490,280\" data-comments-opened=\"0\" data-image-meta=\"{&quot;aperture&quot;:&quot;0&quot;,&quot;credit&quot;:&quot;&quot;,&quot;camera&quot;:&quot;&quot;,&quot;caption&quot;:&quot;&quot;,&quot;created_timestamp&quot;:&quot;0&quot;,&quot;copyright&quot;:&quot;&quot;,&quot;focal_length&quot;:&quot;0&quot;,&quot;iso&quot;:&quot;0&quot;,&quot;shutter_speed&quot;:&quot;0&quot;,&quot;title&quot;:&quot;&quot;,&quot;orientation&quot;:&quot;0&quot;}\" data-image-title=\"aca\" data-image-description=\"\" data-image-caption=\"\" data-medium-file=\"https:\/\/i0.wp.com\/blogdalucianaoliveira.com.br\/blog\/wp-content\/uploads\/2017\/06\/aca.jpg?fit=300%2C171\" data-large-file=\"https:\/\/i0.wp.com\/blogdalucianaoliveira.com.br\/blog\/wp-content\/uploads\/2017\/06\/aca.jpg?fit=490%2C280\" src=\"https:\/\/i0.wp.com\/blogdalucianaoliveira.com.br\/blog\/wp-content\/uploads\/2017\/06\/aca.jpg?resize=490%2C280\" alt=\"aca\" width=\"490\" height=\"280\" class=\"alignnone size-full wp-image-11781\" srcset=\"https:\/\/i0.wp.com\/blogdalucianaoliveira.com.br\/blog\/wp-content\/uploads\/2017\/06\/aca.jpg?w=490 490w, https:\/\/i0.wp.com\/blogdalucianaoliveira.com.br\/blog\/wp-content\/uploads\/2017\/06\/aca.jpg?resize=300%2C171 300w\" sizes=\"auto, (max-width: 490px) 100vw, 490px\" \/><\/p>\n<p>Temer precisa de 171 votos na C\u00e2mara para n\u00e3o ser afastado da presid\u00eancia da Rep\u00fablica.<!--more--><\/p>\n<p>No 247, por Alex Solnik<\/p>\n<p>N\u00e3o vai ser f\u00e1cil convencer os aliados a marcharem para o sacrif\u00edcio porque as provas contra Temer foram testemunhadas por todos os brasileiros na cena inesquec\u00edvel em que um aparvalhado amigo de f\u00e9, irm\u00e3o, camarada do presidente corre na cal\u00e7ada com mala de 500 mil reais na m\u00e3o que recebeu das m\u00e3os de um diretor da JBS.<\/p>\n<p>Eles n\u00e3o poder\u00e3o ir ao microfone do plen\u00e1rio enrolados na bandeira brasileira, como fizeram com Dilma e proclamarem sua ades\u00e3o irrestrita \u00e0 luta contra a corrup\u00e7\u00e3o, em nome de seus pets.<\/p>\n<p>O que dir\u00e3o agora para justificar o voto em Temer? Que s\u00e3o a favor da corrup\u00e7\u00e3o?<\/p>\n<p>Votar contra Dilma, h\u00e1 um ano, dava prest\u00edgio nas ruas.<\/p>\n<p>Era a cruzada do bem contra o mal. Da bandeira verde-amarela contra a vermelha.<\/p>\n<p>As ruas est\u00e3o vazias no momento, mas os que est\u00e3o em casa, no escrit\u00f3rio ou nas f\u00e1bricas n\u00e3o querem mais saber de Temer, \u00e9 o que apontam as pesquisas.<\/p>\n<p>N\u00e3o precisam ir \u00e0 rua para dizer isso. Ou seja, n\u00e3o querem nem se dar ao trabalho de ir \u00e0s ruas.<\/p>\n<p>Votar contra Dilma dava, al\u00e9m de voto na rua, cargo no governo. O governo estava s\u00f3 no come\u00e7o, repleto de cargos apetitosos.<\/p>\n<p>Agora, o governo \u00e9 um fim de feira.<\/p>\n<p>Os deputados sabem que se votarem a favor de Temer ser\u00e3o apontados como corruptos, tal como ele, porque a popula\u00e7\u00e3o j\u00e1 percebeu que \u00e9 assim que o governo Temer funciona.<\/p>\n<p>Para que v\u00e3o querer mais essa pecha?<\/p>\n<p>Ao derrubarem Dilma, os aliados de Temer apostavam que o novo presidente os protegeria da Pol\u00edcia Federal.<\/p>\n<p>Um ano depois constatam que ele n\u00e3o consegue nem proteger a si pr\u00f3prio, quanto mais os demais enrolados na Odebrecht e na JBS.<\/p>\n<p>O n\u00famero 171 tem dois significados no Brasil.<\/p>\n<p>\u00c9 o n\u00famero do artigo do C\u00f3digo Penal que diz respeito ao crime de estelionato:<\/p>\n<p>\u201cArt. 171 &#8211; Obter, para si ou para outrem, vantagem il\u00edcita, em preju\u00edzo alheio, induzindo ou mantendo algu\u00e9m em erro, mediante artif\u00edcio, ardil, ou qualquer outro meio fraudulento\u201d.<\/p>\n<p>Ou seja, enganar outras pessoas para conseguir vantagens.<\/p>\n<p>\u201c171\u201d tamb\u00e9m \u00e9 uma g\u00edria muito utilizada entre criminosos para designar o mentiroso, mau car\u00e1ter, n\u00e3o confi\u00e1vel, manipulador.<\/p>\n<p>Temer precisa de 171 deputados \u201c171\u201d para sobreviver.<\/p>\n<p>A acusa\u00e7\u00e3o de corrup\u00e7\u00e3o \u00e9 a primeira. Mais duas est\u00e3o a caminho, por obstru\u00e7\u00e3o de justi\u00e7a e de organiza\u00e7\u00e3o criminosa.<\/p>\n<p>Para cada uma delas ser\u00e1 necess\u00e1rio esse qu\u00f3rum.  <\/p>\n<p>Em outras palavras, o governo Temer acabou.<\/p>\n<p>Daqui em diante a sua agenda \u00e9 uma s\u00f3: adiar o fim o m\u00e1ximo poss\u00edvel.<\/p>\n","protected":false},"excerpt":{"rendered":"<p>Temer precisa de 171 votos na C\u00e2mara para n\u00e3o ser afastado da presid\u00eancia da Rep\u00fablica.<\/p>\n","protected":false},"author":1,"featured_media":0,"comment_status":"closed","ping_status":"open","sticky":false,"template":"","format":"standard","meta":{"_exactmetrics_skip_tracking":false,"_exactmetrics_sitenote_active":false,"_exactmetrics_sitenote_note":"","_exactmetrics_sitenote_category":0,"jetpack_post_was_ever_published":false,"_jetpack_newsletter_access":"","_jetpack_dont_email_post_to_subs":false,"_jetpack_newsletter_tier_id":0,"_jetpack_memberships_contains_paywalled_content":false,"_jetpack_memberships_contains_paid_content":false,"footnotes":"","jetpack_publicize_message":"","jetpack_publicize_feature_enabled":true,"jetpack_social_post_already_shared":true,"jetpack_social_options":{"image_generator_settings":{"template":"highway","enabled":false},"version":2}},"categories":[1],"tags":[],"class_list":["post-11780","post","type-post","status-publish","format-standard","hentry","category-notas"],"jetpack_publicize_connections":[],"jetpack_sharing_enabled":true,"jetpack_featured_media_url":"","jetpack_shortlink":"https:\/\/wp.me\/p7wKYW-340","jetpack-related-posts":[],"_links":{"self":[{"href":"http:\/\/blogdalucianaoliveira.com.br\/blog\/wp-json\/wp\/v2\/posts\/11780","targetHints":{"allow":["GET"]}}],"collection":[{"href":"http:\/\/blogdalucianaoliveira.com.br\/blog\/wp-json\/wp\/v2\/posts"}],"about":[{"href":"http:\/\/blogdalucianaoliveira.com.br\/blog\/wp-json\/wp\/v2\/types\/post"}],"author":[{"embeddable":true,"href":"http:\/\/blogdalucianaoliveira.com.br\/blog\/wp-json\/wp\/v2\/users\/1"}],"replies":[{"embeddable":true,"href":"http:\/\/blogdalucianaoliveira.com.br\/blog\/wp-json\/wp\/v2\/comments?post=11780"}],"version-history":[{"count":1,"href":"http:\/\/blogdalucianaoliveira.com.br\/blog\/wp-json\/wp\/v2\/posts\/11780\/revisions"}],"predecessor-version":[{"id":11782,"href":"http:\/\/blogdalucianaoliveira.com.br\/blog\/wp-json\/wp\/v2\/posts\/11780\/revisions\/11782"}],"wp:attachment":[{"href":"http:\/\/blogdalucianaoliveira.com.br\/blog\/wp-json\/wp\/v2\/media?parent=11780"}],"wp:term":[{"taxonomy":"category","embeddable":true,"href":"http:\/\/blogdalucianaoliveira.com.br\/blog\/wp-json\/wp\/v2\/categories?post=11780"},{"taxonomy":"post_tag","embeddable":true,"href":"http:\/\/blogdalucianaoliveira.com.br\/blog\/wp-json\/wp\/v2\/tags?post=11780"}],"curies":[{"name":"wp","href":"https:\/\/api.w.org\/{rel}","templated":true}]}}