{"id":11786,"date":"2017-06-27T11:24:36","date_gmt":"2017-06-27T15:24:36","guid":{"rendered":"http:\/\/blogdalucianaoliveira.com.br\/blog\/?p=11786"},"modified":"2017-06-27T11:24:36","modified_gmt":"2017-06-27T15:24:36","slug":"ninguem-vai-morrer-abracado-ao-presidente","status":"publish","type":"post","link":"http:\/\/blogdalucianaoliveira.com.br\/blog\/2017\/06\/27\/ninguem-vai-morrer-abracado-ao-presidente\/","title":{"rendered":"\u201cNINGU\u00c9M VAI MORRER ABRA\u00c7ADO AO PRESIDENTE\u201d"},"content":{"rendered":"<p><img data-recalc-dims=\"1\" loading=\"lazy\" decoding=\"async\" data-attachment-id=\"11787\" data-permalink=\"http:\/\/blogdalucianaoliveira.com.br\/blog\/2017\/06\/27\/ninguem-vai-morrer-abracado-ao-presidente\/presidente-michel-temer-em-sao-paulo\/\" data-orig-file=\"https:\/\/i0.wp.com\/blogdalucianaoliveira.com.br\/blog\/wp-content\/uploads\/2017\/06\/s%C3%B3.jpg?fit=1000%2C357\" data-orig-size=\"1000,357\" data-comments-opened=\"0\" data-image-meta=\"{&quot;aperture&quot;:&quot;0&quot;,&quot;credit&quot;:&quot;NACHO DOCE&quot;,&quot;camera&quot;:&quot;&quot;,&quot;caption&quot;:&quot;Presidente Michel Temer, em S\\u00e3o Paulo. 03\\\/04\\\/2017 REUTERS\\\/Nacho Doce&quot;,&quot;created_timestamp&quot;:&quot;0&quot;,&quot;copyright&quot;:&quot;&quot;,&quot;focal_length&quot;:&quot;0&quot;,&quot;iso&quot;:&quot;0&quot;,&quot;shutter_speed&quot;:&quot;0&quot;,&quot;title&quot;:&quot;Presidente Michel Temer, em S\\u00e3o Paulo&quot;,&quot;orientation&quot;:&quot;1&quot;}\" data-image-title=\"Presidente Michel Temer, em S\u00e3o Paulo\" data-image-description=\"\" data-image-caption=\"\" data-medium-file=\"https:\/\/i0.wp.com\/blogdalucianaoliveira.com.br\/blog\/wp-content\/uploads\/2017\/06\/s%C3%B3.jpg?fit=300%2C107\" data-large-file=\"https:\/\/i0.wp.com\/blogdalucianaoliveira.com.br\/blog\/wp-content\/uploads\/2017\/06\/s%C3%B3.jpg?fit=600%2C214\" src=\"https:\/\/i0.wp.com\/blogdalucianaoliveira.com.br\/blog\/wp-content\/uploads\/2017\/06\/s%C3%B3.jpg?resize=600%2C214\" alt=\" \" width=\"600\" height=\"214\" class=\"alignnone size-full wp-image-11787\" srcset=\"https:\/\/i0.wp.com\/blogdalucianaoliveira.com.br\/blog\/wp-content\/uploads\/2017\/06\/s%C3%B3.jpg?w=1000 1000w, https:\/\/i0.wp.com\/blogdalucianaoliveira.com.br\/blog\/wp-content\/uploads\/2017\/06\/s%C3%B3.jpg?resize=300%2C107 300w, https:\/\/i0.wp.com\/blogdalucianaoliveira.com.br\/blog\/wp-content\/uploads\/2017\/06\/s%C3%B3.jpg?resize=768%2C274 768w, https:\/\/i0.wp.com\/blogdalucianaoliveira.com.br\/blog\/wp-content\/uploads\/2017\/06\/s%C3%B3.jpg?resize=800%2C286 800w\" sizes=\"auto, (max-width: 600px) 100vw, 600px\" \/><\/p>\n<p>Da Zero Hora:<\/p>\n<p>Enquanto aguardava o procurador-geral da Rep\u00fablica, Rodrigo Janot, apresentar a in\u00e9dita den\u00fancia contra o presidente da Rep\u00fablica por corrup\u00e7\u00e3o passiva, parte da base parlamentar de Michel Temer subiu no muro.<!--more--><\/p>\n<p>Deputados de legendas como PSDB, PP, PR, PSD, DEM, PTB e Podemos (ex-PTN) admitem, em reservado, que aguardam o conte\u00fado desta primeira acusa\u00e7\u00e3o e a repercuss\u00e3o nos redutos eleitorais para definir o voto de blindagem ao peemedebista.<\/p>\n<p>\u201cNingu\u00e9m vai morrer abra\u00e7ado no presidente\u201d \u00e9 uma das frases repetidas por diferentes aliados do Pal\u00e1cio do Planalto, inclusive na bancada do PMDB, partido de Temer. Apesar da cautela da base e da conclus\u00e3o da per\u00edcia na grava\u00e7\u00e3o da conversa com Joesley Batista indicar que n\u00e3o houve edi\u00e7\u00e3o no \u00e1udio, o n\u00facleo duro do governo assegura que disp\u00f5e dos 172 votos necess\u00e1rios para arquivar a den\u00fancia, sendo ela fatiada ou n\u00e3o.<\/p>\n<p>A maior relut\u00e2ncia da base fica entre parlamentares jovens e no primeiro mandato, que respondem por mais de um ter\u00e7o da C\u00e2mara. O mote tem sido desconversar sobre a tend\u00eancia de voto.<\/p>\n<p>\u2014 N\u00e3o tenho perfil de falar sobre assunto que n\u00e3o tenho conhecimento. N\u00e3o conhe\u00e7o a den\u00fancia \u2014 afirma Alexandre Baldy (GO), l\u00edder do Podemos.<\/p>\n<p>O principal exemplo de resist\u00eancia na coaliz\u00e3o de Temer est\u00e1 no PSDB, com o grupo dos \u201ccabe\u00e7as pretas\u201d, favor\u00e1vel ao desembarque do governo e insatisfeito por manter a imagem alinhada a um presidente com 7% de aprova\u00e7\u00e3o.<\/p>\n<p>\u2014 A mesma r\u00e9gua que usei para Dilma e Eduardo Cunha ser\u00e1 usada para o presidente Michel Temer. Qualquer investiga\u00e7\u00e3o contra um homem p\u00fablico, deve ser analisada e investigada com o m\u00e1ximo rigor \u2014 discursa Betinho Gomes (PSDB-PE).<\/p>\n<p>A prud\u00eancia tem motivo. Como a an\u00e1lise das den\u00fancias de Janot ser\u00e3o feitas em plen\u00e1rio no mesmo molde do impeachment de Dilma Rousseff, com cada parlamentar votando diante das c\u00e2meras, pesa o receio do impacto nas reelei\u00e7\u00f5es. A relut\u00e2ncia cresce com pol\u00edticos que pretendem disputar governos de Estado e vagas no Senado.<\/p>\n<p>\u2014 Temer n\u00e3o concorre mais nem a s\u00edndico. Eu vou seguir na pol\u00edtica \u2014 explica um peemedebista.<\/p>\n<p>(\u2026)<\/p>\n","protected":false},"excerpt":{"rendered":"<p>Da Zero Hora: Enquanto aguardava o procurador-geral da Rep\u00fablica, Rodrigo Janot, apresentar a in\u00e9dita den\u00fancia contra o presidente da Rep\u00fablica por corrup\u00e7\u00e3o passiva, parte da base parlamentar de Michel Temer subiu no muro.<\/p>\n","protected":false},"author":1,"featured_media":0,"comment_status":"closed","ping_status":"open","sticky":false,"template":"","format":"standard","meta":{"_exactmetrics_skip_tracking":false,"_exactmetrics_sitenote_active":false,"_exactmetrics_sitenote_note":"","_exactmetrics_sitenote_category":0,"jetpack_post_was_ever_published":false,"_jetpack_newsletter_access":"","_jetpack_dont_email_post_to_subs":false,"_jetpack_newsletter_tier_id":0,"_jetpack_memberships_contains_paywalled_content":false,"_jetpack_memberships_contains_paid_content":false,"footnotes":"","jetpack_publicize_message":"","jetpack_publicize_feature_enabled":true,"jetpack_social_post_already_shared":true,"jetpack_social_options":{"image_generator_settings":{"template":"highway","enabled":false},"version":2}},"categories":[1],"tags":[],"class_list":["post-11786","post","type-post","status-publish","format-standard","hentry","category-notas"],"jetpack_publicize_connections":[],"jetpack_sharing_enabled":true,"jetpack_featured_media_url":"","jetpack_shortlink":"https:\/\/wp.me\/p7wKYW-346","jetpack-related-posts":[],"_links":{"self":[{"href":"http:\/\/blogdalucianaoliveira.com.br\/blog\/wp-json\/wp\/v2\/posts\/11786","targetHints":{"allow":["GET"]}}],"collection":[{"href":"http:\/\/blogdalucianaoliveira.com.br\/blog\/wp-json\/wp\/v2\/posts"}],"about":[{"href":"http:\/\/blogdalucianaoliveira.com.br\/blog\/wp-json\/wp\/v2\/types\/post"}],"author":[{"embeddable":true,"href":"http:\/\/blogdalucianaoliveira.com.br\/blog\/wp-json\/wp\/v2\/users\/1"}],"replies":[{"embeddable":true,"href":"http:\/\/blogdalucianaoliveira.com.br\/blog\/wp-json\/wp\/v2\/comments?post=11786"}],"version-history":[{"count":1,"href":"http:\/\/blogdalucianaoliveira.com.br\/blog\/wp-json\/wp\/v2\/posts\/11786\/revisions"}],"predecessor-version":[{"id":11788,"href":"http:\/\/blogdalucianaoliveira.com.br\/blog\/wp-json\/wp\/v2\/posts\/11786\/revisions\/11788"}],"wp:attachment":[{"href":"http:\/\/blogdalucianaoliveira.com.br\/blog\/wp-json\/wp\/v2\/media?parent=11786"}],"wp:term":[{"taxonomy":"category","embeddable":true,"href":"http:\/\/blogdalucianaoliveira.com.br\/blog\/wp-json\/wp\/v2\/categories?post=11786"},{"taxonomy":"post_tag","embeddable":true,"href":"http:\/\/blogdalucianaoliveira.com.br\/blog\/wp-json\/wp\/v2\/tags?post=11786"}],"curies":[{"name":"wp","href":"https:\/\/api.w.org\/{rel}","templated":true}]}}