{"id":11789,"date":"2017-06-27T11:34:54","date_gmt":"2017-06-27T15:34:54","guid":{"rendered":"http:\/\/blogdalucianaoliveira.com.br\/blog\/?p=11789"},"modified":"2017-06-27T11:40:00","modified_gmt":"2017-06-27T15:40:00","slug":"temer-e-vitima-de-uma-armacao-de-janot","status":"publish","type":"post","link":"http:\/\/blogdalucianaoliveira.com.br\/blog\/2017\/06\/27\/temer-e-vitima-de-uma-armacao-de-janot\/","title":{"rendered":"Temer \u00e9 v\u00edtima de uma arma\u00e7\u00e3o de Janot!"},"content":{"rendered":"<p><img data-recalc-dims=\"1\" loading=\"lazy\" decoding=\"async\" data-attachment-id=\"11790\" data-permalink=\"http:\/\/blogdalucianaoliveira.com.br\/blog\/2017\/06\/27\/temer-e-vitima-de-uma-armacao-de-janot\/molina\/\" data-orig-file=\"https:\/\/i0.wp.com\/blogdalucianaoliveira.com.br\/blog\/wp-content\/uploads\/2017\/06\/molina.jpg?fit=680%2C453\" data-orig-size=\"680,453\" data-comments-opened=\"0\" data-image-meta=\"{&quot;aperture&quot;:&quot;0&quot;,&quot;credit&quot;:&quot;&quot;,&quot;camera&quot;:&quot;&quot;,&quot;caption&quot;:&quot;&quot;,&quot;created_timestamp&quot;:&quot;0&quot;,&quot;copyright&quot;:&quot;&quot;,&quot;focal_length&quot;:&quot;0&quot;,&quot;iso&quot;:&quot;0&quot;,&quot;shutter_speed&quot;:&quot;0&quot;,&quot;title&quot;:&quot;&quot;,&quot;orientation&quot;:&quot;0&quot;}\" data-image-title=\"molina\" data-image-description=\"\" data-image-caption=\"\" data-medium-file=\"https:\/\/i0.wp.com\/blogdalucianaoliveira.com.br\/blog\/wp-content\/uploads\/2017\/06\/molina.jpg?fit=300%2C200\" data-large-file=\"https:\/\/i0.wp.com\/blogdalucianaoliveira.com.br\/blog\/wp-content\/uploads\/2017\/06\/molina.jpg?fit=600%2C400\" src=\"https:\/\/i0.wp.com\/blogdalucianaoliveira.com.br\/blog\/wp-content\/uploads\/2017\/06\/molina.jpg?resize=600%2C400\" alt=\"molina\" width=\"600\" height=\"400\" class=\"alignnone size-full wp-image-11790\" srcset=\"https:\/\/i0.wp.com\/blogdalucianaoliveira.com.br\/blog\/wp-content\/uploads\/2017\/06\/molina.jpg?w=680 680w, https:\/\/i0.wp.com\/blogdalucianaoliveira.com.br\/blog\/wp-content\/uploads\/2017\/06\/molina.jpg?resize=300%2C200 300w, https:\/\/i0.wp.com\/blogdalucianaoliveira.com.br\/blog\/wp-content\/uploads\/2017\/06\/molina.jpg?resize=450%2C300 450w\" sizes=\"auto, (max-width: 600px) 100vw, 600px\" \/><\/p>\n<p>Por Vin\u00edcius Miguel<!--more--><\/p>\n<p>Quem leu a den\u00fancia da PGR contra Temer e Loures? Aquilo n\u00e3o tem a menor condi\u00e7\u00e3o de prosperar!<br \/>\nExplico:<br \/>\n1. O espa\u00e7amento entre as linhas de todo o texto est\u00e1 2,0 (deveria ser 1,5!). Evidente que Janot s\u00f3 queria &#8220;encher lingui\u00e7a&#8221;;<br \/>\n2. As notas de rodap\u00e9 n\u00e3o s\u00e3o precedidas pelo tra\u00e7ado horizontal para separa\u00e7\u00e3o do texto;<br \/>\n3. \u00c0s fls. 10, existe uma cita\u00e7\u00e3o longa sem formata\u00e7\u00e3o adequada;<br \/>\n4. Todas as cita\u00e7\u00f5es curtas est\u00e3o simultaneamente em it\u00e1lico e entre aspas, quando s\u00f3 se aplica o \u00faltimo;<br \/>\n5. As demais cita\u00e7\u00f5es longas n\u00e3o observaram o par\u00e1grafo (recuo de 4 cm da margem esquerda);<br \/>\n6. O di\u00e1logo de fls. 25-26 est\u00e1 inserto em tabela em desacordo com a ABNT, sem indica\u00e7\u00e3o de fonte (ainda que autoria pr\u00f3pria);<br \/>\n7. As imagens de fls. 35 n\u00e3o possuem indica\u00e7\u00e3o da fonte;<br \/>\n8. Cita\u00e7\u00f5es longas de fls. 38-39 est\u00e3o em formata\u00e7\u00e3o err\u00f4nea (ao inv\u00e9s de fonte 10);<br \/>\n9. N\u00e3o h\u00e1 rol de anexos, embora mencionados.<br \/>\n10. Isso demonstra que Temer est\u00e1 sendo perseguido e as provas s\u00e3o inserv\u00edveis.<\/p>\n<p>(O texto \u00e9 meu! Se for reproduzir, manter a autoria ou incorrer\u00e1 em pl\u00e1gio).<\/p>\n<p>Vin\u00edcius Miguel \u00e9 professor da Universidade Federal de Rond\u00f4nia, membro do Conselho Nacional de Combate \u00c0 Tortura<\/p>\n","protected":false},"excerpt":{"rendered":"<p>Por Vin\u00edcius Miguel<\/p>\n","protected":false},"author":1,"featured_media":11790,"comment_status":"closed","ping_status":"open","sticky":false,"template":"","format":"standard","meta":{"_exactmetrics_skip_tracking":false,"_exactmetrics_sitenote_active":false,"_exactmetrics_sitenote_note":"","_exactmetrics_sitenote_category":0,"jetpack_post_was_ever_published":false,"_jetpack_newsletter_access":"","_jetpack_dont_email_post_to_subs":false,"_jetpack_newsletter_tier_id":0,"_jetpack_memberships_contains_paywalled_content":false,"_jetpack_memberships_contains_paid_content":false,"footnotes":"","jetpack_publicize_message":"","jetpack_publicize_feature_enabled":true,"jetpack_social_post_already_shared":true,"jetpack_social_options":{"image_generator_settings":{"template":"highway","enabled":false},"version":2}},"categories":[1],"tags":[],"class_list":["post-11789","post","type-post","status-publish","format-standard","has-post-thumbnail","hentry","category-notas"],"jetpack_publicize_connections":[],"jetpack_sharing_enabled":true,"jetpack_featured_media_url":"https:\/\/i0.wp.com\/blogdalucianaoliveira.com.br\/blog\/wp-content\/uploads\/2017\/06\/molina.jpg?fit=680%2C453","jetpack_shortlink":"https:\/\/wp.me\/p7wKYW-349","jetpack-related-posts":[],"_links":{"self":[{"href":"http:\/\/blogdalucianaoliveira.com.br\/blog\/wp-json\/wp\/v2\/posts\/11789","targetHints":{"allow":["GET"]}}],"collection":[{"href":"http:\/\/blogdalucianaoliveira.com.br\/blog\/wp-json\/wp\/v2\/posts"}],"about":[{"href":"http:\/\/blogdalucianaoliveira.com.br\/blog\/wp-json\/wp\/v2\/types\/post"}],"author":[{"embeddable":true,"href":"http:\/\/blogdalucianaoliveira.com.br\/blog\/wp-json\/wp\/v2\/users\/1"}],"replies":[{"embeddable":true,"href":"http:\/\/blogdalucianaoliveira.com.br\/blog\/wp-json\/wp\/v2\/comments?post=11789"}],"version-history":[{"count":2,"href":"http:\/\/blogdalucianaoliveira.com.br\/blog\/wp-json\/wp\/v2\/posts\/11789\/revisions"}],"predecessor-version":[{"id":11792,"href":"http:\/\/blogdalucianaoliveira.com.br\/blog\/wp-json\/wp\/v2\/posts\/11789\/revisions\/11792"}],"wp:featuredmedia":[{"embeddable":true,"href":"http:\/\/blogdalucianaoliveira.com.br\/blog\/wp-json\/wp\/v2\/media\/11790"}],"wp:attachment":[{"href":"http:\/\/blogdalucianaoliveira.com.br\/blog\/wp-json\/wp\/v2\/media?parent=11789"}],"wp:term":[{"taxonomy":"category","embeddable":true,"href":"http:\/\/blogdalucianaoliveira.com.br\/blog\/wp-json\/wp\/v2\/categories?post=11789"},{"taxonomy":"post_tag","embeddable":true,"href":"http:\/\/blogdalucianaoliveira.com.br\/blog\/wp-json\/wp\/v2\/tags?post=11789"}],"curies":[{"name":"wp","href":"https:\/\/api.w.org\/{rel}","templated":true}]}}