{"id":11793,"date":"2017-06-27T13:53:52","date_gmt":"2017-06-27T17:53:52","guid":{"rendered":"http:\/\/blogdalucianaoliveira.com.br\/blog\/?p=11793"},"modified":"2017-06-27T14:02:44","modified_gmt":"2017-06-27T18:02:44","slug":"chegou-a-hora-de-desmascarar-os-falsos-moralistas","status":"publish","type":"post","link":"http:\/\/blogdalucianaoliveira.com.br\/blog\/2017\/06\/27\/chegou-a-hora-de-desmascarar-os-falsos-moralistas\/","title":{"rendered":"CHEGOU A HORA DE DESMASCARAR OS FALSOS MORALISTAS"},"content":{"rendered":"<p><img data-recalc-dims=\"1\" loading=\"lazy\" decoding=\"async\" data-attachment-id=\"11794\" data-permalink=\"http:\/\/blogdalucianaoliveira.com.br\/blog\/2017\/06\/27\/chegou-a-hora-de-desmascarar-os-falsos-moralistas\/ahaha\/\" data-orig-file=\"https:\/\/i0.wp.com\/blogdalucianaoliveira.com.br\/blog\/wp-content\/uploads\/2017\/06\/ahaha.jpg?fit=699%2C420\" data-orig-size=\"699,420\" data-comments-opened=\"0\" data-image-meta=\"{&quot;aperture&quot;:&quot;0&quot;,&quot;credit&quot;:&quot;&quot;,&quot;camera&quot;:&quot;&quot;,&quot;caption&quot;:&quot;&quot;,&quot;created_timestamp&quot;:&quot;0&quot;,&quot;copyright&quot;:&quot;&quot;,&quot;focal_length&quot;:&quot;0&quot;,&quot;iso&quot;:&quot;0&quot;,&quot;shutter_speed&quot;:&quot;0&quot;,&quot;title&quot;:&quot;&quot;,&quot;orientation&quot;:&quot;0&quot;}\" data-image-title=\"ahaha\" data-image-description=\"\" data-image-caption=\"\" data-medium-file=\"https:\/\/i0.wp.com\/blogdalucianaoliveira.com.br\/blog\/wp-content\/uploads\/2017\/06\/ahaha.jpg?fit=300%2C180\" data-large-file=\"https:\/\/i0.wp.com\/blogdalucianaoliveira.com.br\/blog\/wp-content\/uploads\/2017\/06\/ahaha.jpg?fit=600%2C361\" src=\"https:\/\/i0.wp.com\/blogdalucianaoliveira.com.br\/blog\/wp-content\/uploads\/2017\/06\/ahaha.jpg?resize=600%2C361\" alt=\"ahaha\" width=\"600\" height=\"361\" class=\"alignnone size-full wp-image-11794\" srcset=\"https:\/\/i0.wp.com\/blogdalucianaoliveira.com.br\/blog\/wp-content\/uploads\/2017\/06\/ahaha.jpg?w=699 699w, https:\/\/i0.wp.com\/blogdalucianaoliveira.com.br\/blog\/wp-content\/uploads\/2017\/06\/ahaha.jpg?resize=300%2C180 300w, https:\/\/i0.wp.com\/blogdalucianaoliveira.com.br\/blog\/wp-content\/uploads\/2017\/06\/ahaha.jpg?resize=499%2C300 499w\" sizes=\"auto, (max-width: 600px) 100vw, 600px\" \/><\/p>\n<p>Para o Brasil se livrar de Michel Temer, presidente ileg\u00edtimo que causa vergonha dentro e fora do pa\u00eds, os 513 deputados federais ter\u00e3o que autorizar o prosseguimento da den\u00fancia de corrup\u00e7\u00e3o passiva oferecida pela Procuradoria Geral da Rep\u00fablica.<\/p>\n<p>Ao menos 342 ter\u00e3o que ouvir as vozes das ruas, dizer sim \u00e0 continuidade do processo.<\/p>\n<p>Ser\u00e1 f\u00e1cil e animada a vota\u00e7\u00e3o como foi a que autorizou o processo de impeachment da presidenta eleita, Dilma Rousseff?<\/p>\n<p>Os deputados far\u00e3o quest\u00e3o de discursar na hora do voto embalados na bandeira do Brasil?<\/p>\n<p>Ser\u00e1 que lotar\u00e3o o plen\u00e1rio com parentes pra lhes dedicar o voto favor\u00e1vel? Muitos levaram a sogra e teve um que at\u00e9 queria colocar o filho pra votar.<\/p>\n<p>A sess\u00e3o que autorizou a montagem do cadafalso de Dilma foi a mais longa da hist\u00f3ria, durou 9 horas e 47 minutos, das quais 6 horas foram ocupadas com a vota\u00e7\u00e3o.<\/p>\n<p>Houve mais de 40 debates e das 249 inscri\u00e7\u00f5es \u00e0 falas, 170 a favor do impeachment e 79, contra. S\u00f3 60 deputados abriram m\u00e3o de usar o microfone pra acelerar a vota\u00e7\u00e3o.<\/p>\n<p>At\u00e9 o resultado final, 367 votos favor\u00e1veis e 137 contr\u00e1rios, o Brasil assistiu um espet\u00e1culo dantesco de hipocrisia. <\/p>\n<p>Mais da metade dos parlamentares que votaram a favor do golpe com vestimenta jur\u00eddica, tinha pend\u00eancias na justi\u00e7a e mais de vinte eram investigados na Lava Jato. <\/p>\n<p>Alguns se tornaram r\u00e9us ap\u00f3s a vota\u00e7\u00e3o ou tiveram parentes presos, como o filho que citou a honestidade pai e esposa que homenageou o marido.<\/p>\n<p>A moralidade e o combate \u00e0 corrup\u00e7\u00e3o deram a t\u00f4nica aos discursos na hora do voto.<br \/>\nFoi uma palha\u00e7ada nunca antes vista na hist\u00f3ria.<\/p>\n<p>\u201cPelo povo que foi \u00e0s ruas de verde e amarelo, pelo Brasil livre do PT, pelo Paran\u00e1, pela rep\u00fablica de Curitiba\u201d, disse o tucano Paulo Martins.<\/p>\n<p>A deputada Mariana Carvalho (PSDB-RO) votou em nome de sentimentos que nunca estiveram t\u00e3o em falta no pa\u00eds desde a redemocratiza\u00e7\u00e3o: pela dignidade, autoestima, pelos sonhos.<\/p>\n<p><img data-recalc-dims=\"1\" loading=\"lazy\" decoding=\"async\" data-attachment-id=\"11795\" data-permalink=\"http:\/\/blogdalucianaoliveira.com.br\/blog\/2017\/06\/27\/chegou-a-hora-de-desmascarar-os-falsos-moralistas\/mari-3\/\" data-orig-file=\"https:\/\/i0.wp.com\/blogdalucianaoliveira.com.br\/blog\/wp-content\/uploads\/2017\/06\/mari.jpg?fit=960%2C661\" data-orig-size=\"960,661\" data-comments-opened=\"0\" data-image-meta=\"{&quot;aperture&quot;:&quot;0&quot;,&quot;credit&quot;:&quot;Alexssandro Loyola&quot;,&quot;camera&quot;:&quot;&quot;,&quot;caption&quot;:&quot;&quot;,&quot;created_timestamp&quot;:&quot;0&quot;,&quot;copyright&quot;:&quot;Alexssandro Loyola - 2016&quot;,&quot;focal_length&quot;:&quot;0&quot;,&quot;iso&quot;:&quot;0&quot;,&quot;shutter_speed&quot;:&quot;0&quot;,&quot;title&quot;:&quot;&quot;,&quot;orientation&quot;:&quot;0&quot;}\" data-image-title=\"mari\" data-image-description=\"\" data-image-caption=\"\" data-medium-file=\"https:\/\/i0.wp.com\/blogdalucianaoliveira.com.br\/blog\/wp-content\/uploads\/2017\/06\/mari.jpg?fit=300%2C207\" data-large-file=\"https:\/\/i0.wp.com\/blogdalucianaoliveira.com.br\/blog\/wp-content\/uploads\/2017\/06\/mari.jpg?fit=600%2C413\" src=\"https:\/\/i0.wp.com\/blogdalucianaoliveira.com.br\/blog\/wp-content\/uploads\/2017\/06\/mari.jpg?resize=600%2C413\" alt=\"mari\" width=\"600\" height=\"413\" class=\"alignnone size-full wp-image-11795\" srcset=\"https:\/\/i0.wp.com\/blogdalucianaoliveira.com.br\/blog\/wp-content\/uploads\/2017\/06\/mari.jpg?w=960 960w, https:\/\/i0.wp.com\/blogdalucianaoliveira.com.br\/blog\/wp-content\/uploads\/2017\/06\/mari.jpg?resize=300%2C207 300w, https:\/\/i0.wp.com\/blogdalucianaoliveira.com.br\/blog\/wp-content\/uploads\/2017\/06\/mari.jpg?resize=768%2C529 768w, https:\/\/i0.wp.com\/blogdalucianaoliveira.com.br\/blog\/wp-content\/uploads\/2017\/06\/mari.jpg?resize=436%2C300 436w\" sizes=\"auto, (max-width: 600px) 100vw, 600px\" \/><\/p>\n<p>\u201cContra a corrup\u00e7\u00e3o, venha ela de onde vier!\u201d, disse o deputado Expedito Netto (PSD-RO).<\/p>\n<div class=\"jetpack-video-wrapper\"><iframe loading=\"lazy\" title=\"As dedicat\u00f3rias mais curiosas dos deputados na vota\u00e7\u00e3o do impeachment\" width=\"600\" height=\"338\" src=\"https:\/\/www.youtube.com\/embed\/PaPvwxMF5jI?feature=oembed\" frameborder=\"0\" allow=\"accelerometer; autoplay; clipboard-write; encrypted-media; gyroscope; picture-in-picture; web-share\" referrerpolicy=\"strict-origin-when-cross-origin\" allowfullscreen><\/iframe><\/div>\n<p>A expectativa \u00e9 grande para ver como os deputados mais entusiasmados no processo de impeachment de Dilma v\u00e3o se comportar contra Temer.<\/p>\n<p>\u00c9 maior ainda sobre os que ir\u00e3o se ausentar ou se abster de votar. Contra Dilma, s\u00f3 7 n\u00e3o disseram nem sim, nem n\u00e3o e s\u00f3 dois arrumaram desculpas para faltar.<\/p>\n<p>Se o caos acentua o falso moralismo, preparam-se para fortes emo\u00e7\u00f5es.<\/p>\n<p>O processo contra Temer s\u00f3 segue ao STF se 2\/3 dos deputados corresponderem ao apelo das ruas, com ou sem m\u00e1scaras.<\/p>\n<p>Parece f\u00e1cil, afinal, o pa\u00eds vai de mal a pior e o governo que se formou com um golpe s\u00f3 tem uma agenda: defender-se de den\u00fancias por corrup\u00e7\u00e3o.<\/p>\n","protected":false},"excerpt":{"rendered":"<p>Para o Brasil se livrar de Michel Temer, presidente ileg\u00edtimo que causa vergonha dentro e fora do pa\u00eds, os 513 deputados federais ter\u00e3o que autorizar o prosseguimento da den\u00fancia de corrup\u00e7\u00e3o passiva oferecida pela Procuradoria Geral da Rep\u00fablica. Ao menos 342 ter\u00e3o que ouvir as vozes das ruas, dizer sim \u00e0 continuidade do processo. Ser\u00e1&#8230;<a class=\"more-link\" href=\"http:\/\/blogdalucianaoliveira.com.br\/blog\/2017\/06\/27\/chegou-a-hora-de-desmascarar-os-falsos-moralistas\/\">Continue a leitura <span class=\"meta-nav\">&raquo;<\/span><\/a><\/p>\n","protected":false},"author":1,"featured_media":11795,"comment_status":"closed","ping_status":"open","sticky":false,"template":"","format":"standard","meta":{"_exactmetrics_skip_tracking":false,"_exactmetrics_sitenote_active":false,"_exactmetrics_sitenote_note":"","_exactmetrics_sitenote_category":0,"jetpack_post_was_ever_published":false,"_jetpack_newsletter_access":"","_jetpack_dont_email_post_to_subs":false,"_jetpack_newsletter_tier_id":0,"_jetpack_memberships_contains_paywalled_content":false,"_jetpack_memberships_contains_paid_content":false,"footnotes":"","jetpack_publicize_message":"","jetpack_publicize_feature_enabled":true,"jetpack_social_post_already_shared":true,"jetpack_social_options":{"image_generator_settings":{"template":"highway","enabled":false},"version":2}},"categories":[1],"tags":[],"class_list":["post-11793","post","type-post","status-publish","format-standard","has-post-thumbnail","hentry","category-notas"],"jetpack_publicize_connections":[],"jetpack_sharing_enabled":true,"jetpack_featured_media_url":"https:\/\/i0.wp.com\/blogdalucianaoliveira.com.br\/blog\/wp-content\/uploads\/2017\/06\/mari.jpg?fit=960%2C661","jetpack_shortlink":"https:\/\/wp.me\/p7wKYW-34d","jetpack-related-posts":[],"_links":{"self":[{"href":"http:\/\/blogdalucianaoliveira.com.br\/blog\/wp-json\/wp\/v2\/posts\/11793","targetHints":{"allow":["GET"]}}],"collection":[{"href":"http:\/\/blogdalucianaoliveira.com.br\/blog\/wp-json\/wp\/v2\/posts"}],"about":[{"href":"http:\/\/blogdalucianaoliveira.com.br\/blog\/wp-json\/wp\/v2\/types\/post"}],"author":[{"embeddable":true,"href":"http:\/\/blogdalucianaoliveira.com.br\/blog\/wp-json\/wp\/v2\/users\/1"}],"replies":[{"embeddable":true,"href":"http:\/\/blogdalucianaoliveira.com.br\/blog\/wp-json\/wp\/v2\/comments?post=11793"}],"version-history":[{"count":4,"href":"http:\/\/blogdalucianaoliveira.com.br\/blog\/wp-json\/wp\/v2\/posts\/11793\/revisions"}],"predecessor-version":[{"id":11799,"href":"http:\/\/blogdalucianaoliveira.com.br\/blog\/wp-json\/wp\/v2\/posts\/11793\/revisions\/11799"}],"wp:featuredmedia":[{"embeddable":true,"href":"http:\/\/blogdalucianaoliveira.com.br\/blog\/wp-json\/wp\/v2\/media\/11795"}],"wp:attachment":[{"href":"http:\/\/blogdalucianaoliveira.com.br\/blog\/wp-json\/wp\/v2\/media?parent=11793"}],"wp:term":[{"taxonomy":"category","embeddable":true,"href":"http:\/\/blogdalucianaoliveira.com.br\/blog\/wp-json\/wp\/v2\/categories?post=11793"},{"taxonomy":"post_tag","embeddable":true,"href":"http:\/\/blogdalucianaoliveira.com.br\/blog\/wp-json\/wp\/v2\/tags?post=11793"}],"curies":[{"name":"wp","href":"https:\/\/api.w.org\/{rel}","templated":true}]}}