{"id":11808,"date":"2017-06-27T19:38:47","date_gmt":"2017-06-27T23:38:47","guid":{"rendered":"http:\/\/blogdalucianaoliveira.com.br\/blog\/?p=11808"},"modified":"2017-06-27T19:39:07","modified_gmt":"2017-06-27T23:39:07","slug":"temer-diz-nao-saber-como-deus-o-colocou-na-presidencia","status":"publish","type":"post","link":"http:\/\/blogdalucianaoliveira.com.br\/blog\/2017\/06\/27\/temer-diz-nao-saber-como-deus-o-colocou-na-presidencia\/","title":{"rendered":"Temer diz n\u00e3o saber como &#8216;deus&#8217; o colocou na presid\u00eancia"},"content":{"rendered":"<p><img data-recalc-dims=\"1\" loading=\"lazy\" decoding=\"async\" data-attachment-id=\"11809\" data-permalink=\"http:\/\/blogdalucianaoliveira.com.br\/blog\/2017\/06\/27\/temer-diz-nao-saber-como-deus-o-colocou-na-presidencia\/vige\/\" data-orig-file=\"https:\/\/i0.wp.com\/blogdalucianaoliveira.com.br\/blog\/wp-content\/uploads\/2017\/06\/vige.jpg?fit=300%2C200\" data-orig-size=\"300,200\" data-comments-opened=\"0\" data-image-meta=\"{&quot;aperture&quot;:&quot;0&quot;,&quot;credit&quot;:&quot;&quot;,&quot;camera&quot;:&quot;&quot;,&quot;caption&quot;:&quot;&quot;,&quot;created_timestamp&quot;:&quot;0&quot;,&quot;copyright&quot;:&quot;&quot;,&quot;focal_length&quot;:&quot;0&quot;,&quot;iso&quot;:&quot;0&quot;,&quot;shutter_speed&quot;:&quot;0&quot;,&quot;title&quot;:&quot;&quot;,&quot;orientation&quot;:&quot;0&quot;}\" data-image-title=\"vige\" data-image-description=\"\" data-image-caption=\"\" data-medium-file=\"https:\/\/i0.wp.com\/blogdalucianaoliveira.com.br\/blog\/wp-content\/uploads\/2017\/06\/vige.jpg?fit=300%2C200\" data-large-file=\"https:\/\/i0.wp.com\/blogdalucianaoliveira.com.br\/blog\/wp-content\/uploads\/2017\/06\/vige.jpg?fit=300%2C200\" src=\"https:\/\/i0.wp.com\/blogdalucianaoliveira.com.br\/blog\/wp-content\/uploads\/2017\/06\/vige.jpg?resize=300%2C200\" alt=\"vige\" width=\"300\" height=\"200\" class=\"alignnone size-full wp-image-11809\" \/><\/p>\n<p>Temer j\u00e1 disse que viu assombra\u00e7\u00e3o no Alvorada e agora diz que &#8220;n\u00e3o sabe como deus o colocou&#8221; na presid\u00eancia.<!--more--><\/p>\n<p>O &#8216;presidente&#8217; que trocou a Noruega pela Su\u00e9cia e chamou os russos de sovi\u00e9ticos, confunde at\u00e9 Deus com belzebu, bicho-preto, bode-preto, brazabum, bute, cafu\u00e7u, cafute, caneco, caneta, canheta, canhim, canhoto, c\u00e3o, c\u00e3o-mi\u00fado, c\u00e3o-tinhoso, capa-verde, capeta, capete, capiroto, careca, carocho, chavelhudo, cif\u00e9, coisa, coisa-\u00e0-toa, coisa-m\u00e1, coisa-ruim, condenado, coxo, cramulhano, cujo, debo, decho, demo, demonho, dem\u00f4nio, demontre, di\u00e1, diabinho, diabrete, diabro, diacho, diale, dialho, diangas, diangras, dianho, diasco, diogo, drag\u00e3o, droga, dub\u00e1, \u00e9blis, ele, excomungado, farrapeiro, fate, feio, figura, fioto, fute, futrico, galhardo, gato-preto, gr\u00e3o-tinhoso, guedelha, indiv\u00edduo, inimigo, jeropari, jurupari, labrego, l\u00e1-de-baixo, l\u00facifer, macac\u00e3o, macaco, mafarrico, maioral, m\u00e1-jeira, maldito, mal-encarado, maligno, malino, malvado, manfarrico, mau, mico, mofento, mofino, moleque, moleque-do-surr\u00e3o, n\u00e3o-sei-que-diga, nem-sei-que-diga, nico, p\u00e9-cascudo, p\u00e9-de-cabra, p\u00e9-de-gancho, p\u00e9-de-pato, p\u00e9-de-peia, p\u00earo-botelho, pedro-botelho, peneireiro, porco, porco-sujo, provinco, que-diga, rab\u00e3o, rabudo, rapaz, rom\u00e3ozinho, sapucaio, sarnento, sat\u00e3, satan\u00e1s, sat\u00e2nico, serpente, sujo, taneco, temba, tendeiro, tenta\u00e7\u00e3o, tentador, ti\u00e7\u00e3o, tinhoso, tisnado, zarapelho, ufa!<\/p>\n<p>Ser\u00e1 que com essa ajuda ele entende quem o colocou l\u00e1?<\/p>\n","protected":false},"excerpt":{"rendered":"<p>Temer j\u00e1 disse que viu assombra\u00e7\u00e3o no Alvorada e agora diz que &#8220;n\u00e3o sabe como deus o colocou&#8221; na presid\u00eancia.<\/p>\n","protected":false},"author":1,"featured_media":0,"comment_status":"closed","ping_status":"open","sticky":false,"template":"","format":"standard","meta":{"_exactmetrics_skip_tracking":false,"_exactmetrics_sitenote_active":false,"_exactmetrics_sitenote_note":"","_exactmetrics_sitenote_category":0,"jetpack_post_was_ever_published":false,"_jetpack_newsletter_access":"","_jetpack_dont_email_post_to_subs":false,"_jetpack_newsletter_tier_id":0,"_jetpack_memberships_contains_paywalled_content":false,"_jetpack_memberships_contains_paid_content":false,"footnotes":"","jetpack_publicize_message":"","jetpack_publicize_feature_enabled":true,"jetpack_social_post_already_shared":true,"jetpack_social_options":{"image_generator_settings":{"template":"highway","enabled":false},"version":2}},"categories":[1],"tags":[],"class_list":["post-11808","post","type-post","status-publish","format-standard","hentry","category-notas"],"jetpack_publicize_connections":[],"jetpack_sharing_enabled":true,"jetpack_featured_media_url":"","jetpack_shortlink":"https:\/\/wp.me\/p7wKYW-34s","jetpack-related-posts":[],"_links":{"self":[{"href":"http:\/\/blogdalucianaoliveira.com.br\/blog\/wp-json\/wp\/v2\/posts\/11808","targetHints":{"allow":["GET"]}}],"collection":[{"href":"http:\/\/blogdalucianaoliveira.com.br\/blog\/wp-json\/wp\/v2\/posts"}],"about":[{"href":"http:\/\/blogdalucianaoliveira.com.br\/blog\/wp-json\/wp\/v2\/types\/post"}],"author":[{"embeddable":true,"href":"http:\/\/blogdalucianaoliveira.com.br\/blog\/wp-json\/wp\/v2\/users\/1"}],"replies":[{"embeddable":true,"href":"http:\/\/blogdalucianaoliveira.com.br\/blog\/wp-json\/wp\/v2\/comments?post=11808"}],"version-history":[{"count":2,"href":"http:\/\/blogdalucianaoliveira.com.br\/blog\/wp-json\/wp\/v2\/posts\/11808\/revisions"}],"predecessor-version":[{"id":11811,"href":"http:\/\/blogdalucianaoliveira.com.br\/blog\/wp-json\/wp\/v2\/posts\/11808\/revisions\/11811"}],"wp:attachment":[{"href":"http:\/\/blogdalucianaoliveira.com.br\/blog\/wp-json\/wp\/v2\/media?parent=11808"}],"wp:term":[{"taxonomy":"category","embeddable":true,"href":"http:\/\/blogdalucianaoliveira.com.br\/blog\/wp-json\/wp\/v2\/categories?post=11808"},{"taxonomy":"post_tag","embeddable":true,"href":"http:\/\/blogdalucianaoliveira.com.br\/blog\/wp-json\/wp\/v2\/tags?post=11808"}],"curies":[{"name":"wp","href":"https:\/\/api.w.org\/{rel}","templated":true}]}}