{"id":11823,"date":"2017-06-28T11:46:58","date_gmt":"2017-06-28T15:46:58","guid":{"rendered":"http:\/\/blogdalucianaoliveira.com.br\/blog\/?p=11823"},"modified":"2017-06-28T11:46:58","modified_gmt":"2017-06-28T15:46:58","slug":"psdb-se-divorcia-do-povo-e-pula-no-caixao-de-temer","status":"publish","type":"post","link":"http:\/\/blogdalucianaoliveira.com.br\/blog\/2017\/06\/28\/psdb-se-divorcia-do-povo-e-pula-no-caixao-de-temer\/","title":{"rendered":"PSDB SE DIVORCIA DO POVO E PULA NO CAIX\u00c3O DE TEMER"},"content":{"rendered":"<p><img data-recalc-dims=\"1\" loading=\"lazy\" decoding=\"async\" data-attachment-id=\"11824\" data-permalink=\"http:\/\/blogdalucianaoliveira.com.br\/blog\/2017\/06\/28\/psdb-se-divorcia-do-povo-e-pula-no-caixao-de-temer\/pula\/\" data-orig-file=\"https:\/\/i0.wp.com\/blogdalucianaoliveira.com.br\/blog\/wp-content\/uploads\/2017\/06\/pula.jpg?fit=1000%2C357\" data-orig-size=\"1000,357\" data-comments-opened=\"0\" data-image-meta=\"{&quot;aperture&quot;:&quot;0&quot;,&quot;credit&quot;:&quot;&quot;,&quot;camera&quot;:&quot;&quot;,&quot;caption&quot;:&quot;&quot;,&quot;created_timestamp&quot;:&quot;0&quot;,&quot;copyright&quot;:&quot;&quot;,&quot;focal_length&quot;:&quot;0&quot;,&quot;iso&quot;:&quot;0&quot;,&quot;shutter_speed&quot;:&quot;0&quot;,&quot;title&quot;:&quot;&quot;,&quot;orientation&quot;:&quot;0&quot;}\" data-image-title=\"pula\" data-image-description=\"\" data-image-caption=\"\" data-medium-file=\"https:\/\/i0.wp.com\/blogdalucianaoliveira.com.br\/blog\/wp-content\/uploads\/2017\/06\/pula.jpg?fit=300%2C107\" data-large-file=\"https:\/\/i0.wp.com\/blogdalucianaoliveira.com.br\/blog\/wp-content\/uploads\/2017\/06\/pula.jpg?fit=600%2C214\" src=\"https:\/\/i0.wp.com\/blogdalucianaoliveira.com.br\/blog\/wp-content\/uploads\/2017\/06\/pula.jpg?resize=600%2C214\" alt=\"pula\" width=\"600\" height=\"214\" class=\"alignnone size-full wp-image-11824\" srcset=\"https:\/\/i0.wp.com\/blogdalucianaoliveira.com.br\/blog\/wp-content\/uploads\/2017\/06\/pula.jpg?w=1000 1000w, https:\/\/i0.wp.com\/blogdalucianaoliveira.com.br\/blog\/wp-content\/uploads\/2017\/06\/pula.jpg?resize=300%2C107 300w, https:\/\/i0.wp.com\/blogdalucianaoliveira.com.br\/blog\/wp-content\/uploads\/2017\/06\/pula.jpg?resize=768%2C274 768w, https:\/\/i0.wp.com\/blogdalucianaoliveira.com.br\/blog\/wp-content\/uploads\/2017\/06\/pula.jpg?resize=800%2C286 800w\" sizes=\"auto, (max-width: 600px) 100vw, 600px\" \/><\/p>\n<p>247 &#8211; O PSDB segue dentro do barco de Michel Temer e afundar\u00e1 junto com ele. Foi o que deixou claro o Instituto Teot\u00f4nio Vilela, bra\u00e7o tucano de forma\u00e7\u00e3o pol\u00edtica, em carta divulgada nessa ter\u00e7a-feira, 27, depois do pronunciamento em que Temer tentou se defender da acusa\u00e7\u00e3o de corrup\u00e7\u00e3o passiva feita pela procuradoria geral da Rep\u00fablica. <!--more--><\/p>\n<p>&#8220;Pode, sim, haver corrup\u00e7\u00e3o, mas o que a Procuradoria-Geral da Rep\u00fablica (PGR) apresentou ontem seguramente n\u00e3o cont\u00e9m provas necess\u00e1rias e suficientes para a condena\u00e7\u00e3o de um presidente da Rep\u00fablica. O hist\u00f3rico recente de exageros e abusos por parte dos procuradores federais n\u00e3o ajuda&#8221;, diz a nota.<\/p>\n<p>Para o instituto presidido pelo ex-senador Jos\u00e9 An\u00edbal (PSDB-SP), a acusa\u00e7\u00e3o tem fragilidades e o conte\u00fado \u00e9 baseado na dela\u00e7\u00e3o do empres\u00e1rio Joesley Batista, da JBS. &#8220;N\u00e3o h\u00e1, pelo menos por ora, uma prova inconteste, uma evid\u00eancia acachapante ou um depoimento irrefut\u00e1vel que leve a uma condena\u00e7\u00e3o inequ\u00edvoca. O que se tem &#8211; por ora, repita-se &#8211; \u00e9 a palavra do maior r\u00e9u confesso do pa\u00eds contra a de Temer. Nada al\u00e9m disso.&#8221;<\/p>\n<p>O texto considera que seria ruim ao Pa\u00eds o cen\u00e1rio de Temer ser afastado, o presidente da C\u00e2mara assumir, um mandat\u00e1rio ser eleito por via indireta e outro por via direta nas elei\u00e7\u00f5es de outubro de 2018. &#8220;O que temos a ganhar entrando nessa roda-viva?&#8221;. &#8220;Tudo o que pediram a Deus \u00e9 um fim perempt\u00f3rio para aquele que, segundo sua vers\u00e3o dos fatos, ascendeu ao poder por meio de um &#8216;golpe&#8217;.&#8221; E destaca que a PGR &#8220;de forma estranh\u00edssima&#8221; at\u00e9 agora n\u00e3o cogitou fazer den\u00fancias contra a presidente eleita Dilma Rousseff e o ex-presidente Luiz In\u00e1cio Lula da Silva no caso JBS.<\/p>\n<p>Leia aqui a \u00edntegra da carta do ITV. <\/p>\n<blockquote class=\"wp-embedded-content\" data-secret=\"UiRsq0S7nO\"><p><a href=\"https:\/\/itv.org.br\/cartas-de-formulacao\/cartas\/o-dia-seguinte\">O Dia Seguinte<\/a><\/p><\/blockquote>\n<p><iframe loading=\"lazy\" class=\"wp-embedded-content\" sandbox=\"allow-scripts\" security=\"restricted\" style=\"position: absolute; clip: rect(1px, 1px, 1px, 1px);\" title=\"&#8220;O Dia Seguinte&#8221; &#8212; Instituto Teot\u00f4nio Vilela (ITV-PSDB)\" src=\"https:\/\/itv.org.br\/cartas-de-formulacao\/cartas\/o-dia-seguinte\/embed\/#?secret=mKvZ5Y9aCW#?secret=UiRsq0S7nO\" data-secret=\"UiRsq0S7nO\" width=\"600\" height=\"338\" frameborder=\"0\" marginwidth=\"0\" marginheight=\"0\" scrolling=\"no\"><\/iframe><\/p>\n","protected":false},"excerpt":{"rendered":"<p>247 &#8211; O PSDB segue dentro do barco de Michel Temer e afundar\u00e1 junto com ele. Foi o que deixou claro o Instituto Teot\u00f4nio Vilela, bra\u00e7o tucano de forma\u00e7\u00e3o pol\u00edtica, em carta divulgada nessa ter\u00e7a-feira, 27, depois do pronunciamento em que Temer tentou se defender da acusa\u00e7\u00e3o de corrup\u00e7\u00e3o passiva feita pela procuradoria geral da&#8230;<a class=\"more-link\" href=\"http:\/\/blogdalucianaoliveira.com.br\/blog\/2017\/06\/28\/psdb-se-divorcia-do-povo-e-pula-no-caixao-de-temer\/\">Continue a leitura <span class=\"meta-nav\">&raquo;<\/span><\/a><\/p>\n","protected":false},"author":1,"featured_media":0,"comment_status":"closed","ping_status":"open","sticky":false,"template":"","format":"standard","meta":{"_exactmetrics_skip_tracking":false,"_exactmetrics_sitenote_active":false,"_exactmetrics_sitenote_note":"","_exactmetrics_sitenote_category":0,"jetpack_post_was_ever_published":false,"_jetpack_newsletter_access":"","_jetpack_dont_email_post_to_subs":false,"_jetpack_newsletter_tier_id":0,"_jetpack_memberships_contains_paywalled_content":false,"_jetpack_memberships_contains_paid_content":false,"footnotes":"","jetpack_publicize_message":"","jetpack_publicize_feature_enabled":true,"jetpack_social_post_already_shared":true,"jetpack_social_options":{"image_generator_settings":{"template":"highway","enabled":false},"version":2}},"categories":[1],"tags":[],"class_list":["post-11823","post","type-post","status-publish","format-standard","hentry","category-notas"],"jetpack_publicize_connections":[],"jetpack_sharing_enabled":true,"jetpack_featured_media_url":"","jetpack_shortlink":"https:\/\/wp.me\/p7wKYW-34H","jetpack-related-posts":[],"_links":{"self":[{"href":"http:\/\/blogdalucianaoliveira.com.br\/blog\/wp-json\/wp\/v2\/posts\/11823","targetHints":{"allow":["GET"]}}],"collection":[{"href":"http:\/\/blogdalucianaoliveira.com.br\/blog\/wp-json\/wp\/v2\/posts"}],"about":[{"href":"http:\/\/blogdalucianaoliveira.com.br\/blog\/wp-json\/wp\/v2\/types\/post"}],"author":[{"embeddable":true,"href":"http:\/\/blogdalucianaoliveira.com.br\/blog\/wp-json\/wp\/v2\/users\/1"}],"replies":[{"embeddable":true,"href":"http:\/\/blogdalucianaoliveira.com.br\/blog\/wp-json\/wp\/v2\/comments?post=11823"}],"version-history":[{"count":1,"href":"http:\/\/blogdalucianaoliveira.com.br\/blog\/wp-json\/wp\/v2\/posts\/11823\/revisions"}],"predecessor-version":[{"id":11825,"href":"http:\/\/blogdalucianaoliveira.com.br\/blog\/wp-json\/wp\/v2\/posts\/11823\/revisions\/11825"}],"wp:attachment":[{"href":"http:\/\/blogdalucianaoliveira.com.br\/blog\/wp-json\/wp\/v2\/media?parent=11823"}],"wp:term":[{"taxonomy":"category","embeddable":true,"href":"http:\/\/blogdalucianaoliveira.com.br\/blog\/wp-json\/wp\/v2\/categories?post=11823"},{"taxonomy":"post_tag","embeddable":true,"href":"http:\/\/blogdalucianaoliveira.com.br\/blog\/wp-json\/wp\/v2\/tags?post=11823"}],"curies":[{"name":"wp","href":"https:\/\/api.w.org\/{rel}","templated":true}]}}