{"id":11826,"date":"2017-06-28T11:51:09","date_gmt":"2017-06-28T15:51:09","guid":{"rendered":"http:\/\/blogdalucianaoliveira.com.br\/blog\/?p=11826"},"modified":"2017-06-28T11:51:09","modified_gmt":"2017-06-28T15:51:09","slug":"condenacao-de-lula-sera-ancorada-em-delacoes","status":"publish","type":"post","link":"http:\/\/blogdalucianaoliveira.com.br\/blog\/2017\/06\/28\/condenacao-de-lula-sera-ancorada-em-delacoes\/","title":{"rendered":"CONDENA\u00c7\u00c3O DE LULA SER\u00c1 ANCORADA EM DELA\u00c7\u00d5ES"},"content":{"rendered":"<p><img data-recalc-dims=\"1\" loading=\"lazy\" decoding=\"async\" data-attachment-id=\"11827\" data-permalink=\"http:\/\/blogdalucianaoliveira.com.br\/blog\/2017\/06\/28\/condenacao-de-lula-sera-ancorada-em-delacoes\/dela-2\/\" data-orig-file=\"https:\/\/i0.wp.com\/blogdalucianaoliveira.com.br\/blog\/wp-content\/uploads\/2017\/06\/dela.jpg?fit=1000%2C357\" data-orig-size=\"1000,357\" data-comments-opened=\"0\" data-image-meta=\"{&quot;aperture&quot;:&quot;0&quot;,&quot;credit&quot;:&quot;&quot;,&quot;camera&quot;:&quot;&quot;,&quot;caption&quot;:&quot;&quot;,&quot;created_timestamp&quot;:&quot;0&quot;,&quot;copyright&quot;:&quot;&quot;,&quot;focal_length&quot;:&quot;0&quot;,&quot;iso&quot;:&quot;0&quot;,&quot;shutter_speed&quot;:&quot;0&quot;,&quot;title&quot;:&quot;&quot;,&quot;orientation&quot;:&quot;0&quot;}\" data-image-title=\"dela\" data-image-description=\"\" data-image-caption=\"\" data-medium-file=\"https:\/\/i0.wp.com\/blogdalucianaoliveira.com.br\/blog\/wp-content\/uploads\/2017\/06\/dela.jpg?fit=300%2C107\" data-large-file=\"https:\/\/i0.wp.com\/blogdalucianaoliveira.com.br\/blog\/wp-content\/uploads\/2017\/06\/dela.jpg?fit=600%2C214\" src=\"https:\/\/i0.wp.com\/blogdalucianaoliveira.com.br\/blog\/wp-content\/uploads\/2017\/06\/dela.jpg?resize=600%2C214\" alt=\"dela\" width=\"600\" height=\"214\" class=\"alignnone size-full wp-image-11827\" srcset=\"https:\/\/i0.wp.com\/blogdalucianaoliveira.com.br\/blog\/wp-content\/uploads\/2017\/06\/dela.jpg?w=1000 1000w, https:\/\/i0.wp.com\/blogdalucianaoliveira.com.br\/blog\/wp-content\/uploads\/2017\/06\/dela.jpg?resize=300%2C107 300w, https:\/\/i0.wp.com\/blogdalucianaoliveira.com.br\/blog\/wp-content\/uploads\/2017\/06\/dela.jpg?resize=768%2C274 768w, https:\/\/i0.wp.com\/blogdalucianaoliveira.com.br\/blog\/wp-content\/uploads\/2017\/06\/dela.jpg?resize=800%2C286 800w\" sizes=\"auto, (max-width: 600px) 100vw, 600px\" \/><\/p>\n<p>247 &#8211; A condena\u00e7\u00e3o do ex-presidente  Luiz In\u00e1cio Lula da Silva no caso do tr\u00edplex do Guaruj\u00e1 dever\u00e1 acontecer sem provas, tendo como base apenas declara\u00e7\u00f5es feitas em dela\u00e7\u00f5es premiadas.<!--more--><\/p>\n<p>Nas alega\u00e7\u00f5es finais da Procuradoria na a\u00e7\u00e3o, \u00faltima manifesta\u00e7\u00e3o dos acusadores antes da senten\u00e7a, o depoimento do empreiteiro Leo Pinheiro, da OAS, concedido a S\u00e9rgio Moro em abril, \u00e9 citado cerca de 60 vezes pelos procuradores na argumenta\u00e7\u00e3o a favor da condena\u00e7\u00e3o de Lula.<\/p>\n<p>A confiss\u00e3o de outro ex-executivo da OAS, Agenor Franklin Medeiros, que descreveu o pagamento de suborno pela construtora no \u00e2mbito da Petrobras, \u00e9 mencionada em mais 13 ocasi\u00f5es.<\/p>\n<p>As informa\u00e7\u00f5es s\u00e3o de reportagem de Felipe Bachtold na Folha de S.Paulo.<\/p>\n<p>O juiz federal S\u00e9rgio Moro deve aceitar a tese e condenar Lula com base somente em dela\u00e7\u00f5es, mas a decis\u00e3o deve ser anulada em inst\u00e2ncias superiores<\/p>\n<p>Ontem, o ex-tesoureiro do Partido dos Trabalhadores (PT) Jo\u00e3o Vaccari Neto foi absolvido em segunda inst\u00e2ncia da condena\u00e7\u00e3o por corrup\u00e7\u00e3o passiva e lavagem de dinheiro, referente a irregularidades investigadas na Opera\u00e7\u00e3o Lava Jato.<\/p>\n<p>Vaccari havia sido condenado a 15 anos e quatro meses de reclus\u00e3o pelo juiz S\u00e9rgio Moro, de Curitiba. No julgamento realizado pela 8\u00aa Turma da corte ga\u00facha, respons\u00e1vel por julgar processos relativos \u00e0 Opera\u00e7\u00e3o Lava Jato em segunda inst\u00e2ncia, a absolvi\u00e7\u00e3o teve dois votos favor\u00e1veis e um contr\u00e1rio. Os desembargadores que decidiram pela absolvi\u00e7\u00e3o consideraram que as provas foram baseadas somente em dela\u00e7\u00f5es premiadas.<\/p>\n","protected":false},"excerpt":{"rendered":"<p>247 &#8211; A condena\u00e7\u00e3o do ex-presidente Luiz In\u00e1cio Lula da Silva no caso do tr\u00edplex do Guaruj\u00e1 dever\u00e1 acontecer sem provas, tendo como base apenas declara\u00e7\u00f5es feitas em dela\u00e7\u00f5es premiadas.<\/p>\n","protected":false},"author":1,"featured_media":0,"comment_status":"closed","ping_status":"open","sticky":false,"template":"","format":"standard","meta":{"_exactmetrics_skip_tracking":false,"_exactmetrics_sitenote_active":false,"_exactmetrics_sitenote_note":"","_exactmetrics_sitenote_category":0,"jetpack_post_was_ever_published":false,"_jetpack_newsletter_access":"","_jetpack_dont_email_post_to_subs":false,"_jetpack_newsletter_tier_id":0,"_jetpack_memberships_contains_paywalled_content":false,"_jetpack_memberships_contains_paid_content":false,"footnotes":"","jetpack_publicize_message":"","jetpack_publicize_feature_enabled":true,"jetpack_social_post_already_shared":true,"jetpack_social_options":{"image_generator_settings":{"template":"highway","enabled":false},"version":2}},"categories":[1],"tags":[],"class_list":["post-11826","post","type-post","status-publish","format-standard","hentry","category-notas"],"jetpack_publicize_connections":[],"jetpack_sharing_enabled":true,"jetpack_featured_media_url":"","jetpack_shortlink":"https:\/\/wp.me\/p7wKYW-34K","jetpack-related-posts":[],"_links":{"self":[{"href":"http:\/\/blogdalucianaoliveira.com.br\/blog\/wp-json\/wp\/v2\/posts\/11826","targetHints":{"allow":["GET"]}}],"collection":[{"href":"http:\/\/blogdalucianaoliveira.com.br\/blog\/wp-json\/wp\/v2\/posts"}],"about":[{"href":"http:\/\/blogdalucianaoliveira.com.br\/blog\/wp-json\/wp\/v2\/types\/post"}],"author":[{"embeddable":true,"href":"http:\/\/blogdalucianaoliveira.com.br\/blog\/wp-json\/wp\/v2\/users\/1"}],"replies":[{"embeddable":true,"href":"http:\/\/blogdalucianaoliveira.com.br\/blog\/wp-json\/wp\/v2\/comments?post=11826"}],"version-history":[{"count":1,"href":"http:\/\/blogdalucianaoliveira.com.br\/blog\/wp-json\/wp\/v2\/posts\/11826\/revisions"}],"predecessor-version":[{"id":11828,"href":"http:\/\/blogdalucianaoliveira.com.br\/blog\/wp-json\/wp\/v2\/posts\/11826\/revisions\/11828"}],"wp:attachment":[{"href":"http:\/\/blogdalucianaoliveira.com.br\/blog\/wp-json\/wp\/v2\/media?parent=11826"}],"wp:term":[{"taxonomy":"category","embeddable":true,"href":"http:\/\/blogdalucianaoliveira.com.br\/blog\/wp-json\/wp\/v2\/categories?post=11826"},{"taxonomy":"post_tag","embeddable":true,"href":"http:\/\/blogdalucianaoliveira.com.br\/blog\/wp-json\/wp\/v2\/tags?post=11826"}],"curies":[{"name":"wp","href":"https:\/\/api.w.org\/{rel}","templated":true}]}}