{"id":1183,"date":"2016-05-23T20:00:17","date_gmt":"2016-05-24T00:00:17","guid":{"rendered":"http:\/\/blogdalucianaoliveira.com.br\/blog\/?p=1183"},"modified":"2016-05-23T20:00:17","modified_gmt":"2016-05-24T00:00:17","slug":"nota-publica-da-comissao-nacional-de-blogueiros-e-ativistas-digitais-contra-o-golpe-em-defesa-da-democracia","status":"publish","type":"post","link":"http:\/\/blogdalucianaoliveira.com.br\/blog\/2016\/05\/23\/nota-publica-da-comissao-nacional-de-blogueiros-e-ativistas-digitais-contra-o-golpe-em-defesa-da-democracia\/","title":{"rendered":"Nota P\u00fablica da Comiss\u00e3o Nacional de Blogueiros e Ativistas Digitais: Contra o golpe, em defesa da democracia"},"content":{"rendered":"<p><img data-recalc-dims=\"1\" loading=\"lazy\" decoding=\"async\" data-attachment-id=\"1184\" data-permalink=\"http:\/\/blogdalucianaoliveira.com.br\/blog\/2016\/05\/23\/nota-publica-da-comissao-nacional-de-blogueiros-e-ativistas-digitais-contra-o-golpe-em-defesa-da-democracia\/image-264\/\" data-orig-file=\"https:\/\/i0.wp.com\/blogdalucianaoliveira.com.br\/blog\/wp-content\/uploads\/2016\/05\/image-230.jpeg?fit=960%2C1199\" data-orig-size=\"960,1199\" data-comments-opened=\"0\" data-image-meta=\"{&quot;aperture&quot;:&quot;2.2&quot;,&quot;credit&quot;:&quot;&quot;,&quot;camera&quot;:&quot;iPhone 6&quot;,&quot;caption&quot;:&quot;&quot;,&quot;created_timestamp&quot;:&quot;1463910326&quot;,&quot;copyright&quot;:&quot;&quot;,&quot;focal_length&quot;:&quot;2.65&quot;,&quot;iso&quot;:&quot;500&quot;,&quot;shutter_speed&quot;:&quot;0.0666666666667&quot;,&quot;title&quot;:&quot;&quot;,&quot;orientation&quot;:&quot;1&quot;}\" data-image-title=\"image\" data-image-description=\"\" data-image-caption=\"\" data-medium-file=\"https:\/\/i0.wp.com\/blogdalucianaoliveira.com.br\/blog\/wp-content\/uploads\/2016\/05\/image-230.jpeg?fit=240%2C300\" data-large-file=\"https:\/\/i0.wp.com\/blogdalucianaoliveira.com.br\/blog\/wp-content\/uploads\/2016\/05\/image-230.jpeg?fit=600%2C749\" src=\"https:\/\/i0.wp.com\/blogdalucianaoliveira.com.br\/blog\/wp-content\/uploads\/2016\/05\/image-230.jpeg?resize=600%2C749\" alt=\"image\" width=\"600\" height=\"749\" class=\"alignnone size-full wp-image-1184\" srcset=\"https:\/\/i0.wp.com\/blogdalucianaoliveira.com.br\/blog\/wp-content\/uploads\/2016\/05\/image-230.jpeg?w=960 960w, https:\/\/i0.wp.com\/blogdalucianaoliveira.com.br\/blog\/wp-content\/uploads\/2016\/05\/image-230.jpeg?resize=240%2C300 240w, https:\/\/i0.wp.com\/blogdalucianaoliveira.com.br\/blog\/wp-content\/uploads\/2016\/05\/image-230.jpeg?resize=768%2C959 768w, https:\/\/i0.wp.com\/blogdalucianaoliveira.com.br\/blog\/wp-content\/uploads\/2016\/05\/image-230.jpeg?resize=820%2C1024 820w\" sizes=\"auto, (max-width: 600px) 100vw, 600px\" \/><\/p>\n<p>Os membros da Comiss\u00e3o Nacional de Blogueiros a Ativistas Digitais v\u00eam a p\u00fablico manifestarem-se sobre os \u00faltimos acontecimentos nacionais e sua grande preocupa\u00e7\u00e3o com a dimens\u00e3o dos fatos recentes na conjuntura pol\u00edtica brasileira. Acontecimentos que, no pensamento deste coletivo, merecem profunda reflex\u00e3o cr\u00edtica, a fim de se evitar retrocessos de conquistas obtidas ap\u00f3s anos de ditadura.<\/p>\n<p>Assim, de modo a deixar bem claro para a sociedade o nosso posicionamento em rela\u00e7\u00e3o \u00e0s constantes viola\u00e7\u00f5es e desrespeitos \u00e0s institui\u00e7\u00f5es democr\u00e1ticas consolidadas, praticadas por parcelas significativas e bem conhecidas do Poder Judici\u00e1rio em conluio com ve\u00edculos de comunica\u00e7\u00e3o, historicamente conhecidos pelo car\u00e1ter antidemocr\u00e1tico, vimos a p\u00fablico nos manifestar sobre a import\u00e2ncia da defesa do Estado Democr\u00e1tico de Direito.<\/p>\n<p>Essas tentativas de ruptura com o Estado Democr\u00e1tico de Direito e os movimentos em dire\u00e7\u00e3o a um Estado Policial, com s\u00e9rias amea\u00e7as e viola\u00e7\u00f5es a direitos e garantias individuais e \u00e0 democracia, s\u00e3o por n\u00f3s repudiadas veementemente.<\/p>\n<p>\u00c9 por nossa luta permanente pela democratiza\u00e7\u00e3o e regula\u00e7\u00e3o da m\u00eddia que condenamos o papel manipulador dos ve\u00edculos de comunica\u00e7\u00e3o que, a servi\u00e7o de interesses escusos e il\u00edcitos, promovem a espetaculariza\u00e7\u00e3o de opera\u00e7\u00f5es policiais \u2014 destruindo reputa\u00e7\u00f5es e liquidando com o princ\u00edpio da presun\u00e7\u00e3o de inoc\u00eancia \u2014 e estimulam sentimentos de \u00f3dio e rivalidade com o objetivo de provocar convuls\u00f5es sociais e criminalizar os movimentos populares.<\/p>\n<p>Neste momento de intensa crise pol\u00edtica e, em defesa do regime democr\u00e1tico, da ordem jur\u00eddica e dos interesses de toda a sociedade brasileira, reafirmamos nossa confian\u00e7a nas inst\u00e2ncias republicanas e em nossa luta em favor da democracia e, em especial, da democratiza\u00e7\u00e3o dos meios de comunica\u00e7\u00e3o.<\/p>\n<p>Brasil, 21 de mar\u00e7o de 2016<\/p>\n","protected":false},"excerpt":{"rendered":"<p>Os membros da Comiss\u00e3o Nacional de Blogueiros a Ativistas Digitais v\u00eam a p\u00fablico manifestarem-se sobre os \u00faltimos acontecimentos nacionais e sua grande preocupa\u00e7\u00e3o com a dimens\u00e3o dos fatos recentes na conjuntura pol\u00edtica brasileira. Acontecimentos que, no pensamento deste coletivo, merecem profunda reflex\u00e3o cr\u00edtica, a fim de se evitar retrocessos de conquistas obtidas ap\u00f3s anos de&#8230;<a class=\"more-link\" href=\"http:\/\/blogdalucianaoliveira.com.br\/blog\/2016\/05\/23\/nota-publica-da-comissao-nacional-de-blogueiros-e-ativistas-digitais-contra-o-golpe-em-defesa-da-democracia\/\">Continue a leitura <span class=\"meta-nav\">&raquo;<\/span><\/a><\/p>\n","protected":false},"author":1,"featured_media":0,"comment_status":"closed","ping_status":"open","sticky":false,"template":"","format":"standard","meta":{"_exactmetrics_skip_tracking":false,"_exactmetrics_sitenote_active":false,"_exactmetrics_sitenote_note":"","_exactmetrics_sitenote_category":0,"jetpack_post_was_ever_published":false,"_jetpack_newsletter_access":"","_jetpack_dont_email_post_to_subs":false,"_jetpack_newsletter_tier_id":0,"_jetpack_memberships_contains_paywalled_content":false,"_jetpack_memberships_contains_paid_content":false,"footnotes":"","jetpack_publicize_message":"","jetpack_publicize_feature_enabled":true,"jetpack_social_post_already_shared":true,"jetpack_social_options":{"image_generator_settings":{"template":"highway","enabled":false},"version":2}},"categories":[1],"tags":[],"class_list":["post-1183","post","type-post","status-publish","format-standard","hentry","category-notas"],"jetpack_publicize_connections":[],"jetpack_sharing_enabled":true,"jetpack_featured_media_url":"","jetpack_shortlink":"https:\/\/wp.me\/p7wKYW-j5","jetpack-related-posts":[],"_links":{"self":[{"href":"http:\/\/blogdalucianaoliveira.com.br\/blog\/wp-json\/wp\/v2\/posts\/1183","targetHints":{"allow":["GET"]}}],"collection":[{"href":"http:\/\/blogdalucianaoliveira.com.br\/blog\/wp-json\/wp\/v2\/posts"}],"about":[{"href":"http:\/\/blogdalucianaoliveira.com.br\/blog\/wp-json\/wp\/v2\/types\/post"}],"author":[{"embeddable":true,"href":"http:\/\/blogdalucianaoliveira.com.br\/blog\/wp-json\/wp\/v2\/users\/1"}],"replies":[{"embeddable":true,"href":"http:\/\/blogdalucianaoliveira.com.br\/blog\/wp-json\/wp\/v2\/comments?post=1183"}],"version-history":[{"count":1,"href":"http:\/\/blogdalucianaoliveira.com.br\/blog\/wp-json\/wp\/v2\/posts\/1183\/revisions"}],"predecessor-version":[{"id":1185,"href":"http:\/\/blogdalucianaoliveira.com.br\/blog\/wp-json\/wp\/v2\/posts\/1183\/revisions\/1185"}],"wp:attachment":[{"href":"http:\/\/blogdalucianaoliveira.com.br\/blog\/wp-json\/wp\/v2\/media?parent=1183"}],"wp:term":[{"taxonomy":"category","embeddable":true,"href":"http:\/\/blogdalucianaoliveira.com.br\/blog\/wp-json\/wp\/v2\/categories?post=1183"},{"taxonomy":"post_tag","embeddable":true,"href":"http:\/\/blogdalucianaoliveira.com.br\/blog\/wp-json\/wp\/v2\/tags?post=1183"}],"curies":[{"name":"wp","href":"https:\/\/api.w.org\/{rel}","templated":true}]}}