{"id":11845,"date":"2017-06-28T15:55:10","date_gmt":"2017-06-28T19:55:10","guid":{"rendered":"http:\/\/blogdalucianaoliveira.com.br\/blog\/?p=11845"},"modified":"2017-06-28T15:55:10","modified_gmt":"2017-06-28T19:55:10","slug":"indio-kaxarari-e-morto-por-pistoleiros-na-ponta-do-abuna","status":"publish","type":"post","link":"http:\/\/blogdalucianaoliveira.com.br\/blog\/2017\/06\/28\/indio-kaxarari-e-morto-por-pistoleiros-na-ponta-do-abuna\/","title":{"rendered":"\u00cdndio Kaxarari \u00e9 morto por pistoleiros na Ponta do Abun\u00e3"},"content":{"rendered":"<p><img data-recalc-dims=\"1\" loading=\"lazy\" decoding=\"async\" data-attachment-id=\"11846\" data-permalink=\"http:\/\/blogdalucianaoliveira.com.br\/blog\/2017\/06\/28\/indio-kaxarari-e-morto-por-pistoleiros-na-ponta-do-abuna\/indio-4\/\" data-orig-file=\"https:\/\/i0.wp.com\/blogdalucianaoliveira.com.br\/blog\/wp-content\/uploads\/2017\/06\/indio.jpg?fit=446%2C411\" data-orig-size=\"446,411\" data-comments-opened=\"0\" data-image-meta=\"{&quot;aperture&quot;:&quot;0&quot;,&quot;credit&quot;:&quot;&quot;,&quot;camera&quot;:&quot;&quot;,&quot;caption&quot;:&quot;&quot;,&quot;created_timestamp&quot;:&quot;0&quot;,&quot;copyright&quot;:&quot;&quot;,&quot;focal_length&quot;:&quot;0&quot;,&quot;iso&quot;:&quot;0&quot;,&quot;shutter_speed&quot;:&quot;0&quot;,&quot;title&quot;:&quot;&quot;,&quot;orientation&quot;:&quot;0&quot;}\" data-image-title=\"indio\" data-image-description=\"\" data-image-caption=\"\" data-medium-file=\"https:\/\/i0.wp.com\/blogdalucianaoliveira.com.br\/blog\/wp-content\/uploads\/2017\/06\/indio.jpg?fit=300%2C276\" data-large-file=\"https:\/\/i0.wp.com\/blogdalucianaoliveira.com.br\/blog\/wp-content\/uploads\/2017\/06\/indio.jpg?fit=446%2C411\" src=\"https:\/\/i0.wp.com\/blogdalucianaoliveira.com.br\/blog\/wp-content\/uploads\/2017\/06\/indio.jpg?resize=446%2C411\" alt=\"indio\" width=\"446\" height=\"411\" class=\"alignnone size-full wp-image-11846\" srcset=\"https:\/\/i0.wp.com\/blogdalucianaoliveira.com.br\/blog\/wp-content\/uploads\/2017\/06\/indio.jpg?w=446 446w, https:\/\/i0.wp.com\/blogdalucianaoliveira.com.br\/blog\/wp-content\/uploads\/2017\/06\/indio.jpg?resize=300%2C276 300w, https:\/\/i0.wp.com\/blogdalucianaoliveira.com.br\/blog\/wp-content\/uploads\/2017\/06\/indio.jpg?resize=326%2C300 326w\" sizes=\"auto, (max-width: 446px) 100vw, 446px\" \/><\/p>\n<p>Do Rondoniaovivo<\/p>\n<p>Um \u00edndio da etnia Kaxarari foi assassinado com v\u00e1rios disparos de arma de fogo na regi\u00e3o da Ponta do Abun\u00e3 em Rond\u00f4nia. A vitima Manoel Quintino da Silva kaxarari (40) foi morto na Vila Marmelo, localizada na Br 364 entre Extrema de Rond\u00f4nia e Vista Alegre do Abun\u00e3.<!--more--><\/p>\n<p>Por volta de 19hs de segunda-feira (26), dois homens encapuzados desceram de uma motocicleta e chamaram por Manoel, que ao atender, foi alvejado com tiro no rosto. O \u00edndio ainda correu em dire\u00e7\u00e3o ao quarto, mas foi alcan\u00e7ado e recebeu v\u00e1rios disparos pelas costas. Uma crian\u00e7a tamb\u00e9m foi atingida de rasp\u00e3o pelos pistoleiros.<\/p>\n<p>O ind\u00edgena era uma das antigas lideran\u00e7as da aldeia Pedreira e atualmente estava agregado na aldeia Buriti. A extra\u00e7\u00e3o ilegal de madeiras da T.I. Kaxarari por uma m\u00e1fia de madeireiros pode ser o motivador do crime. O corpo foi enviado para Porto Velho.<\/p>\n","protected":false},"excerpt":{"rendered":"<p>Do Rondoniaovivo Um \u00edndio da etnia Kaxarari foi assassinado com v\u00e1rios disparos de arma de fogo na regi\u00e3o da Ponta do Abun\u00e3 em Rond\u00f4nia. A vitima Manoel Quintino da Silva kaxarari (40) foi morto na Vila Marmelo, localizada na Br 364 entre Extrema de Rond\u00f4nia e Vista Alegre do Abun\u00e3.<\/p>\n","protected":false},"author":1,"featured_media":11846,"comment_status":"closed","ping_status":"open","sticky":false,"template":"","format":"standard","meta":{"_exactmetrics_skip_tracking":false,"_exactmetrics_sitenote_active":false,"_exactmetrics_sitenote_note":"","_exactmetrics_sitenote_category":0,"jetpack_post_was_ever_published":false,"_jetpack_newsletter_access":"","_jetpack_dont_email_post_to_subs":false,"_jetpack_newsletter_tier_id":0,"_jetpack_memberships_contains_paywalled_content":false,"_jetpack_memberships_contains_paid_content":false,"footnotes":"","jetpack_publicize_message":"","jetpack_publicize_feature_enabled":true,"jetpack_social_post_already_shared":true,"jetpack_social_options":{"image_generator_settings":{"template":"highway","enabled":false},"version":2}},"categories":[1],"tags":[],"class_list":["post-11845","post","type-post","status-publish","format-standard","has-post-thumbnail","hentry","category-notas"],"jetpack_publicize_connections":[],"jetpack_sharing_enabled":true,"jetpack_featured_media_url":"https:\/\/i0.wp.com\/blogdalucianaoliveira.com.br\/blog\/wp-content\/uploads\/2017\/06\/indio.jpg?fit=446%2C411","jetpack_shortlink":"https:\/\/wp.me\/p7wKYW-353","jetpack-related-posts":[],"_links":{"self":[{"href":"http:\/\/blogdalucianaoliveira.com.br\/blog\/wp-json\/wp\/v2\/posts\/11845","targetHints":{"allow":["GET"]}}],"collection":[{"href":"http:\/\/blogdalucianaoliveira.com.br\/blog\/wp-json\/wp\/v2\/posts"}],"about":[{"href":"http:\/\/blogdalucianaoliveira.com.br\/blog\/wp-json\/wp\/v2\/types\/post"}],"author":[{"embeddable":true,"href":"http:\/\/blogdalucianaoliveira.com.br\/blog\/wp-json\/wp\/v2\/users\/1"}],"replies":[{"embeddable":true,"href":"http:\/\/blogdalucianaoliveira.com.br\/blog\/wp-json\/wp\/v2\/comments?post=11845"}],"version-history":[{"count":1,"href":"http:\/\/blogdalucianaoliveira.com.br\/blog\/wp-json\/wp\/v2\/posts\/11845\/revisions"}],"predecessor-version":[{"id":11847,"href":"http:\/\/blogdalucianaoliveira.com.br\/blog\/wp-json\/wp\/v2\/posts\/11845\/revisions\/11847"}],"wp:featuredmedia":[{"embeddable":true,"href":"http:\/\/blogdalucianaoliveira.com.br\/blog\/wp-json\/wp\/v2\/media\/11846"}],"wp:attachment":[{"href":"http:\/\/blogdalucianaoliveira.com.br\/blog\/wp-json\/wp\/v2\/media?parent=11845"}],"wp:term":[{"taxonomy":"category","embeddable":true,"href":"http:\/\/blogdalucianaoliveira.com.br\/blog\/wp-json\/wp\/v2\/categories?post=11845"},{"taxonomy":"post_tag","embeddable":true,"href":"http:\/\/blogdalucianaoliveira.com.br\/blog\/wp-json\/wp\/v2\/tags?post=11845"}],"curies":[{"name":"wp","href":"https:\/\/api.w.org\/{rel}","templated":true}]}}