{"id":11848,"date":"2017-06-29T11:01:26","date_gmt":"2017-06-29T15:01:26","guid":{"rendered":"http:\/\/blogdalucianaoliveira.com.br\/blog\/?p=11848"},"modified":"2017-06-29T11:01:26","modified_gmt":"2017-06-29T15:01:26","slug":"ccj-aprova-reforma-trabalhista-que-vai-a-plenario","status":"publish","type":"post","link":"http:\/\/blogdalucianaoliveira.com.br\/blog\/2017\/06\/29\/ccj-aprova-reforma-trabalhista-que-vai-a-plenario\/","title":{"rendered":"CCJ APROVA REFORMA TRABALHISTA, QUE VAI A PLEN\u00c1RIO"},"content":{"rendered":"<p><img data-recalc-dims=\"1\" loading=\"lazy\" decoding=\"async\" data-attachment-id=\"11849\" data-permalink=\"http:\/\/blogdalucianaoliveira.com.br\/blog\/2017\/06\/29\/ccj-aprova-reforma-trabalhista-que-vai-a-plenario\/ju\/\" data-orig-file=\"https:\/\/i0.wp.com\/blogdalucianaoliveira.com.br\/blog\/wp-content\/uploads\/2017\/06\/ju.jpg?fit=1000%2C357\" data-orig-size=\"1000,357\" data-comments-opened=\"0\" data-image-meta=\"{&quot;aperture&quot;:&quot;0&quot;,&quot;credit&quot;:&quot;&quot;,&quot;camera&quot;:&quot;&quot;,&quot;caption&quot;:&quot;&quot;,&quot;created_timestamp&quot;:&quot;0&quot;,&quot;copyright&quot;:&quot;&quot;,&quot;focal_length&quot;:&quot;0&quot;,&quot;iso&quot;:&quot;0&quot;,&quot;shutter_speed&quot;:&quot;0&quot;,&quot;title&quot;:&quot;&quot;,&quot;orientation&quot;:&quot;0&quot;}\" data-image-title=\"ju\" data-image-description=\"\" data-image-caption=\"\" data-medium-file=\"https:\/\/i0.wp.com\/blogdalucianaoliveira.com.br\/blog\/wp-content\/uploads\/2017\/06\/ju.jpg?fit=300%2C107\" data-large-file=\"https:\/\/i0.wp.com\/blogdalucianaoliveira.com.br\/blog\/wp-content\/uploads\/2017\/06\/ju.jpg?fit=600%2C214\" src=\"https:\/\/i0.wp.com\/blogdalucianaoliveira.com.br\/blog\/wp-content\/uploads\/2017\/06\/ju.jpg?resize=600%2C214\" alt=\"ju\" width=\"600\" height=\"214\" class=\"alignnone size-full wp-image-11849\" srcset=\"https:\/\/i0.wp.com\/blogdalucianaoliveira.com.br\/blog\/wp-content\/uploads\/2017\/06\/ju.jpg?w=1000 1000w, https:\/\/i0.wp.com\/blogdalucianaoliveira.com.br\/blog\/wp-content\/uploads\/2017\/06\/ju.jpg?resize=300%2C107 300w, https:\/\/i0.wp.com\/blogdalucianaoliveira.com.br\/blog\/wp-content\/uploads\/2017\/06\/ju.jpg?resize=768%2C274 768w, https:\/\/i0.wp.com\/blogdalucianaoliveira.com.br\/blog\/wp-content\/uploads\/2017\/06\/ju.jpg?resize=800%2C286 800w\" sizes=\"auto, (max-width: 600px) 100vw, 600px\" \/><\/p>\n<p>No 247, Mariana Jungmann &#8211; Rep\u00f3rter da Ag\u00eancia Brasil<\/p>\n<p>A Comiss\u00e3o de Constitui\u00e7\u00e3o e Justi\u00e7a (CCJ) do Senado aprovou ontem (28), por 16 votos a favor, 9 contr\u00e1rios e 1 absten\u00e7\u00e3o, o relat\u00f3rio do senador Romero Juc\u00e1 (PMDB-RR) favor\u00e1vel \u00e0 reforma trabalhista. Os senadores tamb\u00e9m rejeitaram todas as sujest\u00f5es de emendas que foram destacadas para serem analisadas separadamente.<!--more--><\/p>\n<p>Sob protestos da oposi\u00e7\u00e3o, a comiss\u00e3o aprovou o regime de urg\u00eancia para o projeto ir para plen\u00e1rio. O presidente do Senado, Eun\u00edcio Oliveira (PMDB-CE), j\u00e1 comunicou que pautar\u00e1 a mat\u00e9ria imediatamente. Assim, ela poder\u00e1 ser analisada j\u00e1 na sess\u00e3o extraordin\u00e1ria convocada para as 10h de hoje (29) ou ficar para a pr\u00f3xima ter\u00e7a-feira (4), caso n\u00e3o haja qu\u00f3rum nesta quinta-feira.<\/p>\n<p>Os debates sobre a reforma na comiss\u00e3o come\u00e7aram pouco depois das 10h com a leitura dos seis votos em separado apresentados pelos senadores Paulo Paim (PT-RS), Eduardo Braga (PMDB-AM), Vanessa Grazziotin (PCdoB-AM), Lasier Martins (PSD-RS), L\u00eddice da Mata (PSB-BA) e Randolfe Rodrigues (Rede-AP).<\/p>\n<p>A leitura dos votos foi conclu\u00edda \u00e0s 16h30, quando os senadores come\u00e7aram a fase de discuss\u00e3o da proposta. Mais de 12 horas ap\u00f3s o in\u00edcio da sess\u00e3o, o texto-base de Juc\u00e1 foi votado e aprovado, sob protestos da oposi\u00e7\u00e3o.<\/p>\n<p>Para garantir a aprova\u00e7\u00e3o, o presidente Michel Temer encaminhou aos senadores uma carta na qual reafirmou seu compromisso de vetar seis pontos acordados previamente por Juc\u00e1 com os senadores da base aliada. A regulamenta\u00e7\u00e3o desses pontos ser\u00e1 feita posteriormente por meio de medida provis\u00f3ria.<\/p>\n<p>Entre os vetos sugeridos est\u00e1 o tratamento da gestante e do lactante em ambiente insalubre. O texto prev\u00ea que a trabalhadora gestante dever\u00e1 ser afastada automaticamente, durante toda a gesta\u00e7\u00e3o, apenas das atividades consideradas insalubres em grau m\u00e1ximo. Para atividades insalubres de graus m\u00e9dio ou m\u00ednimo, a trabalhadora s\u00f3 ser\u00e1 afastada a pedido m\u00e9dico.<\/p>\n<p>Outra sugest\u00e3o \u00e9 vetar a altera\u00e7\u00e3o que permite que o acordo individual estabele\u00e7a a chamada jornada 12 por 36, na qual o empregado trabalha 12 horas seguidas e descansa as 36 seguintes.  Em rela\u00e7\u00e3o ao trabalho intermitente, foi recomendado veto aos dispositivos que regulamentam a pr\u00e1tica na qual a presta\u00e7\u00e3o de servi\u00e7os n\u00e3o \u00e9 cont\u00ednua, embora com subordina\u00e7\u00e3o. Nesse tipo de trabalho, s\u00e3o alternados per\u00edodos de presta\u00e7\u00e3o de servi\u00e7os e de inatividade, determinados em horas, dias ou meses, independentemente do tipo de atividade do empregado e do empregador.<\/p>\n<p>Se os senadores aprovarem emendas ao texto da reforma, ela precisar\u00e1 retornar para \u00faltima an\u00e1lise da C\u00e2mara, que poder\u00e3o manter o projeto conforme enviado pelo Senado ou retomar integral ou parcialmente a proposta dos deputados. Para evitar esse processo, que postergaria a reforma, o governo busca o acordo para que a mat\u00e9ria seja aprovada sem altera\u00e7\u00f5es.<\/p>\n","protected":false},"excerpt":{"rendered":"<p>No 247, Mariana Jungmann &#8211; Rep\u00f3rter da Ag\u00eancia Brasil A Comiss\u00e3o de Constitui\u00e7\u00e3o e Justi\u00e7a (CCJ) do Senado aprovou ontem (28), por 16 votos a favor, 9 contr\u00e1rios e 1 absten\u00e7\u00e3o, o relat\u00f3rio do senador Romero Juc\u00e1 (PMDB-RR) favor\u00e1vel \u00e0 reforma trabalhista. Os senadores tamb\u00e9m rejeitaram todas as sujest\u00f5es de emendas que foram destacadas para&#8230;<a class=\"more-link\" href=\"http:\/\/blogdalucianaoliveira.com.br\/blog\/2017\/06\/29\/ccj-aprova-reforma-trabalhista-que-vai-a-plenario\/\">Continue a leitura <span class=\"meta-nav\">&raquo;<\/span><\/a><\/p>\n","protected":false},"author":1,"featured_media":0,"comment_status":"closed","ping_status":"open","sticky":false,"template":"","format":"standard","meta":{"_exactmetrics_skip_tracking":false,"_exactmetrics_sitenote_active":false,"_exactmetrics_sitenote_note":"","_exactmetrics_sitenote_category":0,"jetpack_post_was_ever_published":false,"_jetpack_newsletter_access":"","_jetpack_dont_email_post_to_subs":false,"_jetpack_newsletter_tier_id":0,"_jetpack_memberships_contains_paywalled_content":false,"_jetpack_memberships_contains_paid_content":false,"footnotes":"","jetpack_publicize_message":"","jetpack_publicize_feature_enabled":true,"jetpack_social_post_already_shared":true,"jetpack_social_options":{"image_generator_settings":{"template":"highway","enabled":false},"version":2}},"categories":[1],"tags":[],"class_list":["post-11848","post","type-post","status-publish","format-standard","hentry","category-notas"],"jetpack_publicize_connections":[],"jetpack_sharing_enabled":true,"jetpack_featured_media_url":"","jetpack_shortlink":"https:\/\/wp.me\/p7wKYW-356","jetpack-related-posts":[],"_links":{"self":[{"href":"http:\/\/blogdalucianaoliveira.com.br\/blog\/wp-json\/wp\/v2\/posts\/11848","targetHints":{"allow":["GET"]}}],"collection":[{"href":"http:\/\/blogdalucianaoliveira.com.br\/blog\/wp-json\/wp\/v2\/posts"}],"about":[{"href":"http:\/\/blogdalucianaoliveira.com.br\/blog\/wp-json\/wp\/v2\/types\/post"}],"author":[{"embeddable":true,"href":"http:\/\/blogdalucianaoliveira.com.br\/blog\/wp-json\/wp\/v2\/users\/1"}],"replies":[{"embeddable":true,"href":"http:\/\/blogdalucianaoliveira.com.br\/blog\/wp-json\/wp\/v2\/comments?post=11848"}],"version-history":[{"count":1,"href":"http:\/\/blogdalucianaoliveira.com.br\/blog\/wp-json\/wp\/v2\/posts\/11848\/revisions"}],"predecessor-version":[{"id":11850,"href":"http:\/\/blogdalucianaoliveira.com.br\/blog\/wp-json\/wp\/v2\/posts\/11848\/revisions\/11850"}],"wp:attachment":[{"href":"http:\/\/blogdalucianaoliveira.com.br\/blog\/wp-json\/wp\/v2\/media?parent=11848"}],"wp:term":[{"taxonomy":"category","embeddable":true,"href":"http:\/\/blogdalucianaoliveira.com.br\/blog\/wp-json\/wp\/v2\/categories?post=11848"},{"taxonomy":"post_tag","embeddable":true,"href":"http:\/\/blogdalucianaoliveira.com.br\/blog\/wp-json\/wp\/v2\/tags?post=11848"}],"curies":[{"name":"wp","href":"https:\/\/api.w.org\/{rel}","templated":true}]}}