{"id":11851,"date":"2017-06-29T11:05:21","date_gmt":"2017-06-29T15:05:21","guid":{"rendered":"http:\/\/blogdalucianaoliveira.com.br\/blog\/?p=11851"},"modified":"2017-06-29T11:05:21","modified_gmt":"2017-06-29T15:05:21","slug":"o-aumento-da-rejeicao-de-moro-na-pesquisa-ipsos-sinaliza-o-cansaco-dos-brasileiros-com-sua-ficcao","status":"publish","type":"post","link":"http:\/\/blogdalucianaoliveira.com.br\/blog\/2017\/06\/29\/o-aumento-da-rejeicao-de-moro-na-pesquisa-ipsos-sinaliza-o-cansaco-dos-brasileiros-com-sua-ficcao\/","title":{"rendered":"O aumento da rejei\u00e7\u00e3o de Moro na pesquisa Ipsos sinaliza o cansa\u00e7o dos brasileiros com sua fic\u00e7\u00e3o"},"content":{"rendered":"<p><img data-recalc-dims=\"1\" loading=\"lazy\" decoding=\"async\" data-attachment-id=\"11852\" data-permalink=\"http:\/\/blogdalucianaoliveira.com.br\/blog\/2017\/06\/29\/o-aumento-da-rejeicao-de-moro-na-pesquisa-ipsos-sinaliza-o-cansaco-dos-brasileiros-com-sua-ficcao\/juize\/\" data-orig-file=\"https:\/\/i0.wp.com\/blogdalucianaoliveira.com.br\/blog\/wp-content\/uploads\/2017\/06\/juize.jpg?fit=600%2C440\" data-orig-size=\"600,440\" data-comments-opened=\"0\" data-image-meta=\"{&quot;aperture&quot;:&quot;0&quot;,&quot;credit&quot;:&quot;&quot;,&quot;camera&quot;:&quot;&quot;,&quot;caption&quot;:&quot;&quot;,&quot;created_timestamp&quot;:&quot;0&quot;,&quot;copyright&quot;:&quot;&quot;,&quot;focal_length&quot;:&quot;0&quot;,&quot;iso&quot;:&quot;0&quot;,&quot;shutter_speed&quot;:&quot;0&quot;,&quot;title&quot;:&quot;&quot;,&quot;orientation&quot;:&quot;0&quot;}\" data-image-title=\"juize\" data-image-description=\"\" data-image-caption=\"\" data-medium-file=\"https:\/\/i0.wp.com\/blogdalucianaoliveira.com.br\/blog\/wp-content\/uploads\/2017\/06\/juize.jpg?fit=300%2C220\" data-large-file=\"https:\/\/i0.wp.com\/blogdalucianaoliveira.com.br\/blog\/wp-content\/uploads\/2017\/06\/juize.jpg?fit=600%2C440\" src=\"https:\/\/i0.wp.com\/blogdalucianaoliveira.com.br\/blog\/wp-content\/uploads\/2017\/06\/juize.jpg?resize=600%2C440\" alt=\"juize\" width=\"600\" height=\"440\" class=\"alignnone size-full wp-image-11852\" srcset=\"https:\/\/i0.wp.com\/blogdalucianaoliveira.com.br\/blog\/wp-content\/uploads\/2017\/06\/juize.jpg?w=600 600w, https:\/\/i0.wp.com\/blogdalucianaoliveira.com.br\/blog\/wp-content\/uploads\/2017\/06\/juize.jpg?resize=300%2C220 300w, https:\/\/i0.wp.com\/blogdalucianaoliveira.com.br\/blog\/wp-content\/uploads\/2017\/06\/juize.jpg?resize=409%2C300 409w\" sizes=\"auto, (max-width: 600px) 100vw, 600px\" \/><\/p>\n<p>O dado est\u00e1 na mais recente pesquisa Ipsos.<!--more--><\/p>\n<p>Kiko Nogueira, no DCM<\/p>\n<p>Na desesperan\u00e7a generalizada que tomou conta do Brasil, 95% acham que estamos no rumo errado e 96% afirmam que a Lava Jato deve continuar \u201ccom as investiga\u00e7\u00f5es at\u00e9 o fim, custe o que custar\u201d.<br \/>\nMas a est\u00e1tua de sal do juiz Sergio Moro est\u00e1 rachada.<\/p>\n<p>Temer (93%), Dilma (82%) e Lula (68%) s\u00e3o campe\u00f5es de rejei\u00e7\u00e3o. Moro passou a ocupar um lugar de destaque na galeria.<\/p>\n<p>Em maio, 22% declararam desaprov\u00e1-lo \u201ctotalmente ou um pouco\u201d. Esse percentual subiu para 28% em junho (no caso de Joaquim Barbosa, foi de 26% para 37%).<\/p>\n<p>Moro \u00e9 visto como pol\u00edtico e sofre desgaste como tal.<\/p>\n<p>A queda significa que, ao contr\u00e1rio do que acreditam ele e a Globo, seu principal cabo eleitoral, os brasileiros se cansam de ser enganados por quem se julga acima do bem e do mal.<\/p>\n<p>Mais de tr\u00eas anos de persegui\u00e7\u00e3o a um pol\u00edtico e um partido n\u00e3o melhoraram a vida de ningu\u00e9m, n\u00e3o injetaram otimismo, n\u00e3o fizeram a economia reagir, n\u00e3o deram mais perspectiva \u2014 a n\u00e3o ser \u00e0 turma de Curitiba, com convites para palestras e novos neg\u00f3cios.<\/p>\n<p>Dallagnol e seu powerpoint, as coletivas dignas de jogos da sele\u00e7\u00e3o da CBF, as entrevistas arrogantes, o Japon\u00eas da Federal, o culto \u00e0 personalidade\u2026 Tudo isso, visto hoje, \u00e9 desolador.<\/p>\n<p>O que Moro conseguiu com sua cruzada de falso moralismo mono obsessiva foi sua autodestrui\u00e7\u00e3o, mais que a de Lula, que sobe em toda pesquisa porque representa, para muitos, um fio de esperan\u00e7a.<\/p>\n<p>Destitu\u00edda Dilma na farsa jur\u00eddica do impeachment, que contou com a imensa ajuda da Lava Jato, o que temos \u00e9 um bando de ladr\u00f5es que seguiram o roteiro de Romero Juc\u00e1.<\/p>\n<p>Foi para isso?<\/p>\n<p>Moro se vendeu e se deixou vender como salvador da p\u00e1tria para milhares de idiotas \u00fateis. Como esquecer, para ficar num exemplo, Luana Piovani, Fagner e amigos, que foram visit\u00e1-lo em seu escrit\u00f3rio para fazer selfies?<\/p>\n<p>Onde est\u00e3o eles?<\/p>\n<p>Sergio Moro cansou. Como diziam os teletubbies, \u00e9 hora de dar tchau.<\/p>\n","protected":false},"excerpt":{"rendered":"<p>O dado est\u00e1 na mais recente pesquisa Ipsos.<\/p>\n","protected":false},"author":1,"featured_media":11852,"comment_status":"closed","ping_status":"open","sticky":false,"template":"","format":"standard","meta":{"_exactmetrics_skip_tracking":false,"_exactmetrics_sitenote_active":false,"_exactmetrics_sitenote_note":"","_exactmetrics_sitenote_category":0,"jetpack_post_was_ever_published":false,"_jetpack_newsletter_access":"","_jetpack_dont_email_post_to_subs":false,"_jetpack_newsletter_tier_id":0,"_jetpack_memberships_contains_paywalled_content":false,"_jetpack_memberships_contains_paid_content":false,"footnotes":"","jetpack_publicize_message":"","jetpack_publicize_feature_enabled":true,"jetpack_social_post_already_shared":true,"jetpack_social_options":{"image_generator_settings":{"template":"highway","enabled":false},"version":2}},"categories":[1],"tags":[],"class_list":["post-11851","post","type-post","status-publish","format-standard","has-post-thumbnail","hentry","category-notas"],"jetpack_publicize_connections":[],"jetpack_sharing_enabled":true,"jetpack_featured_media_url":"https:\/\/i0.wp.com\/blogdalucianaoliveira.com.br\/blog\/wp-content\/uploads\/2017\/06\/juize.jpg?fit=600%2C440","jetpack_shortlink":"https:\/\/wp.me\/p7wKYW-359","jetpack-related-posts":[],"_links":{"self":[{"href":"http:\/\/blogdalucianaoliveira.com.br\/blog\/wp-json\/wp\/v2\/posts\/11851","targetHints":{"allow":["GET"]}}],"collection":[{"href":"http:\/\/blogdalucianaoliveira.com.br\/blog\/wp-json\/wp\/v2\/posts"}],"about":[{"href":"http:\/\/blogdalucianaoliveira.com.br\/blog\/wp-json\/wp\/v2\/types\/post"}],"author":[{"embeddable":true,"href":"http:\/\/blogdalucianaoliveira.com.br\/blog\/wp-json\/wp\/v2\/users\/1"}],"replies":[{"embeddable":true,"href":"http:\/\/blogdalucianaoliveira.com.br\/blog\/wp-json\/wp\/v2\/comments?post=11851"}],"version-history":[{"count":1,"href":"http:\/\/blogdalucianaoliveira.com.br\/blog\/wp-json\/wp\/v2\/posts\/11851\/revisions"}],"predecessor-version":[{"id":11853,"href":"http:\/\/blogdalucianaoliveira.com.br\/blog\/wp-json\/wp\/v2\/posts\/11851\/revisions\/11853"}],"wp:featuredmedia":[{"embeddable":true,"href":"http:\/\/blogdalucianaoliveira.com.br\/blog\/wp-json\/wp\/v2\/media\/11852"}],"wp:attachment":[{"href":"http:\/\/blogdalucianaoliveira.com.br\/blog\/wp-json\/wp\/v2\/media?parent=11851"}],"wp:term":[{"taxonomy":"category","embeddable":true,"href":"http:\/\/blogdalucianaoliveira.com.br\/blog\/wp-json\/wp\/v2\/categories?post=11851"},{"taxonomy":"post_tag","embeddable":true,"href":"http:\/\/blogdalucianaoliveira.com.br\/blog\/wp-json\/wp\/v2\/tags?post=11851"}],"curies":[{"name":"wp","href":"https:\/\/api.w.org\/{rel}","templated":true}]}}