{"id":11855,"date":"2017-06-29T11:28:20","date_gmt":"2017-06-29T15:28:20","guid":{"rendered":"http:\/\/blogdalucianaoliveira.com.br\/blog\/?p=11855"},"modified":"2017-06-29T11:29:15","modified_gmt":"2017-06-29T15:29:15","slug":"onde-temer-se-escora-para-nao-cair","status":"publish","type":"post","link":"http:\/\/blogdalucianaoliveira.com.br\/blog\/2017\/06\/29\/onde-temer-se-escora-para-nao-cair\/","title":{"rendered":"Onde Temer se escora para n\u00e3o cair"},"content":{"rendered":"<p><img data-recalc-dims=\"1\" loading=\"lazy\" decoding=\"async\" data-attachment-id=\"11856\" data-permalink=\"http:\/\/blogdalucianaoliveira.com.br\/blog\/2017\/06\/29\/onde-temer-se-escora-para-nao-cair\/temer-4\/\" data-orig-file=\"https:\/\/i0.wp.com\/blogdalucianaoliveira.com.br\/blog\/wp-content\/uploads\/2017\/06\/temer.jpg?fit=600%2C400\" data-orig-size=\"600,400\" data-comments-opened=\"0\" data-image-meta=\"{&quot;aperture&quot;:&quot;0&quot;,&quot;credit&quot;:&quot;&quot;,&quot;camera&quot;:&quot;&quot;,&quot;caption&quot;:&quot;&quot;,&quot;created_timestamp&quot;:&quot;0&quot;,&quot;copyright&quot;:&quot;&quot;,&quot;focal_length&quot;:&quot;0&quot;,&quot;iso&quot;:&quot;0&quot;,&quot;shutter_speed&quot;:&quot;0&quot;,&quot;title&quot;:&quot;&quot;,&quot;orientation&quot;:&quot;0&quot;}\" data-image-title=\"temer\" data-image-description=\"\" data-image-caption=\"\" data-medium-file=\"https:\/\/i0.wp.com\/blogdalucianaoliveira.com.br\/blog\/wp-content\/uploads\/2017\/06\/temer.jpg?fit=300%2C200\" data-large-file=\"https:\/\/i0.wp.com\/blogdalucianaoliveira.com.br\/blog\/wp-content\/uploads\/2017\/06\/temer.jpg?fit=600%2C400\" src=\"https:\/\/i0.wp.com\/blogdalucianaoliveira.com.br\/blog\/wp-content\/uploads\/2017\/06\/temer.jpg?resize=600%2C400\" alt=\"temer\" width=\"600\" height=\"400\" class=\"alignnone size-full wp-image-11856\" srcset=\"https:\/\/i0.wp.com\/blogdalucianaoliveira.com.br\/blog\/wp-content\/uploads\/2017\/06\/temer.jpg?w=600 600w, https:\/\/i0.wp.com\/blogdalucianaoliveira.com.br\/blog\/wp-content\/uploads\/2017\/06\/temer.jpg?resize=300%2C200 300w, https:\/\/i0.wp.com\/blogdalucianaoliveira.com.br\/blog\/wp-content\/uploads\/2017\/06\/temer.jpg?resize=450%2C300 450w\" sizes=\"auto, (max-width: 600px) 100vw, 600px\" \/><\/p>\n<p>No DCM, publicado na DW.<\/p>\n<p>Vai come\u00e7ar tudo de novo. Alvo de uma den\u00fancia criminal, o presidente Michel Temer vai enfrentar uma vota\u00e7\u00e3o crucial na C\u00e2mara sobre o futuro de seu governo. Tal como ocorreu no processo de impeachment de Dilma Rousseff, em 2016, ele precisa reunir pelo menos 172 votos (ou aus\u00eancias) para impedir que os deputados autorizem o avan\u00e7o da a\u00e7\u00e3o.<!--more--><\/p>\n<p>Para isso, o presidente espera contar com sua base aliada, cuja lealdade deve ser refor\u00e7ada ainda mais com a distribui\u00e7\u00e3o de cargos e verbas. Apesar de a den\u00fancia criminal ser baseada em aspectos t\u00e9cnicos, o tr\u00e2mite inicial na C\u00e2mara segue uma l\u00f3gica pol\u00edtica e n\u00e3o \u00e9 dependente dos argumentos jur\u00eddicos apresentados pela defesa.<\/p>\n<p>Para evitar mais desgaste e tentar assegurar a vit\u00f3ria na C\u00e2mara, Temer decidiu n\u00e3o participar da reuni\u00e3o do G20 a ser realizada nos dias 7 e 8 de julho em Hamburgo, na Alemanha, onde deveria almo\u00e7ar com a chanceler federal alem\u00e3, Angela Merkel.<\/p>\n<p>O presidente tamb\u00e9m deve tentar explorar a revolta da classe pol\u00edtica com o Minist\u00e9rio P\u00fablico. No entanto, o arsenal para garantir sua sobreviv\u00eancia j\u00e1 apresenta algumas avarias. Veja quais s\u00e3o:<\/p>\n<p>A for\u00e7a da base aliada<\/p>\n<p>Quando assumiu, Temer alardeou possuir uma base aliada com mais de 400 deputados, uma maioria not\u00e1vel desde a redemocratiza\u00e7\u00e3o. No momento, interlocutores do governo garantem que o Planalto conta facilmente com pelo menos 250 votos a seu favor, dezenas a mais do que o necess\u00e1rio para barrar o tr\u00e2mite da den\u00fancia.<\/p>\n<p>S\u00f3 que desde o in\u00edcio da crise pol\u00edtica e da Opera\u00e7\u00e3o Lava Jato, Bras\u00edlia se acostumou aos \u201cfatos novos\u201d que embaralham para o governo uma situa\u00e7\u00e3o que parece definida. Foi o que aconteceu com a ex-presidente Dilma Rousseff no in\u00edcio de 2016. \u00c0 \u00e9poca, a vota\u00e7\u00e3o do impeachment pela C\u00e2mara parecia estar caminhando a seu favor, mas dois fatos negativos na mesma semana acabaram corroendo o que restava da base de apoio: a divulga\u00e7\u00e3o da dela\u00e7\u00e3o de ex-senador Delc\u00eddio do Amaral e o imbr\u00f3glio da nomea\u00e7\u00e3o do ex-presidente Lula como ministro.<\/p>\n<p>No caso de Temer, n\u00e3o faltam potenciais fatos novos para desestabilizar ainda mais o seu governo. Um deles pode ser uma eventual dela\u00e7\u00e3o do \u201chomem da mala\u201d Rodrigo Rocha Loures, o ex-assessor da Presid\u00eancia que foi gravado recebendo 500 mil reais. Al\u00e9m de Loures, h\u00e1 outros potenciais candidatos, como o ex-deputado Eduardo Cunha.<\/p>\n<p>Durante o pronunciamento de Temer sobre a den\u00fancia nesta ter\u00e7a-feira, cerca de 80 deputados compareceram. Eram em sua maioria integrantes do \u201cbaixo clero\u201d da C\u00e2mara. Quase nenhum pol\u00edtico de destaque apareceu para emprestar sua imagem ao presidente.<\/p>\n<p>Antes disso, a base j\u00e1 vinha dando sinais de desgaste. Na semana passada, o governo foi derrotado em vota\u00e7\u00e3o em uma comiss\u00e3o do Senado que discutiu a reforma trabalhista. H\u00e1 ainda o fator PSDB. Apesar da Executiva do partido ainda apoiar Temer, deputados tucanos n\u00e3o escondem sua insatisfa\u00e7\u00e3o de ver a sigla ainda atrelada ao governo.<\/p>\n<p>A \u201cgenerosidade\u201d<\/p>\n<p>Mesmo fragilizado, Temer continua a controlar a caneta do governo, e tudo que o Planalto pode oferecer para obter apoio, como cargos e libera\u00e7\u00e3o de verbas. Logo ap\u00f3s a dela\u00e7\u00e3o da JBS, Temer liberou 1 bilh\u00e3o de reais para emendas de deputados. O deputado que recebeu o maior valor foi Marco Rog\u00e9rio (DEM-RO), cotado para o cargo de relator da den\u00fancia contra o presidente. Com uma eventual sa\u00edda do PSDB, o Planalto articula distribuir os cargos de tucanos entre siglas m\u00e9dias com o objetivo de formar um n\u00facleo de apoio mais enxuto, mas 100% leal.<\/p>\n<p>No ano passado, a ex-presidente Dilma Rousseff usou do mesmo artif\u00edcio para tentar barrar o impeachment. Somente nos primeiros dias de maio de 2016, ela empenhou 1,4 bilh\u00e3o de reais em emendas para deputados e senadores, quase a totalidade do que havia liberado no acumulado nos primeiros meses do ano. A presidente tamb\u00e9m distribuiu os cargos e minist\u00e9rios que estavam em poder do PMDB para membros do \u201ccentr\u00e3o\u201d. Isso n\u00e3o impediu seu afastamento de Dilma, aprovado pelos senadores em 12 de maio.<\/p>\n<p>Os ataques<\/p>\n<p>Em um pronunciamento na segunda-feira, Temer atacou o procurador-geral Rodrigo Janot. O presidente chegou ao ponto de insinuar que ele recebeu dinheiro para persegui-lo. Foi um discurso feito diretamente para parlamentares que est\u00e3o fartos das investiga\u00e7\u00f5es que sacodem o mundo pol\u00edtico desde 2014. Temer afirmou que a PGR abriu um \u201cprecedente perigos\u00edssimo\u201d ao fazer acusa\u00e7\u00f5es que, segundo ele, t\u00eam como base, \u201cila\u00e7\u00f5es\u201d. O recado foi claro: Temer sugeriu que todos podem se tornar alvos e a resposta \u00e9 a uni\u00e3o em torno da sua figura.<\/p>\n<p>A estrat\u00e9gia n\u00e3o \u00e9 diferente da adotada pelo ex-deputado Eduardo Cunha (PMDB-RJ) entre 2015 e 2016. Um dos primeiros alvos parlamentares da Lava Jato, Cunha repetidamente lan\u00e7ou ataques contra Janot.  \u201cHoje, sou eu. Voc\u00eas, amanh\u00e3\u201d, chegou a afirmar. No final, mesmo os deputados que criticavam a Lava Jato acabaram por abandon\u00e1-lo.<\/p>\n<p>O efeito de atrair deputados para o enfrentamento com a PGR tamb\u00e9m pode ser limitado, dada a aprova\u00e7\u00e3o que a Lava Jato goza entre os brasileiros. Segundo o cientista pol\u00edtico Gaspard Estrada, da Sciences Po de Paris, muitos pol\u00edticos j\u00e1 come\u00e7am a se preocupar com a aproxima\u00e7\u00e3o das elei\u00e7\u00f5es e j\u00e1 est\u00e3o calculando o custo de se verem atrelados a um presidente extremamente impopular. \u201cNingu\u00e9m vai querer estar associado ao Temer quando as elei\u00e7\u00f5es de 2018 se aproximarem\u201d, diz.<\/p>\n<p>Um aliado na Presid\u00eancia da C\u00e2mara<\/p>\n<p>N\u00e3o h\u00e1 mais um Eduardo Cunha na Presid\u00eancia da C\u00e2mara. Articulador do impeachment de Dilma, o ex-deputado teve papel central em convencer a C\u00e2mara a abandonar a ex-presidente. Hoje, a chefia da Casa \u00e9 ocupada por Rodrigo Maia (DEM-RJ), um aliado de Temer. Ele j\u00e1 engavetou v\u00e1rios pedidos de impeachment contra Temer e chegou a criticar o ex-presidente Fernando Henrique Cardoso ap\u00f3s este pedir a ren\u00fancia do peemedebista. Por\u00e9m, Maia n\u00e3o parece estar disposto a defender Temer abertamente. Ele evitou comentar a den\u00fancia e n\u00e3o compareceu ao pronunciamento do presidente na \u00faltima ter\u00e7a-feira.<\/p>\n<p>A falta de alternativa<\/p>\n<p>N\u00e3o h\u00e1 nenhum nome de consenso entre a classe pol\u00edtica sobre quem poderia substituir Temer na Presid\u00eancia. Antes do julgamento da chapa Dilma-Temer pelo Tribunal Superior Eleitoral (TSE), v\u00e1rios nomes foram especulados pela imprensa. No entanto, nenhum deles parecia ter for\u00e7a suficiente para ser aceito em peso pela classe pol\u00edtica e pela elite. Segundo o cientista pol\u00edtico su\u00ed\u00e7o Rolf Rauschenbach, do Centro Latino-Americano da Universidade de St. Gallen, as chances de Temer s\u00e3o fortalecidas por esse vazio. \u201cN\u00e3o se sabe quem poder\u00e1 ser colocado no lugar e o que vai acontecer depois\u201d, afirma.<\/p>\n<p>A boa vontade do mercado<\/p>\n<p>Nenhuma grande entidade empresarial manifestou at\u00e9 agora que deseja a sa\u00edda de Michel Temer. Em 2016, diversas entidades apoiaram abertamente o impeachment, na esperan\u00e7a de que um novo governo seria capaz de entregar reformas econ\u00f4micas. Nesta semana, o presidente da Confedera\u00e7\u00e3o Nacional da Ind\u00fastria (CNI) disse ao jornal Folha de S.Paulo que \u201ctodo o empresariado prefere continuar com o presidente Michel Temer. Hoje a posi\u00e7\u00e3o \u00e9 essa: \u00e9 melhor seguir e fazer a transi\u00e7\u00e3o no pa\u00eds.\u201d<\/p>\n<p>Mas as reformas est\u00e3o sob risco. A estrat\u00e9gia da PGR de fatiar as den\u00fancias arrisca monopolizar as aten\u00e7\u00f5es do Congresso at\u00e9 possivelmente o fim do ano, se Temer permanecer. Alguns economistas avaliam que seria melhor que Temer deixasse o cargo. \u201cUma sa\u00edda r\u00e1pida de Temer seria substancialmente melhor do que uma luta pol\u00edtica prolongada para permanecer no poder\u201d, disse Alex Wolf, economista da Standard Life Investments, ao Financial Times.<\/p>\n<p>J\u00e1 a consultoria Eurasia Group concluiu que Temer \u201cperdeu as condi\u00e7\u00f5es de continuar a negocia\u00e7\u00e3o pela reforma da Previd\u00eancia\u201d e que \u201cqualquer presidente eleito pelo Congresso ter\u00e1 fortes incentivos para colocar a reforma da Previd\u00eancia de volta aos trilhos\u201d.<\/p>\n","protected":false},"excerpt":{"rendered":"<p>No DCM, publicado na DW. Vai come\u00e7ar tudo de novo. Alvo de uma den\u00fancia criminal, o presidente Michel Temer vai enfrentar uma vota\u00e7\u00e3o crucial na C\u00e2mara sobre o futuro de seu governo. Tal como ocorreu no processo de impeachment de Dilma Rousseff, em 2016, ele precisa reunir pelo menos 172 votos (ou aus\u00eancias) para impedir&#8230;<a class=\"more-link\" href=\"http:\/\/blogdalucianaoliveira.com.br\/blog\/2017\/06\/29\/onde-temer-se-escora-para-nao-cair\/\">Continue a leitura <span class=\"meta-nav\">&raquo;<\/span><\/a><\/p>\n","protected":false},"author":1,"featured_media":11856,"comment_status":"closed","ping_status":"open","sticky":false,"template":"","format":"standard","meta":{"_exactmetrics_skip_tracking":false,"_exactmetrics_sitenote_active":false,"_exactmetrics_sitenote_note":"","_exactmetrics_sitenote_category":0,"jetpack_post_was_ever_published":false,"_jetpack_newsletter_access":"","_jetpack_dont_email_post_to_subs":false,"_jetpack_newsletter_tier_id":0,"_jetpack_memberships_contains_paywalled_content":false,"_jetpack_memberships_contains_paid_content":false,"footnotes":"","jetpack_publicize_message":"","jetpack_publicize_feature_enabled":true,"jetpack_social_post_already_shared":true,"jetpack_social_options":{"image_generator_settings":{"template":"highway","enabled":false},"version":2}},"categories":[1],"tags":[],"class_list":["post-11855","post","type-post","status-publish","format-standard","has-post-thumbnail","hentry","category-notas"],"jetpack_publicize_connections":[],"jetpack_sharing_enabled":true,"jetpack_featured_media_url":"https:\/\/i0.wp.com\/blogdalucianaoliveira.com.br\/blog\/wp-content\/uploads\/2017\/06\/temer.jpg?fit=600%2C400","jetpack_shortlink":"https:\/\/wp.me\/p7wKYW-35d","jetpack-related-posts":[],"_links":{"self":[{"href":"http:\/\/blogdalucianaoliveira.com.br\/blog\/wp-json\/wp\/v2\/posts\/11855","targetHints":{"allow":["GET"]}}],"collection":[{"href":"http:\/\/blogdalucianaoliveira.com.br\/blog\/wp-json\/wp\/v2\/posts"}],"about":[{"href":"http:\/\/blogdalucianaoliveira.com.br\/blog\/wp-json\/wp\/v2\/types\/post"}],"author":[{"embeddable":true,"href":"http:\/\/blogdalucianaoliveira.com.br\/blog\/wp-json\/wp\/v2\/users\/1"}],"replies":[{"embeddable":true,"href":"http:\/\/blogdalucianaoliveira.com.br\/blog\/wp-json\/wp\/v2\/comments?post=11855"}],"version-history":[{"count":1,"href":"http:\/\/blogdalucianaoliveira.com.br\/blog\/wp-json\/wp\/v2\/posts\/11855\/revisions"}],"predecessor-version":[{"id":11857,"href":"http:\/\/blogdalucianaoliveira.com.br\/blog\/wp-json\/wp\/v2\/posts\/11855\/revisions\/11857"}],"wp:featuredmedia":[{"embeddable":true,"href":"http:\/\/blogdalucianaoliveira.com.br\/blog\/wp-json\/wp\/v2\/media\/11856"}],"wp:attachment":[{"href":"http:\/\/blogdalucianaoliveira.com.br\/blog\/wp-json\/wp\/v2\/media?parent=11855"}],"wp:term":[{"taxonomy":"category","embeddable":true,"href":"http:\/\/blogdalucianaoliveira.com.br\/blog\/wp-json\/wp\/v2\/categories?post=11855"},{"taxonomy":"post_tag","embeddable":true,"href":"http:\/\/blogdalucianaoliveira.com.br\/blog\/wp-json\/wp\/v2\/tags?post=11855"}],"curies":[{"name":"wp","href":"https:\/\/api.w.org\/{rel}","templated":true}]}}