{"id":11858,"date":"2017-06-29T12:11:52","date_gmt":"2017-06-29T16:11:52","guid":{"rendered":"http:\/\/blogdalucianaoliveira.com.br\/blog\/?p=11858"},"modified":"2017-06-29T12:11:52","modified_gmt":"2017-06-29T16:11:52","slug":"capitais-na-regiao-norte-se-mobilizam-para-o-dia-30-de-junho-confira-a-agenda","status":"publish","type":"post","link":"http:\/\/blogdalucianaoliveira.com.br\/blog\/2017\/06\/29\/capitais-na-regiao-norte-se-mobilizam-para-o-dia-30-de-junho-confira-a-agenda\/","title":{"rendered":"Capitais na regi\u00e3o Norte se mobilizam para o dia 30 de junho; confira a agenda"},"content":{"rendered":"<p><img data-recalc-dims=\"1\" loading=\"lazy\" decoding=\"async\" data-attachment-id=\"11859\" data-permalink=\"http:\/\/blogdalucianaoliveira.com.br\/blog\/2017\/06\/29\/capitais-na-regiao-norte-se-mobilizam-para-o-dia-30-de-junho-confira-a-agenda\/gre-2\/\" data-orig-file=\"https:\/\/i0.wp.com\/blogdalucianaoliveira.com.br\/blog\/wp-content\/uploads\/2017\/06\/gre-1.jpg?fit=640%2C427\" data-orig-size=\"640,427\" data-comments-opened=\"0\" data-image-meta=\"{&quot;aperture&quot;:&quot;0&quot;,&quot;credit&quot;:&quot;&quot;,&quot;camera&quot;:&quot;&quot;,&quot;caption&quot;:&quot;&quot;,&quot;created_timestamp&quot;:&quot;0&quot;,&quot;copyright&quot;:&quot;&quot;,&quot;focal_length&quot;:&quot;0&quot;,&quot;iso&quot;:&quot;0&quot;,&quot;shutter_speed&quot;:&quot;0&quot;,&quot;title&quot;:&quot;&quot;,&quot;orientation&quot;:&quot;0&quot;}\" data-image-title=\"gre\" data-image-description=\"\" data-image-caption=\"\" data-medium-file=\"https:\/\/i0.wp.com\/blogdalucianaoliveira.com.br\/blog\/wp-content\/uploads\/2017\/06\/gre-1.jpg?fit=300%2C200\" data-large-file=\"https:\/\/i0.wp.com\/blogdalucianaoliveira.com.br\/blog\/wp-content\/uploads\/2017\/06\/gre-1.jpg?fit=600%2C400\" src=\"https:\/\/i0.wp.com\/blogdalucianaoliveira.com.br\/blog\/wp-content\/uploads\/2017\/06\/gre-1.jpg?resize=600%2C400\" alt=\"gre\" width=\"600\" height=\"400\" class=\"alignnone size-full wp-image-11859\" srcset=\"https:\/\/i0.wp.com\/blogdalucianaoliveira.com.br\/blog\/wp-content\/uploads\/2017\/06\/gre-1.jpg?w=640 640w, https:\/\/i0.wp.com\/blogdalucianaoliveira.com.br\/blog\/wp-content\/uploads\/2017\/06\/gre-1.jpg?resize=300%2C200 300w, https:\/\/i0.wp.com\/blogdalucianaoliveira.com.br\/blog\/wp-content\/uploads\/2017\/06\/gre-1.jpg?resize=450%2C300 450w\" sizes=\"auto, (max-width: 600px) 100vw, 600px\" \/><\/p>\n<p>Em todas as capitais da regi\u00e3o Norte, centrais sindicais e movimentos populares que comp\u00f5em as frentes Brasil Popular e Povo Sem Medo, al\u00e9m de outras frentes, prometem tomar as ruas nesta sexta-feira (30) em mais uma paralisa\u00e7\u00e3o contra o governo golpista de Michel Temer (PMDB).<!--more--><\/p>\n<p>Lilian Campelo<br \/>\nBrasil de Fato <\/p>\n<p>Confira a agenda completa:<\/p>\n<p>Acre<br \/>\nEm Rio Branco (AC), a concentra\u00e7\u00e3o come\u00e7ar\u00e1 \u00e0s 8h em frente \u00e0 escadaria do Pal\u00e1cio do Governo do Estado, no centro da cidade, segundo o presidente do sindicato dos banc\u00e1rios, Edmar Tonelly. A previs\u00e3o \u00e9 que o ato percorra o centro da cidade at\u00e9 o meio-dia.<\/p>\n<p>Roraima<br \/>\nJ\u00e1 em Boa Vista (RR), a previs\u00e3o \u00e9 que haja bloqueio da Avenida Brigadeiro Eduardo Gomes a partir das 6h, no trecho em frente ao Instituto Brasileiro do Meio Ambiente e dos Recursos Naturais Renov\u00e1veis (Ibama).<\/p>\n<p>Segundo Ant\u00f4nia Matias, secret\u00e1ria de administra\u00e7\u00e3o e finan\u00e7as da Central \u00danica dos Trabalhadores (CUT), os manifestantes dever\u00e3o seguir de l\u00e1 at\u00e9 a Pra\u00e7a do Centro C\u00edvico, onde est\u00e3o a Assembleia Legislativa, o Tribunal de Justi\u00e7a e o Pal\u00e1cio do Governo do Estado. A mobiliza\u00e7\u00e3o na capital conta tamb\u00e9m com o apoio da Frente Sindical, Popular e de Lutas.<\/p>\n<p>Rond\u00f4nia<br \/>\nEm Porto Velho (RO), os atos devem come\u00e7ar a partir das 8h na Pra\u00e7a das Tr\u00eas Caixas D\u2019\u00c1gua, que fica na Avenida Carlos Gomes.<\/p>\n<p>Ramon Cujui, integrante da coordena\u00e7\u00e3o da Frente Brasil Popular, informa que tamb\u00e9m haver\u00e1 ato contra as reformas do governo Temer em Ji-Paran\u00e1, segundo maior munic\u00edpio do estado. Sindicatos e entidades que integram o F\u00f3rum dos Trabalhadores de Ji-Paran\u00e1 far\u00e3o uma passeata a partir das 15h.<\/p>\n<p>A concentra\u00e7\u00e3o ser\u00e1 no Sindicado dos Servidores P\u00fablicos Federais do Estado de Rond\u00f4nia (Sindsef), que fica na rua Idelfonso da Silva, de onde o ato seguir\u00e1 at\u00e9 a Pra\u00e7a do Trevo.<\/p>\n<p>Tocantins<br \/>\nEm Palmas (TO), a concentra\u00e7\u00e3o pelas Diretas J\u00e1! e Fora Temer! come\u00e7a \u00e0s 7h30 na Avenida Juscelino Kubitschek, pr\u00f3ximo ao col\u00e9gio S\u00e3o Francisco, e seguir\u00e1 at\u00e9 a rotat\u00f3ria do Pal\u00e1cio Araguaia, sede do governo do estado.<\/p>\n<p>Par\u00e1<br \/>\nNo estado, est\u00e3o marcadas mobiliza\u00e7\u00f5es nas cidades de Bel\u00e9m, Santar\u00e9m, Altamira, Marab\u00e1 e Marituba.<\/p>\n<p>Na capital paraense, movimentos populares se concentrar\u00e3o a partir das 11h na Pra\u00e7a da Rep\u00fablica e seguir\u00e3o em passeata pelas ruas do centro at\u00e9 o Mercado de S\u00e3o Braz. Na pauta, as centrais tamb\u00e9m inclu\u00edram a luta contra a viol\u00eancia no estado, tanto no campo quanto na cidade.<\/p>\n<p>Em Altamira, a concentra\u00e7\u00e3o est\u00e1 marcada \u00e0s 8h no mercado municipal. Em Santar\u00e9m, a paralisa\u00e7\u00e3o ser\u00e1 puxada pelo F\u00f3rum Sindical e Popular, que congrega 27 entidades. Segundo Gracivane Moura, secretaria de pol\u00edticas sociais no Sindicato dos Trabalhadores e Trabalhadoras Rurais (STTR), a concentra\u00e7\u00e3o do ato ser\u00e1 em frente \u00e0 Pra\u00e7a S\u00e3o Sebasti\u00e3o. De l\u00e1, os manifestantes devem seguir at\u00e9 a C\u00e2mara Municipal.<\/p>\n<p>A manifesta\u00e7\u00e3o acompanha a pauta nacional, mas tamb\u00e9m \u00e9 um ato contra um projeto de lei, proposto pelo prefeito N\u00e9lio Aguiar (DEM), para terceirizar os servi\u00e7os nos hospitais municipal e da Unidade de Pronto Atendimento (UPA).<\/p>\n<p>No sudeste do estado, em Marab\u00e1, a concentra\u00e7\u00e3o est\u00e1 marcada para as 7h30 em frente ao est\u00e1dio Zinho Oliveira, de onde partir\u00e3o em caminhada at\u00e9 o bairro Cidade Nova. Segundo Heidiany Moreno, diretora no sindicato dos banc\u00e1rios, a mobiliza\u00e7\u00e3o est\u00e1 sendo puxada pelo F\u00f3rum em Defesa dos Direitos Trabalhistas e da Previd\u00eancia Social.<\/p>\n<p>Em Marituba, que faz parte da regi\u00e3o metropolitana de Bel\u00e9m, os manifestantes se concentrar\u00e3o \u00e0s 7h na entrada da Al\u00e7a Vi\u00e1ria. \u00c0s 18h, haver\u00e1 uma vig\u00edlia contra a Revita Engenharia Ltda, que administra o dep\u00f3sito de lixo da cidade. Os moradores reclamam do odor que o lix\u00e3o causa e querem que ele seja retirado da \u00e1rea onde est\u00e1 atualmente.<\/p>\n<p>Amap\u00e1 e Amazonas<br \/>\nNas capitais Macap\u00e1 (AP) e Manaus (AM), os movimentos de esquerda ainda far\u00e3o assembleia para definir os detalhes do ato de sexta-feira.<\/p>\n<p>Edi\u00e7\u00e3o: Camila Rodrigues da Silva<\/p>\n","protected":false},"excerpt":{"rendered":"<p>Em todas as capitais da regi\u00e3o Norte, centrais sindicais e movimentos populares que comp\u00f5em as frentes Brasil Popular e Povo Sem Medo, al\u00e9m de outras frentes, prometem tomar as ruas nesta sexta-feira (30) em mais uma paralisa\u00e7\u00e3o contra o governo golpista de Michel Temer (PMDB).<\/p>\n","protected":false},"author":1,"featured_media":0,"comment_status":"closed","ping_status":"open","sticky":false,"template":"","format":"standard","meta":{"_exactmetrics_skip_tracking":false,"_exactmetrics_sitenote_active":false,"_exactmetrics_sitenote_note":"","_exactmetrics_sitenote_category":0,"jetpack_post_was_ever_published":false,"_jetpack_newsletter_access":"","_jetpack_dont_email_post_to_subs":false,"_jetpack_newsletter_tier_id":0,"_jetpack_memberships_contains_paywalled_content":false,"_jetpack_memberships_contains_paid_content":false,"footnotes":"","jetpack_publicize_message":"","jetpack_publicize_feature_enabled":true,"jetpack_social_post_already_shared":true,"jetpack_social_options":{"image_generator_settings":{"template":"highway","enabled":false},"version":2}},"categories":[1],"tags":[],"class_list":["post-11858","post","type-post","status-publish","format-standard","hentry","category-notas"],"jetpack_publicize_connections":[],"jetpack_sharing_enabled":true,"jetpack_featured_media_url":"","jetpack_shortlink":"https:\/\/wp.me\/p7wKYW-35g","jetpack-related-posts":[],"_links":{"self":[{"href":"http:\/\/blogdalucianaoliveira.com.br\/blog\/wp-json\/wp\/v2\/posts\/11858","targetHints":{"allow":["GET"]}}],"collection":[{"href":"http:\/\/blogdalucianaoliveira.com.br\/blog\/wp-json\/wp\/v2\/posts"}],"about":[{"href":"http:\/\/blogdalucianaoliveira.com.br\/blog\/wp-json\/wp\/v2\/types\/post"}],"author":[{"embeddable":true,"href":"http:\/\/blogdalucianaoliveira.com.br\/blog\/wp-json\/wp\/v2\/users\/1"}],"replies":[{"embeddable":true,"href":"http:\/\/blogdalucianaoliveira.com.br\/blog\/wp-json\/wp\/v2\/comments?post=11858"}],"version-history":[{"count":1,"href":"http:\/\/blogdalucianaoliveira.com.br\/blog\/wp-json\/wp\/v2\/posts\/11858\/revisions"}],"predecessor-version":[{"id":11860,"href":"http:\/\/blogdalucianaoliveira.com.br\/blog\/wp-json\/wp\/v2\/posts\/11858\/revisions\/11860"}],"wp:attachment":[{"href":"http:\/\/blogdalucianaoliveira.com.br\/blog\/wp-json\/wp\/v2\/media?parent=11858"}],"wp:term":[{"taxonomy":"category","embeddable":true,"href":"http:\/\/blogdalucianaoliveira.com.br\/blog\/wp-json\/wp\/v2\/categories?post=11858"},{"taxonomy":"post_tag","embeddable":true,"href":"http:\/\/blogdalucianaoliveira.com.br\/blog\/wp-json\/wp\/v2\/tags?post=11858"}],"curies":[{"name":"wp","href":"https:\/\/api.w.org\/{rel}","templated":true}]}}