{"id":1186,"date":"2016-05-24T09:31:01","date_gmt":"2016-05-24T13:31:01","guid":{"rendered":"http:\/\/blogdalucianaoliveira.com.br\/blog\/?p=1186"},"modified":"2016-05-24T09:31:01","modified_gmt":"2016-05-24T13:31:01","slug":"revoltados-com-a-corrupcao-nao-se-revoltam-com-os-audios-mais-escandalosos-dos-bastidores-da-lava-jato-e-do-impeachment","status":"publish","type":"post","link":"http:\/\/blogdalucianaoliveira.com.br\/blog\/2016\/05\/24\/revoltados-com-a-corrupcao-nao-se-revoltam-com-os-audios-mais-escandalosos-dos-bastidores-da-lava-jato-e-do-impeachment\/","title":{"rendered":"Revoltados com a corrup\u00e7\u00e3o n\u00e3o se revoltam com os \u00e1udios mais escandalosos dos bastidores da Lava Jato e do impeachment"},"content":{"rendered":"<p><img data-recalc-dims=\"1\" loading=\"lazy\" decoding=\"async\" data-attachment-id=\"1187\" data-permalink=\"http:\/\/blogdalucianaoliveira.com.br\/blog\/2016\/05\/24\/revoltados-com-a-corrupcao-nao-se-revoltam-com-os-audios-mais-escandalosos-dos-bastidores-da-lava-jato-e-do-impeachment\/image-265\/\" data-orig-file=\"https:\/\/i0.wp.com\/blogdalucianaoliveira.com.br\/blog\/wp-content\/uploads\/2016\/05\/image-231.jpeg?fit=488%2C390\" data-orig-size=\"488,390\" data-comments-opened=\"0\" data-image-meta=\"{&quot;aperture&quot;:&quot;0&quot;,&quot;credit&quot;:&quot;&quot;,&quot;camera&quot;:&quot;&quot;,&quot;caption&quot;:&quot;&quot;,&quot;created_timestamp&quot;:&quot;1449388739&quot;,&quot;copyright&quot;:&quot;&quot;,&quot;focal_length&quot;:&quot;0&quot;,&quot;iso&quot;:&quot;0&quot;,&quot;shutter_speed&quot;:&quot;0&quot;,&quot;title&quot;:&quot;&quot;,&quot;orientation&quot;:&quot;1&quot;}\" data-image-title=\"image\" data-image-description=\"\" data-image-caption=\"\" data-medium-file=\"https:\/\/i0.wp.com\/blogdalucianaoliveira.com.br\/blog\/wp-content\/uploads\/2016\/05\/image-231.jpeg?fit=300%2C240\" data-large-file=\"https:\/\/i0.wp.com\/blogdalucianaoliveira.com.br\/blog\/wp-content\/uploads\/2016\/05\/image-231.jpeg?fit=488%2C390\" src=\"https:\/\/i0.wp.com\/blogdalucianaoliveira.com.br\/blog\/wp-content\/uploads\/2016\/05\/image-231.jpeg?resize=488%2C390\" alt=\"image\" width=\"488\" height=\"390\" class=\"alignnone size-full wp-image-1187\" srcset=\"https:\/\/i0.wp.com\/blogdalucianaoliveira.com.br\/blog\/wp-content\/uploads\/2016\/05\/image-231.jpeg?w=488 488w, https:\/\/i0.wp.com\/blogdalucianaoliveira.com.br\/blog\/wp-content\/uploads\/2016\/05\/image-231.jpeg?resize=375%2C300 375w\" sizes=\"auto, (max-width: 488px) 100vw, 488px\" \/><\/p>\n<p>O vazamento do di\u00e1logo entre o senador Romero Juc\u00e1 e o ex-presidente da Petrobras Transporte S.A. (Transpetro) S\u00e9rgio Machado, ambos investigados na Opera\u00e7\u00e3o Lava Jato, \u00e9 potencialmente mais grave que o que levou Delc\u00eddio do Amaral \u00e0 pris\u00e3o. <!--more--><\/p>\n<p>Mas, ao contr\u00e1rio do que ocorreu com Delc\u00eddio, n\u00e3o h\u00e1 press\u00e3o nas redes sociais pra que aceite a dela\u00e7\u00e3o premiada e revele detalhes do plano que evidencia um conluio parlamentar-midiativo-judicial para tirar a presidente eleita do cargo. <\/p>\n<p>Segue a &#8216;l\u00f3gica&#8217; da omiss\u00e3o com sua nomea\u00e7\u00e3o ao cargo de Ministro do Planejamento, apesar de flagrante amea\u00e7a \u00e0 obstru\u00e7\u00e3o das investiga\u00e7\u00f5es. <\/p>\n<p>A esquerda se movimenta, mas a direita segue silente nas redes sociais diante da melhor oportunidade que tivemos at\u00e9 agora de conhecer os bastidores do esc\u00e2ndalo da Petrobras e do processo de impeachment da presidente. <\/p>\n<p>O di\u00e1logo imp\u00f5e ind\u00edcios mais contundentes da participa\u00e7\u00e3o de ministros do Supremo Tribunal Federal no que seria um plano maquiav\u00e9lico, que al\u00e9m de afastar a presidente, previa a obstru\u00e7\u00e3o das investiga\u00e7\u00f5es da Lava Jato.<\/p>\n<p>Delc\u00eddio disse que iria falar com ministros. Romero Juc\u00e1 disse que falou. <\/p>\n<p>Segundo Juc\u00e1, s\u00f3 o ministro Teori Zavascki poderia oferecer resist\u00eancia em apoiar o golpe parlamentar. <\/p>\n<p>H\u00e1 informa\u00e7\u00f5es de \u00e1udios em que o ex-presidente Jos\u00e9 Sarney \u00e9 citado.<br \/>\nSe confirmados e revelados os \u00e1udios, o chorume vai empestar tudo e A\u00e9cio talvez escape de ser o primeiro a ser comido. <\/p>\n<p>Quando Delc\u00eddio foi preso, houve manifesta\u00e7\u00f5es constantes para for\u00e7\u00e1-lo \u00e0 dela\u00e7\u00e3o. Na porta da casa dele, num condom\u00ednio de luxo em Mato Grosso do Sul, grupos se revezavam em performances teatrais para encoraj\u00e1-lo a entregar o esquema do PT. <\/p>\n<p>Agora, parece que os patinhos foram passear al\u00e9m da montanha e n\u00e3o voltaram. <\/p>\n<p>Uma dela\u00e7\u00e3o de Romero Juc\u00e1, depois de expor o que pensa sobre Renan Calheiros e a c\u00fapula do PSDB faria dele o &#8216;Boi de piranha&#8217;, como sugeriu, &#8220;pra passar e chegar do outro lado da margem&#8221;. <\/p>\n<p>S\u00f3 resta aguardar pra ver at\u00e9 onde vai a fidelidade criminosa da vasta casta de pol\u00edticos comprometida na Lava Jato. <\/p>\n","protected":false},"excerpt":{"rendered":"<p>O vazamento do di\u00e1logo entre o senador Romero Juc\u00e1 e o ex-presidente da Petrobras Transporte S.A. (Transpetro) S\u00e9rgio Machado, ambos investigados na Opera\u00e7\u00e3o Lava Jato, \u00e9 potencialmente mais grave que o que levou Delc\u00eddio do Amaral \u00e0 pris\u00e3o.<\/p>\n","protected":false},"author":1,"featured_media":0,"comment_status":"closed","ping_status":"open","sticky":false,"template":"","format":"standard","meta":{"_exactmetrics_skip_tracking":false,"_exactmetrics_sitenote_active":false,"_exactmetrics_sitenote_note":"","_exactmetrics_sitenote_category":0,"jetpack_post_was_ever_published":false,"_jetpack_newsletter_access":"","_jetpack_dont_email_post_to_subs":false,"_jetpack_newsletter_tier_id":0,"_jetpack_memberships_contains_paywalled_content":false,"_jetpack_memberships_contains_paid_content":false,"footnotes":"","jetpack_publicize_message":"","jetpack_publicize_feature_enabled":true,"jetpack_social_post_already_shared":true,"jetpack_social_options":{"image_generator_settings":{"template":"highway","enabled":false},"version":2}},"categories":[1],"tags":[],"class_list":["post-1186","post","type-post","status-publish","format-standard","hentry","category-notas"],"jetpack_publicize_connections":[],"jetpack_sharing_enabled":true,"jetpack_featured_media_url":"","jetpack_shortlink":"https:\/\/wp.me\/p7wKYW-j8","jetpack-related-posts":[],"_links":{"self":[{"href":"http:\/\/blogdalucianaoliveira.com.br\/blog\/wp-json\/wp\/v2\/posts\/1186","targetHints":{"allow":["GET"]}}],"collection":[{"href":"http:\/\/blogdalucianaoliveira.com.br\/blog\/wp-json\/wp\/v2\/posts"}],"about":[{"href":"http:\/\/blogdalucianaoliveira.com.br\/blog\/wp-json\/wp\/v2\/types\/post"}],"author":[{"embeddable":true,"href":"http:\/\/blogdalucianaoliveira.com.br\/blog\/wp-json\/wp\/v2\/users\/1"}],"replies":[{"embeddable":true,"href":"http:\/\/blogdalucianaoliveira.com.br\/blog\/wp-json\/wp\/v2\/comments?post=1186"}],"version-history":[{"count":3,"href":"http:\/\/blogdalucianaoliveira.com.br\/blog\/wp-json\/wp\/v2\/posts\/1186\/revisions"}],"predecessor-version":[{"id":1190,"href":"http:\/\/blogdalucianaoliveira.com.br\/blog\/wp-json\/wp\/v2\/posts\/1186\/revisions\/1190"}],"wp:attachment":[{"href":"http:\/\/blogdalucianaoliveira.com.br\/blog\/wp-json\/wp\/v2\/media?parent=1186"}],"wp:term":[{"taxonomy":"category","embeddable":true,"href":"http:\/\/blogdalucianaoliveira.com.br\/blog\/wp-json\/wp\/v2\/categories?post=1186"},{"taxonomy":"post_tag","embeddable":true,"href":"http:\/\/blogdalucianaoliveira.com.br\/blog\/wp-json\/wp\/v2\/tags?post=1186"}],"curies":[{"name":"wp","href":"https:\/\/api.w.org\/{rel}","templated":true}]}}