{"id":11861,"date":"2017-06-29T12:27:05","date_gmt":"2017-06-29T16:27:05","guid":{"rendered":"http:\/\/blogdalucianaoliveira.com.br\/blog\/?p=11861"},"modified":"2017-06-29T12:27:48","modified_gmt":"2017-06-29T16:27:48","slug":"centenario-do-samba-tem-selo-comemorativo-da-ect","status":"publish","type":"post","link":"http:\/\/blogdalucianaoliveira.com.br\/blog\/2017\/06\/29\/centenario-do-samba-tem-selo-comemorativo-da-ect\/","title":{"rendered":"Centen\u00e1rio do samba tem selo comemorativo da ECT"},"content":{"rendered":"<p><img data-recalc-dims=\"1\" loading=\"lazy\" decoding=\"async\" data-attachment-id=\"11862\" data-permalink=\"http:\/\/blogdalucianaoliveira.com.br\/blog\/2017\/06\/29\/centenario-do-samba-tem-selo-comemorativo-da-ect\/selo\/\" data-orig-file=\"https:\/\/i0.wp.com\/blogdalucianaoliveira.com.br\/blog\/wp-content\/uploads\/2017\/06\/selo.jpg?fit=580%2C388\" data-orig-size=\"580,388\" data-comments-opened=\"0\" data-image-meta=\"{&quot;aperture&quot;:&quot;0&quot;,&quot;credit&quot;:&quot;&quot;,&quot;camera&quot;:&quot;&quot;,&quot;caption&quot;:&quot;&quot;,&quot;created_timestamp&quot;:&quot;0&quot;,&quot;copyright&quot;:&quot;&quot;,&quot;focal_length&quot;:&quot;0&quot;,&quot;iso&quot;:&quot;0&quot;,&quot;shutter_speed&quot;:&quot;0&quot;,&quot;title&quot;:&quot;&quot;,&quot;orientation&quot;:&quot;0&quot;}\" data-image-title=\"selo\" data-image-description=\"\" data-image-caption=\"\" data-medium-file=\"https:\/\/i0.wp.com\/blogdalucianaoliveira.com.br\/blog\/wp-content\/uploads\/2017\/06\/selo.jpg?fit=300%2C201\" data-large-file=\"https:\/\/i0.wp.com\/blogdalucianaoliveira.com.br\/blog\/wp-content\/uploads\/2017\/06\/selo.jpg?fit=580%2C388\" src=\"https:\/\/i0.wp.com\/blogdalucianaoliveira.com.br\/blog\/wp-content\/uploads\/2017\/06\/selo.jpg?resize=580%2C388\" alt=\"selo\" width=\"580\" height=\"388\" class=\"alignnone size-full wp-image-11862\" srcset=\"https:\/\/i0.wp.com\/blogdalucianaoliveira.com.br\/blog\/wp-content\/uploads\/2017\/06\/selo.jpg?w=580 580w, https:\/\/i0.wp.com\/blogdalucianaoliveira.com.br\/blog\/wp-content\/uploads\/2017\/06\/selo.jpg?resize=300%2C201 300w, https:\/\/i0.wp.com\/blogdalucianaoliveira.com.br\/blog\/wp-content\/uploads\/2017\/06\/selo.jpg?resize=448%2C300 448w\" sizes=\"auto, (max-width: 580px) 100vw, 580px\" \/><\/p>\n<p>A solenidade de lan\u00e7amento vai acontecer no Cal\u00e7ad\u00e3o Manel\u00e3o em frente ao Mercado Cultural em Porto Velho.<\/p>\n<p>Por S\u00edlvio Santos<br \/>\nDI\u00c1RIO DA AMAZ\u00d4NIA<\/p>\n<p>A Empresa Brasileira de Correios e Tel\u00e9grafos \u2013 EBC em parceria com a Funcultural de Porto Velho, Federa\u00e7\u00e3o das Escolas de Samba \u2013 Fesec e Projeto Samba Autoral, promover\u00e3o no dia 1\u00ba de julho, o lan\u00e7amento do Selo Comemorativo, alusivo ao Centen\u00e1rio do Samba.<\/p>\n<p>A solenidade de lan\u00e7amento vai acontecer no Cal\u00e7ad\u00e3o Manel\u00e3o em frente ao Mercado Cultural em Porto Velho. Este evento vai acontecer apenas em tr\u00eas capitais brasileiras, Rio de Janeiro, Cuiab\u00e1 e Porto Velho e na cidade Ub\u00e1 em Minas Gerais. \u201c\u00c9 uma honra saber que nossa capital Porto Velho foi selecionada para realizar o lan\u00e7amento do Selo do Centen\u00e1rio do Samba. \u201cIsto quer dizer, que somos uma cidade considerada sambista pelos pesquisadores do Brasil\u201d, disse o compositor Oscar Knightz.<\/p>\n<p>Em reuni\u00e3o realizada com representantes das entidades que trabalham a quest\u00e3o do samba em Porto Velho, foi aprovada a programa\u00e7\u00e3o que dever\u00e1 come\u00e7ar \u00e0s 16h30 do dia 1\u00ba de julho com a presen\u00e7a de personalidades do mundo do samba em nossa capital. No Cal\u00e7ad\u00e3o Manel\u00e3o ser\u00e1 montada toda a infraestrutura de palco, sonoriza\u00e7\u00e3o e ilumina\u00e7\u00e3o. <\/p>\n<p>A programa\u00e7\u00e3o oficial ficou assim: 16h30 \u2013 Lan\u00e7amento do Selo; 17h 26\u00aa edi\u00e7\u00e3o do Projeto Samba autoral e \u00e0s 18h30 apresenta\u00e7\u00e3o das escolas de samba filiadas \u00e0 Fesec. Cada escola de samba dever\u00e1 apresentar o casal de Mestre-Sala e Porta-Bandeira.<\/p>\n<p>Edital<\/p>\n<p>Cem Anos do Samba Patrim\u00f4nio Cultural Imaterial do Brasil S\u00edmbolo da nossa nacionalidade, reconhecido internacionalmente, express\u00e3o cultural e social origin\u00e1ria das popula\u00e7\u00f5es afrodescendentes, incorporada ao cotidiano de todos os brasileiros, de Norte a Sul do Pa\u00eds, o Samba recebe nessa emiss\u00e3o dos Correios o reconhecimento do seu poder integrador, ressaltando os valores e tradi\u00e7\u00f5es das comunidades de sambistas que constru\u00edram o seu legado e movem a sua hist\u00f3ria rumo ao futuro. A grava\u00e7\u00e3o do samba \u201cPelo telefone\u201d, de Donga e Mauro de Almeida, em 1916, \u00e9 um marco sinalizador do que viria a acontecer com essa arte. Nascida nos terreiros, se espalhou pelas cidades.<\/p>\n<p>Quando falamos em escolas de samba, vemos as cores tradicionais, as bandeiras (os pavilh\u00f5es protegidos pelo casal de mestre-sala e porta-bandeira), os s\u00edmbolos (como a \u00e1guia da Portela e a coroa do Imp\u00e9rio Serrano), os padroeiros, os toques t\u00edpicos de cada bateria, inspirados, quando ainda preservados, nos cultos religiosos de matriz africana, toda uma tradi\u00e7\u00e3o que se revivifica a cada nova reuni\u00e3o dos sambistas, a cada nova cria\u00e7\u00e3o de um samba de terreiro, a cada novo desfile no carnaval. Mas o samba \u00e9 muito mais. N\u00e3o \u00e9 s\u00f3 carnaval, com alguns pensam. Ele \u00e9 uma express\u00e3o vivida no cotidiano, se d\u00e1 o ano todo, no dia a dia dos brasileiros.<\/p>\n","protected":false},"excerpt":{"rendered":"<p>A solenidade de lan\u00e7amento vai acontecer no Cal\u00e7ad\u00e3o Manel\u00e3o em frente ao Mercado Cultural em Porto Velho. Por S\u00edlvio Santos DI\u00c1RIO DA AMAZ\u00d4NIA A Empresa Brasileira de Correios e Tel\u00e9grafos \u2013 EBC em parceria com a Funcultural de Porto Velho, Federa\u00e7\u00e3o das Escolas de Samba \u2013 Fesec e Projeto Samba Autoral, promover\u00e3o no dia 1\u00ba&#8230;<a class=\"more-link\" href=\"http:\/\/blogdalucianaoliveira.com.br\/blog\/2017\/06\/29\/centenario-do-samba-tem-selo-comemorativo-da-ect\/\">Continue a leitura <span class=\"meta-nav\">&raquo;<\/span><\/a><\/p>\n","protected":false},"author":1,"featured_media":11862,"comment_status":"closed","ping_status":"open","sticky":false,"template":"","format":"standard","meta":{"_exactmetrics_skip_tracking":false,"_exactmetrics_sitenote_active":false,"_exactmetrics_sitenote_note":"","_exactmetrics_sitenote_category":0,"jetpack_post_was_ever_published":false,"_jetpack_newsletter_access":"","_jetpack_dont_email_post_to_subs":false,"_jetpack_newsletter_tier_id":0,"_jetpack_memberships_contains_paywalled_content":false,"_jetpack_memberships_contains_paid_content":false,"footnotes":"","jetpack_publicize_message":"","jetpack_publicize_feature_enabled":true,"jetpack_social_post_already_shared":true,"jetpack_social_options":{"image_generator_settings":{"template":"highway","enabled":false},"version":2}},"categories":[1],"tags":[],"class_list":["post-11861","post","type-post","status-publish","format-standard","has-post-thumbnail","hentry","category-notas"],"jetpack_publicize_connections":[],"jetpack_sharing_enabled":true,"jetpack_featured_media_url":"https:\/\/i0.wp.com\/blogdalucianaoliveira.com.br\/blog\/wp-content\/uploads\/2017\/06\/selo.jpg?fit=580%2C388","jetpack_shortlink":"https:\/\/wp.me\/p7wKYW-35j","jetpack-related-posts":[],"_links":{"self":[{"href":"http:\/\/blogdalucianaoliveira.com.br\/blog\/wp-json\/wp\/v2\/posts\/11861","targetHints":{"allow":["GET"]}}],"collection":[{"href":"http:\/\/blogdalucianaoliveira.com.br\/blog\/wp-json\/wp\/v2\/posts"}],"about":[{"href":"http:\/\/blogdalucianaoliveira.com.br\/blog\/wp-json\/wp\/v2\/types\/post"}],"author":[{"embeddable":true,"href":"http:\/\/blogdalucianaoliveira.com.br\/blog\/wp-json\/wp\/v2\/users\/1"}],"replies":[{"embeddable":true,"href":"http:\/\/blogdalucianaoliveira.com.br\/blog\/wp-json\/wp\/v2\/comments?post=11861"}],"version-history":[{"count":2,"href":"http:\/\/blogdalucianaoliveira.com.br\/blog\/wp-json\/wp\/v2\/posts\/11861\/revisions"}],"predecessor-version":[{"id":11864,"href":"http:\/\/blogdalucianaoliveira.com.br\/blog\/wp-json\/wp\/v2\/posts\/11861\/revisions\/11864"}],"wp:featuredmedia":[{"embeddable":true,"href":"http:\/\/blogdalucianaoliveira.com.br\/blog\/wp-json\/wp\/v2\/media\/11862"}],"wp:attachment":[{"href":"http:\/\/blogdalucianaoliveira.com.br\/blog\/wp-json\/wp\/v2\/media?parent=11861"}],"wp:term":[{"taxonomy":"category","embeddable":true,"href":"http:\/\/blogdalucianaoliveira.com.br\/blog\/wp-json\/wp\/v2\/categories?post=11861"},{"taxonomy":"post_tag","embeddable":true,"href":"http:\/\/blogdalucianaoliveira.com.br\/blog\/wp-json\/wp\/v2\/tags?post=11861"}],"curies":[{"name":"wp","href":"https:\/\/api.w.org\/{rel}","templated":true}]}}