{"id":11868,"date":"2017-06-29T18:22:55","date_gmt":"2017-06-29T22:22:55","guid":{"rendered":"http:\/\/blogdalucianaoliveira.com.br\/blog\/?p=11868"},"modified":"2017-06-29T18:27:42","modified_gmt":"2017-06-29T22:27:42","slug":"denuncia-contra-temer-e-lida-com-plenario-da-camara-vazio","status":"publish","type":"post","link":"http:\/\/blogdalucianaoliveira.com.br\/blog\/2017\/06\/29\/denuncia-contra-temer-e-lida-com-plenario-da-camara-vazio\/","title":{"rendered":"Mariana Carvalho foi escolhida pra protagonizar vexame. Den\u00fancia contra Temer \u00e9 lida com plen\u00e1rio da C\u00e2mara vazio"},"content":{"rendered":"<p><img data-recalc-dims=\"1\" loading=\"lazy\" decoding=\"async\" data-attachment-id=\"11869\" data-permalink=\"http:\/\/blogdalucianaoliveira.com.br\/blog\/2017\/06\/29\/denuncia-contra-temer-e-lida-com-plenario-da-camara-vazio\/vazio\/\" data-orig-file=\"https:\/\/i0.wp.com\/blogdalucianaoliveira.com.br\/blog\/wp-content\/uploads\/2017\/06\/vazio.jpg?fit=680%2C453\" data-orig-size=\"680,453\" data-comments-opened=\"0\" data-image-meta=\"{&quot;aperture&quot;:&quot;0&quot;,&quot;credit&quot;:&quot;&quot;,&quot;camera&quot;:&quot;&quot;,&quot;caption&quot;:&quot;&quot;,&quot;created_timestamp&quot;:&quot;0&quot;,&quot;copyright&quot;:&quot;&quot;,&quot;focal_length&quot;:&quot;0&quot;,&quot;iso&quot;:&quot;0&quot;,&quot;shutter_speed&quot;:&quot;0&quot;,&quot;title&quot;:&quot;&quot;,&quot;orientation&quot;:&quot;0&quot;}\" data-image-title=\"vazio\" data-image-description=\"\" data-image-caption=\"\" data-medium-file=\"https:\/\/i0.wp.com\/blogdalucianaoliveira.com.br\/blog\/wp-content\/uploads\/2017\/06\/vazio.jpg?fit=300%2C200\" data-large-file=\"https:\/\/i0.wp.com\/blogdalucianaoliveira.com.br\/blog\/wp-content\/uploads\/2017\/06\/vazio.jpg?fit=600%2C400\" src=\"https:\/\/i0.wp.com\/blogdalucianaoliveira.com.br\/blog\/wp-content\/uploads\/2017\/06\/vazio.jpg?resize=600%2C400\" alt=\"vazio\" width=\"600\" height=\"400\" class=\"alignnone size-full wp-image-11869\" srcset=\"https:\/\/i0.wp.com\/blogdalucianaoliveira.com.br\/blog\/wp-content\/uploads\/2017\/06\/vazio.jpg?w=680 680w, https:\/\/i0.wp.com\/blogdalucianaoliveira.com.br\/blog\/wp-content\/uploads\/2017\/06\/vazio.jpg?resize=300%2C200 300w, https:\/\/i0.wp.com\/blogdalucianaoliveira.com.br\/blog\/wp-content\/uploads\/2017\/06\/vazio.jpg?resize=450%2C300 450w\" sizes=\"auto, (max-width: 600px) 100vw, 600px\" \/><\/p>\n<p>Coube \u00e0 deputada Mariana Carvalho (PSDB-RO) ler a den\u00fancia pra um plen\u00e1rio vazio. Confira na mat\u00e9ria de Helena Chagas<\/p>\n<p>A leitura da den\u00fancia do PGR Rodrigo Janot contra o presidente Michel Temer na presen\u00e7a de meia-d\u00fazia de gatos pingados no plen\u00e1rio da C\u00e2mara d\u00e1 uma medida da saia-justa da base aliada, mas sinaliza que, hoje, a tend\u00eancia seria enterrar o processo, ou seja, absolver Temer. Se fosse o contr\u00e1rio, haveria gente no plen\u00e1rio fazendo festa, xingando o presidente e tentando faturar politicamente com o momento.<!--more--><\/p>\n<p>Do lado de fora do Congresso tamb\u00e9m n\u00e3o havia vivalma. Nada, nadinha que pudesse indicar que, ali dentro, estava sendo lida, pela primeira vez na hist\u00f3ria, den\u00fancia por corrup\u00e7\u00e3o formulada contra um presidente da Rep\u00fablica no exerc\u00edcio do cargo. Vamos e convenhamos, n\u00e3o \u00e9 um dia comum. S\u00f3 que foi, porque o ingrediente ruas ainda n\u00e3o apareceu.<\/p>\n<p>Nos pr\u00f3ximos dias, na tramita\u00e7\u00e3o na CCJ, vai ser mais f\u00e1cil aferir os \u00e2nimos. Pode ser mesmo que o Planalto tenha certa dificuldade na comiss\u00e3o, onde ter\u00e1 que pagar bem caro pelos votos contr\u00e1rios \u00e0 den\u00fancia. Mas a apatia que marcou o recebimento da den\u00fancia na C\u00e2mara, incluindo a\u00ed at\u00e9 a oposi\u00e7\u00e3o e os movimentos sociais, encoraja as apostas pr\u00f3-Temer.<\/p>\n","protected":false},"excerpt":{"rendered":"<p>Coube \u00e0 deputada Mariana Carvalho (PSDB-RO) ler a den\u00fancia pra um plen\u00e1rio vazio. Confira na mat\u00e9ria de Helena Chagas A leitura da den\u00fancia do PGR Rodrigo Janot contra o presidente Michel Temer na presen\u00e7a de meia-d\u00fazia de gatos pingados no plen\u00e1rio da C\u00e2mara d\u00e1 uma medida da saia-justa da base aliada, mas sinaliza que, hoje,&#8230;<a class=\"more-link\" href=\"http:\/\/blogdalucianaoliveira.com.br\/blog\/2017\/06\/29\/denuncia-contra-temer-e-lida-com-plenario-da-camara-vazio\/\">Continue a leitura <span class=\"meta-nav\">&raquo;<\/span><\/a><\/p>\n","protected":false},"author":1,"featured_media":11869,"comment_status":"closed","ping_status":"open","sticky":false,"template":"","format":"standard","meta":{"_exactmetrics_skip_tracking":false,"_exactmetrics_sitenote_active":false,"_exactmetrics_sitenote_note":"","_exactmetrics_sitenote_category":0,"jetpack_post_was_ever_published":false,"_jetpack_newsletter_access":"","_jetpack_dont_email_post_to_subs":false,"_jetpack_newsletter_tier_id":0,"_jetpack_memberships_contains_paywalled_content":false,"_jetpack_memberships_contains_paid_content":false,"footnotes":"","jetpack_publicize_message":"","jetpack_publicize_feature_enabled":true,"jetpack_social_post_already_shared":true,"jetpack_social_options":{"image_generator_settings":{"template":"highway","enabled":false},"version":2}},"categories":[1],"tags":[],"class_list":["post-11868","post","type-post","status-publish","format-standard","has-post-thumbnail","hentry","category-notas"],"jetpack_publicize_connections":[],"jetpack_sharing_enabled":true,"jetpack_featured_media_url":"https:\/\/i0.wp.com\/blogdalucianaoliveira.com.br\/blog\/wp-content\/uploads\/2017\/06\/vazio.jpg?fit=680%2C453","jetpack_shortlink":"https:\/\/wp.me\/p7wKYW-35q","jetpack-related-posts":[],"_links":{"self":[{"href":"http:\/\/blogdalucianaoliveira.com.br\/blog\/wp-json\/wp\/v2\/posts\/11868","targetHints":{"allow":["GET"]}}],"collection":[{"href":"http:\/\/blogdalucianaoliveira.com.br\/blog\/wp-json\/wp\/v2\/posts"}],"about":[{"href":"http:\/\/blogdalucianaoliveira.com.br\/blog\/wp-json\/wp\/v2\/types\/post"}],"author":[{"embeddable":true,"href":"http:\/\/blogdalucianaoliveira.com.br\/blog\/wp-json\/wp\/v2\/users\/1"}],"replies":[{"embeddable":true,"href":"http:\/\/blogdalucianaoliveira.com.br\/blog\/wp-json\/wp\/v2\/comments?post=11868"}],"version-history":[{"count":3,"href":"http:\/\/blogdalucianaoliveira.com.br\/blog\/wp-json\/wp\/v2\/posts\/11868\/revisions"}],"predecessor-version":[{"id":11872,"href":"http:\/\/blogdalucianaoliveira.com.br\/blog\/wp-json\/wp\/v2\/posts\/11868\/revisions\/11872"}],"wp:featuredmedia":[{"embeddable":true,"href":"http:\/\/blogdalucianaoliveira.com.br\/blog\/wp-json\/wp\/v2\/media\/11869"}],"wp:attachment":[{"href":"http:\/\/blogdalucianaoliveira.com.br\/blog\/wp-json\/wp\/v2\/media?parent=11868"}],"wp:term":[{"taxonomy":"category","embeddable":true,"href":"http:\/\/blogdalucianaoliveira.com.br\/blog\/wp-json\/wp\/v2\/categories?post=11868"},{"taxonomy":"post_tag","embeddable":true,"href":"http:\/\/blogdalucianaoliveira.com.br\/blog\/wp-json\/wp\/v2\/tags?post=11868"}],"curies":[{"name":"wp","href":"https:\/\/api.w.org\/{rel}","templated":true}]}}