{"id":11877,"date":"2017-06-30T11:57:32","date_gmt":"2017-06-30T15:57:32","guid":{"rendered":"http:\/\/blogdalucianaoliveira.com.br\/blog\/?p=11877"},"modified":"2017-06-30T11:57:32","modified_gmt":"2017-06-30T15:57:32","slug":"trabalhadores-vao-as-ruas-do-pais-contra-reformas-e-por-fora-temer","status":"publish","type":"post","link":"http:\/\/blogdalucianaoliveira.com.br\/blog\/2017\/06\/30\/trabalhadores-vao-as-ruas-do-pais-contra-reformas-e-por-fora-temer\/","title":{"rendered":"TRABALHADORES V\u00c3O \u00c0S RUAS DO PA\u00cdS CONTRA REFORMAS E POR FORA TEMER"},"content":{"rendered":"<p><img data-recalc-dims=\"1\" loading=\"lazy\" decoding=\"async\" data-attachment-id=\"11878\" data-permalink=\"http:\/\/blogdalucianaoliveira.com.br\/blog\/2017\/06\/30\/trabalhadores-vao-as-ruas-do-pais-contra-reformas-e-por-fora-temer\/parar1\/\" data-orig-file=\"https:\/\/i0.wp.com\/blogdalucianaoliveira.com.br\/blog\/wp-content\/uploads\/2017\/06\/parar1.jpg?fit=1000%2C357\" data-orig-size=\"1000,357\" data-comments-opened=\"0\" data-image-meta=\"{&quot;aperture&quot;:&quot;0&quot;,&quot;credit&quot;:&quot;&quot;,&quot;camera&quot;:&quot;&quot;,&quot;caption&quot;:&quot;&quot;,&quot;created_timestamp&quot;:&quot;0&quot;,&quot;copyright&quot;:&quot;&quot;,&quot;focal_length&quot;:&quot;0&quot;,&quot;iso&quot;:&quot;0&quot;,&quot;shutter_speed&quot;:&quot;0&quot;,&quot;title&quot;:&quot;&quot;,&quot;orientation&quot;:&quot;0&quot;}\" data-image-title=\"parar1\" data-image-description=\"\" data-image-caption=\"\" data-medium-file=\"https:\/\/i0.wp.com\/blogdalucianaoliveira.com.br\/blog\/wp-content\/uploads\/2017\/06\/parar1.jpg?fit=300%2C107\" data-large-file=\"https:\/\/i0.wp.com\/blogdalucianaoliveira.com.br\/blog\/wp-content\/uploads\/2017\/06\/parar1.jpg?fit=600%2C214\" src=\"https:\/\/i0.wp.com\/blogdalucianaoliveira.com.br\/blog\/wp-content\/uploads\/2017\/06\/parar1.jpg?resize=600%2C214\" alt=\"parar1\" width=\"600\" height=\"214\" class=\"alignnone size-full wp-image-11878\" srcset=\"https:\/\/i0.wp.com\/blogdalucianaoliveira.com.br\/blog\/wp-content\/uploads\/2017\/06\/parar1.jpg?w=1000 1000w, https:\/\/i0.wp.com\/blogdalucianaoliveira.com.br\/blog\/wp-content\/uploads\/2017\/06\/parar1.jpg?resize=300%2C107 300w, https:\/\/i0.wp.com\/blogdalucianaoliveira.com.br\/blog\/wp-content\/uploads\/2017\/06\/parar1.jpg?resize=768%2C274 768w, https:\/\/i0.wp.com\/blogdalucianaoliveira.com.br\/blog\/wp-content\/uploads\/2017\/06\/parar1.jpg?resize=800%2C286 800w\" sizes=\"auto, (max-width: 600px) 100vw, 600px\" \/><\/p>\n<p>No 247<\/p>\n<p>Rede Brasil Atual &#8211; O dia nacional de greves e paralisa\u00e7\u00f5es em defesa dos direitos e contra as reformas da Previd\u00eancia e trabalhista come\u00e7ou com protestos, greves e bloqueis de \u201ctranca\u00e7os\u201d em v\u00e1rios pontos do pa\u00eds. O movimento \u00e9 convocado pelas centrais sindicais, Frente Brasil Popular e Frente Povo sem Medo.<!--more--><\/p>\n<p>No Distrito Federal, metrovi\u00e1rios, rodovi\u00e1rios, professores e banc\u00e1rios est\u00e3o entre as categorias que cruzar\u00e3o os bra\u00e7os durante 24 horas. Como n\u00e3o haver\u00e1 transporte coletivo, muitas manifesta\u00e7\u00f5es ocorrem espalhadas pelas cidades-sat\u00e9lites. Nas primeiras horas, um bloqueio interrompeu o tr\u00e1fego pela BR-020, sentido Plano Piloto, na altura de Mestre D\u2019Armas, em Planaltina.<\/p>\n<p>Trabalhadores de transportes coletivos decidiram entrar em greve tamb\u00e9m em Recife. Na capital pernambucana, a categoria emenda o dia de lutas com a campanha salarial e deve permanecer paralisada por tempo indeterminado. Ap\u00f3s cinco rodadas de negocia\u00e7\u00e3o com representantes dos empres\u00e1rios, a categoria reivindica 14,26% de reajuste salarial e 38,7% de aumento no vale-alimenta\u00e7\u00e3o, enquanto as empresas apresentaram 4% e 11%, respectivamente.<\/p>\n<p>Nas cidades de Aracaju e S\u00e3o Crist\u00f3v\u00e3o, militantes de CTB, CUT e UGT e de movimentos estudantis, ocuparam entradas das garagens das quatro empresas rodovi\u00e1rias de, impedindo a sa\u00edda dos \u00f4nibus para o transporte di\u00e1rio. Em Goi\u00e2nia tamb\u00e9m h\u00e1 piquetes em garagens.<\/p>\n<p>Em S\u00e3o Paulo, diversos bloqueios foram programados no in\u00edcio da manh\u00e3, como nas avenidas S\u00e3o Jo\u00e3o e 23 de Maio, no centro, e na Via Anchieta, na conflu\u00eancia com Avenida das Juntas Provis\u00f3rias. <\/p>\n<p>Integrantes do Movimento dos Trabalhadores Sem Teto (MTST) e da Frente Povo sem Medo ocuparam tamb\u00e9m o sagu\u00e3o do aeroporto de Congonhas, na zona sul da capital paulista, no in\u00edcio da manh\u00e3. Mobiliza\u00e7\u00e3o semelhante ocorreu tamb\u00e9m no aeroporto internacional de Guarulhos. &#8220;O grito hoje, pa\u00eds afora, \u00e9 por nenhum direito a menos. N\u00e3o vamos aceitar que fa\u00e7am essa reforma trabalhista. N\u00e3o vamos engolir que destruam as aposentadorias com a reforma da Previd\u00eancia. Mais do que isso: \u00e9 fora, Temer! Esse governo tem que sair. Nunca teve legitimidade e, agora, perdeu condi\u00e7\u00e3o de continuar \u00e0 frente do pa\u00eds&#8221;, afirmou Guilherme Boulos, coordenador do MTST, em Congonhas.  <\/p>\n<p>No Rio de Janeiro, manifestantes pararam a Linha Vermelha no sentido centro, barcas, Ponte Rio-Niter\u00f3i, Avenida Brasil, na altura da Penha, sentido centro, e acesso ao aeroporto Tom Jobim (Gale\u00e3o). Ainda no estado, em Angra dos Reis, houve interrup\u00e7\u00e3o do tr\u00e1fego na Rodovia Rio-Santos.<\/p>\n<p>Os trabalhadores das principais refinarias do Sistema Petrobras j\u00e1 est\u00e3o em greve desde o final da noite de quinta (29). Os petroleiros que substituiriam \u00e0s 23h o grupo do turno das 15h n\u00e3o entraram para trabalhar. Os \u00f4nibus que transportam os trabalhadores chegaram vazios \u00e0s unidades, onde a ades\u00e3o ao movimento \u00e9 de mais de 100%. Parte das equipes que deveriam trocar o turno nas refinarias n\u00e3o saiu para assegurar uma conting\u00eancia de seguran\u00e7a.<\/p>\n<p>Das 10 refinarias que aprovaram a greve por tempo indeterminado \u2013 tamb\u00e9m em defesa da Petrobras e contra o desmonte da estatal sob a gest\u00e3o de Pedro Parente \u2013, nove j\u00e1 est\u00e3o sem trocas nos turnos de revezamento: Repar (PR), Usina de Xisto (Six\/PR), Replan (Paul\u00ednia\/SP), Recap (SP), Reduc (Duque de Caxias\/RJ), Regap (MG), Rlam (BA), Abreu e Lima (PE) e Reman (AM). Na Refap (RS), onde os trabalhadores j\u00e1 haviam feito uma greve ao longo desta \u00faltima semana, a paralisa\u00e7\u00e3o ser\u00e1 retomada na manh\u00e3 desta sexta, quando as demais bases da FUP se somar\u00e3o ao movimento.<\/p>\n<p>Em Santa Catarina, paralisa\u00e7\u00e3o no BR-470 impediu acesso ao Porto de Navegantes.<\/p>\n<p>Acompanhe algumas imagens pelo pa\u00eds.<\/p>\n<p><img data-recalc-dims=\"1\" loading=\"lazy\" decoding=\"async\" data-attachment-id=\"11879\" data-permalink=\"http:\/\/blogdalucianaoliveira.com.br\/blog\/2017\/06\/30\/trabalhadores-vao-as-ruas-do-pais-contra-reformas-e-por-fora-temer\/attachment\/2\/\" data-orig-file=\"https:\/\/i0.wp.com\/blogdalucianaoliveira.com.br\/blog\/wp-content\/uploads\/2017\/06\/2.jpg?fit=640%2C480\" data-orig-size=\"640,480\" data-comments-opened=\"0\" data-image-meta=\"{&quot;aperture&quot;:&quot;0&quot;,&quot;credit&quot;:&quot;&quot;,&quot;camera&quot;:&quot;&quot;,&quot;caption&quot;:&quot;&quot;,&quot;created_timestamp&quot;:&quot;0&quot;,&quot;copyright&quot;:&quot;&quot;,&quot;focal_length&quot;:&quot;0&quot;,&quot;iso&quot;:&quot;0&quot;,&quot;shutter_speed&quot;:&quot;0&quot;,&quot;title&quot;:&quot;&quot;,&quot;orientation&quot;:&quot;0&quot;}\" data-image-title=\"2\" data-image-description=\"\" data-image-caption=\"\" data-medium-file=\"https:\/\/i0.wp.com\/blogdalucianaoliveira.com.br\/blog\/wp-content\/uploads\/2017\/06\/2.jpg?fit=300%2C225\" data-large-file=\"https:\/\/i0.wp.com\/blogdalucianaoliveira.com.br\/blog\/wp-content\/uploads\/2017\/06\/2.jpg?fit=600%2C450\" src=\"https:\/\/i0.wp.com\/blogdalucianaoliveira.com.br\/blog\/wp-content\/uploads\/2017\/06\/2.jpg?resize=600%2C450\" alt=\"2\" width=\"600\" height=\"450\" class=\"alignnone size-full wp-image-11879\" srcset=\"https:\/\/i0.wp.com\/blogdalucianaoliveira.com.br\/blog\/wp-content\/uploads\/2017\/06\/2.jpg?w=640 640w, https:\/\/i0.wp.com\/blogdalucianaoliveira.com.br\/blog\/wp-content\/uploads\/2017\/06\/2.jpg?resize=300%2C225 300w, https:\/\/i0.wp.com\/blogdalucianaoliveira.com.br\/blog\/wp-content\/uploads\/2017\/06\/2.jpg?resize=400%2C300 400w\" sizes=\"auto, (max-width: 600px) 100vw, 600px\" \/><\/p>\n<p><img data-recalc-dims=\"1\" loading=\"lazy\" decoding=\"async\" data-attachment-id=\"11880\" data-permalink=\"http:\/\/blogdalucianaoliveira.com.br\/blog\/2017\/06\/30\/trabalhadores-vao-as-ruas-do-pais-contra-reformas-e-por-fora-temer\/attachment\/3\/\" data-orig-file=\"https:\/\/i0.wp.com\/blogdalucianaoliveira.com.br\/blog\/wp-content\/uploads\/2017\/06\/3.jpg?fit=640%2C480\" data-orig-size=\"640,480\" data-comments-opened=\"0\" data-image-meta=\"{&quot;aperture&quot;:&quot;0&quot;,&quot;credit&quot;:&quot;&quot;,&quot;camera&quot;:&quot;&quot;,&quot;caption&quot;:&quot;&quot;,&quot;created_timestamp&quot;:&quot;0&quot;,&quot;copyright&quot;:&quot;&quot;,&quot;focal_length&quot;:&quot;0&quot;,&quot;iso&quot;:&quot;0&quot;,&quot;shutter_speed&quot;:&quot;0&quot;,&quot;title&quot;:&quot;&quot;,&quot;orientation&quot;:&quot;0&quot;}\" data-image-title=\"3\" data-image-description=\"\" data-image-caption=\"\" data-medium-file=\"https:\/\/i0.wp.com\/blogdalucianaoliveira.com.br\/blog\/wp-content\/uploads\/2017\/06\/3.jpg?fit=300%2C225\" data-large-file=\"https:\/\/i0.wp.com\/blogdalucianaoliveira.com.br\/blog\/wp-content\/uploads\/2017\/06\/3.jpg?fit=600%2C450\" src=\"https:\/\/i0.wp.com\/blogdalucianaoliveira.com.br\/blog\/wp-content\/uploads\/2017\/06\/3.jpg?resize=600%2C450\" alt=\"3\" width=\"600\" height=\"450\" class=\"alignnone size-full wp-image-11880\" srcset=\"https:\/\/i0.wp.com\/blogdalucianaoliveira.com.br\/blog\/wp-content\/uploads\/2017\/06\/3.jpg?w=640 640w, https:\/\/i0.wp.com\/blogdalucianaoliveira.com.br\/blog\/wp-content\/uploads\/2017\/06\/3.jpg?resize=300%2C225 300w, https:\/\/i0.wp.com\/blogdalucianaoliveira.com.br\/blog\/wp-content\/uploads\/2017\/06\/3.jpg?resize=400%2C300 400w\" sizes=\"auto, (max-width: 600px) 100vw, 600px\" \/><\/p>\n<p><img data-recalc-dims=\"1\" loading=\"lazy\" decoding=\"async\" data-attachment-id=\"11881\" data-permalink=\"http:\/\/blogdalucianaoliveira.com.br\/blog\/2017\/06\/30\/trabalhadores-vao-as-ruas-do-pais-contra-reformas-e-por-fora-temer\/attachment\/4\/\" data-orig-file=\"https:\/\/i0.wp.com\/blogdalucianaoliveira.com.br\/blog\/wp-content\/uploads\/2017\/06\/4.jpg?fit=640%2C480\" data-orig-size=\"640,480\" data-comments-opened=\"0\" data-image-meta=\"{&quot;aperture&quot;:&quot;0&quot;,&quot;credit&quot;:&quot;&quot;,&quot;camera&quot;:&quot;&quot;,&quot;caption&quot;:&quot;&quot;,&quot;created_timestamp&quot;:&quot;0&quot;,&quot;copyright&quot;:&quot;&quot;,&quot;focal_length&quot;:&quot;0&quot;,&quot;iso&quot;:&quot;0&quot;,&quot;shutter_speed&quot;:&quot;0&quot;,&quot;title&quot;:&quot;&quot;,&quot;orientation&quot;:&quot;0&quot;}\" data-image-title=\"4\" data-image-description=\"\" data-image-caption=\"\" data-medium-file=\"https:\/\/i0.wp.com\/blogdalucianaoliveira.com.br\/blog\/wp-content\/uploads\/2017\/06\/4.jpg?fit=300%2C225\" data-large-file=\"https:\/\/i0.wp.com\/blogdalucianaoliveira.com.br\/blog\/wp-content\/uploads\/2017\/06\/4.jpg?fit=600%2C450\" src=\"https:\/\/i0.wp.com\/blogdalucianaoliveira.com.br\/blog\/wp-content\/uploads\/2017\/06\/4.jpg?resize=600%2C450\" alt=\"4\" width=\"600\" height=\"450\" class=\"alignnone size-full wp-image-11881\" srcset=\"https:\/\/i0.wp.com\/blogdalucianaoliveira.com.br\/blog\/wp-content\/uploads\/2017\/06\/4.jpg?w=640 640w, https:\/\/i0.wp.com\/blogdalucianaoliveira.com.br\/blog\/wp-content\/uploads\/2017\/06\/4.jpg?resize=300%2C225 300w, https:\/\/i0.wp.com\/blogdalucianaoliveira.com.br\/blog\/wp-content\/uploads\/2017\/06\/4.jpg?resize=400%2C300 400w\" sizes=\"auto, (max-width: 600px) 100vw, 600px\" \/><\/p>\n<p><img data-recalc-dims=\"1\" loading=\"lazy\" decoding=\"async\" data-attachment-id=\"11882\" data-permalink=\"http:\/\/blogdalucianaoliveira.com.br\/blog\/2017\/06\/30\/trabalhadores-vao-as-ruas-do-pais-contra-reformas-e-por-fora-temer\/attachment\/5\/\" data-orig-file=\"https:\/\/i0.wp.com\/blogdalucianaoliveira.com.br\/blog\/wp-content\/uploads\/2017\/06\/5.jpg?fit=640%2C480\" data-orig-size=\"640,480\" data-comments-opened=\"0\" data-image-meta=\"{&quot;aperture&quot;:&quot;0&quot;,&quot;credit&quot;:&quot;&quot;,&quot;camera&quot;:&quot;&quot;,&quot;caption&quot;:&quot;&quot;,&quot;created_timestamp&quot;:&quot;0&quot;,&quot;copyright&quot;:&quot;&quot;,&quot;focal_length&quot;:&quot;0&quot;,&quot;iso&quot;:&quot;0&quot;,&quot;shutter_speed&quot;:&quot;0&quot;,&quot;title&quot;:&quot;&quot;,&quot;orientation&quot;:&quot;0&quot;}\" data-image-title=\"5\" data-image-description=\"\" data-image-caption=\"\" data-medium-file=\"https:\/\/i0.wp.com\/blogdalucianaoliveira.com.br\/blog\/wp-content\/uploads\/2017\/06\/5.jpg?fit=300%2C225\" data-large-file=\"https:\/\/i0.wp.com\/blogdalucianaoliveira.com.br\/blog\/wp-content\/uploads\/2017\/06\/5.jpg?fit=600%2C450\" src=\"https:\/\/i0.wp.com\/blogdalucianaoliveira.com.br\/blog\/wp-content\/uploads\/2017\/06\/5.jpg?resize=600%2C450\" alt=\"5\" width=\"600\" height=\"450\" class=\"alignnone size-full wp-image-11882\" srcset=\"https:\/\/i0.wp.com\/blogdalucianaoliveira.com.br\/blog\/wp-content\/uploads\/2017\/06\/5.jpg?w=640 640w, https:\/\/i0.wp.com\/blogdalucianaoliveira.com.br\/blog\/wp-content\/uploads\/2017\/06\/5.jpg?resize=300%2C225 300w, https:\/\/i0.wp.com\/blogdalucianaoliveira.com.br\/blog\/wp-content\/uploads\/2017\/06\/5.jpg?resize=400%2C300 400w\" sizes=\"auto, (max-width: 600px) 100vw, 600px\" \/><\/p>\n","protected":false},"excerpt":{"rendered":"<p>No 247 Rede Brasil Atual &#8211; O dia nacional de greves e paralisa\u00e7\u00f5es em defesa dos direitos e contra as reformas da Previd\u00eancia e trabalhista come\u00e7ou com protestos, greves e bloqueis de \u201ctranca\u00e7os\u201d em v\u00e1rios pontos do pa\u00eds. O movimento \u00e9 convocado pelas centrais sindicais, Frente Brasil Popular e Frente Povo sem Medo.<\/p>\n","protected":false},"author":1,"featured_media":0,"comment_status":"closed","ping_status":"open","sticky":false,"template":"","format":"standard","meta":{"_exactmetrics_skip_tracking":false,"_exactmetrics_sitenote_active":false,"_exactmetrics_sitenote_note":"","_exactmetrics_sitenote_category":0,"jetpack_post_was_ever_published":false,"_jetpack_newsletter_access":"","_jetpack_dont_email_post_to_subs":false,"_jetpack_newsletter_tier_id":0,"_jetpack_memberships_contains_paywalled_content":false,"_jetpack_memberships_contains_paid_content":false,"footnotes":"","jetpack_publicize_message":"","jetpack_publicize_feature_enabled":true,"jetpack_social_post_already_shared":true,"jetpack_social_options":{"image_generator_settings":{"template":"highway","enabled":false},"version":2}},"categories":[1],"tags":[],"class_list":["post-11877","post","type-post","status-publish","format-standard","hentry","category-notas"],"jetpack_publicize_connections":[],"jetpack_sharing_enabled":true,"jetpack_featured_media_url":"","jetpack_shortlink":"https:\/\/wp.me\/p7wKYW-35z","jetpack-related-posts":[],"_links":{"self":[{"href":"http:\/\/blogdalucianaoliveira.com.br\/blog\/wp-json\/wp\/v2\/posts\/11877","targetHints":{"allow":["GET"]}}],"collection":[{"href":"http:\/\/blogdalucianaoliveira.com.br\/blog\/wp-json\/wp\/v2\/posts"}],"about":[{"href":"http:\/\/blogdalucianaoliveira.com.br\/blog\/wp-json\/wp\/v2\/types\/post"}],"author":[{"embeddable":true,"href":"http:\/\/blogdalucianaoliveira.com.br\/blog\/wp-json\/wp\/v2\/users\/1"}],"replies":[{"embeddable":true,"href":"http:\/\/blogdalucianaoliveira.com.br\/blog\/wp-json\/wp\/v2\/comments?post=11877"}],"version-history":[{"count":1,"href":"http:\/\/blogdalucianaoliveira.com.br\/blog\/wp-json\/wp\/v2\/posts\/11877\/revisions"}],"predecessor-version":[{"id":11883,"href":"http:\/\/blogdalucianaoliveira.com.br\/blog\/wp-json\/wp\/v2\/posts\/11877\/revisions\/11883"}],"wp:attachment":[{"href":"http:\/\/blogdalucianaoliveira.com.br\/blog\/wp-json\/wp\/v2\/media?parent=11877"}],"wp:term":[{"taxonomy":"category","embeddable":true,"href":"http:\/\/blogdalucianaoliveira.com.br\/blog\/wp-json\/wp\/v2\/categories?post=11877"},{"taxonomy":"post_tag","embeddable":true,"href":"http:\/\/blogdalucianaoliveira.com.br\/blog\/wp-json\/wp\/v2\/tags?post=11877"}],"curies":[{"name":"wp","href":"https:\/\/api.w.org\/{rel}","templated":true}]}}