{"id":11884,"date":"2017-06-30T12:28:02","date_gmt":"2017-06-30T16:28:02","guid":{"rendered":"http:\/\/blogdalucianaoliveira.com.br\/blog\/?p=11884"},"modified":"2017-06-30T12:31:13","modified_gmt":"2017-06-30T16:31:13","slug":"marco-aurelio-devolve-o-mandato-a-aecio-neves","status":"publish","type":"post","link":"http:\/\/blogdalucianaoliveira.com.br\/blog\/2017\/06\/30\/marco-aurelio-devolve-o-mandato-a-aecio-neves\/","title":{"rendered":"MARCO AUR\u00c9LIO DEVOLVE O MANDATO A A\u00c9CIO NEVES"},"content":{"rendered":"<p><img data-recalc-dims=\"1\" loading=\"lazy\" decoding=\"async\" data-attachment-id=\"11885\" data-permalink=\"http:\/\/blogdalucianaoliveira.com.br\/blog\/2017\/06\/30\/marco-aurelio-devolve-o-mandato-a-aecio-neves\/aer-2\/\" data-orig-file=\"https:\/\/i0.wp.com\/blogdalucianaoliveira.com.br\/blog\/wp-content\/uploads\/2017\/06\/aer.jpg?fit=1000%2C357\" data-orig-size=\"1000,357\" data-comments-opened=\"0\" data-image-meta=\"{&quot;aperture&quot;:&quot;0&quot;,&quot;credit&quot;:&quot;&quot;,&quot;camera&quot;:&quot;&quot;,&quot;caption&quot;:&quot;&quot;,&quot;created_timestamp&quot;:&quot;0&quot;,&quot;copyright&quot;:&quot;&quot;,&quot;focal_length&quot;:&quot;0&quot;,&quot;iso&quot;:&quot;0&quot;,&quot;shutter_speed&quot;:&quot;0&quot;,&quot;title&quot;:&quot;&quot;,&quot;orientation&quot;:&quot;0&quot;}\" data-image-title=\"aer\" data-image-description=\"\" data-image-caption=\"\" data-medium-file=\"https:\/\/i0.wp.com\/blogdalucianaoliveira.com.br\/blog\/wp-content\/uploads\/2017\/06\/aer.jpg?fit=300%2C107\" data-large-file=\"https:\/\/i0.wp.com\/blogdalucianaoliveira.com.br\/blog\/wp-content\/uploads\/2017\/06\/aer.jpg?fit=600%2C214\" src=\"https:\/\/i0.wp.com\/blogdalucianaoliveira.com.br\/blog\/wp-content\/uploads\/2017\/06\/aer.jpg?resize=600%2C214\" alt=\"aer\" width=\"600\" height=\"214\" class=\"alignnone size-full wp-image-11885\" srcset=\"https:\/\/i0.wp.com\/blogdalucianaoliveira.com.br\/blog\/wp-content\/uploads\/2017\/06\/aer.jpg?w=1000 1000w, https:\/\/i0.wp.com\/blogdalucianaoliveira.com.br\/blog\/wp-content\/uploads\/2017\/06\/aer.jpg?resize=300%2C107 300w, https:\/\/i0.wp.com\/blogdalucianaoliveira.com.br\/blog\/wp-content\/uploads\/2017\/06\/aer.jpg?resize=768%2C274 768w, https:\/\/i0.wp.com\/blogdalucianaoliveira.com.br\/blog\/wp-content\/uploads\/2017\/06\/aer.jpg?resize=800%2C286 800w\" sizes=\"auto, (max-width: 600px) 100vw, 600px\" \/><\/p>\n<p>247 &#8211; O ministro Marco Aur\u00e9lio Mello, do Supremo Tribunal Federal, revogou nesta sexta-feira, 30, a decis\u00e3o do ministro Edson Fachin que afastou o senador A\u00e9cio Neves (PSDB) de suas fun\u00e7\u00f5es.<!--more--><\/p>\n<p>&#8220;Provejo o agravo para afastar as medidas consubstanciadas na suspens\u00e3o do exerc\u00edcio de fun\u00e7\u00f5es parlamentares ou de qualquer fun\u00e7\u00e3o p\u00fablica, na proibi\u00e7\u00e3o de contatar outro investigado ou r\u00e9u no processo e na de ausentar-se do Pa\u00eds, devolvendo ao agravante a situa\u00e7\u00e3o jur\u00eddica que lhe foi proporcionada pelos eleitores no sufr\u00e1fio universal&#8221;, diz a decis\u00e3o do ministro Marco Aur\u00e9lio. &#8220;Julgo predicado o agravo formalizado pelo Procurador-geral da Rep\u00fablica em que veiculado o pedido de implemento da pris\u00e3o preventiva do agravante&#8221;, acrescentou. <\/p>\n<p>A\u00e9cio havia sido afastado em maio por determina\u00e7\u00e3o do ministro Edson Fachin, relator da Lava Jato no STF, ap\u00f3s a Opera\u00e7\u00e3o Patmos, fase da Lava Jato baseada nas dela\u00e7\u00e3o da JBS. A Procuradoria Geral da Rep\u00fablica apontou risco de o senador usar seu poder para atrapalhar as investiga\u00e7\u00f5es e havia pedido a pris\u00e3o de A\u00e9cio. No entanto, Fachin entendeu que a Constitui\u00e7\u00e3o proibia a pris\u00e3o do parlamentar e determinou o afastamento.<\/p>\n<p>Como lembrou o jornalista Bernardo Mello Franco, em duas semanas, A\u00e9cio teve seu pedido de cassa\u00e7\u00e3o arquivado no Conselho de \u00c9tica do Senado, viu a irm\u00e3 e o primo serem libertados e seus inqu\u00e9ritos do STF ficarem com os ministros Gilmar Mendes e Alexandre de Moraes. <\/p>\n","protected":false},"excerpt":{"rendered":"<p>247 &#8211; O ministro Marco Aur\u00e9lio Mello, do Supremo Tribunal Federal, revogou nesta sexta-feira, 30, a decis\u00e3o do ministro Edson Fachin que afastou o senador A\u00e9cio Neves (PSDB) de suas fun\u00e7\u00f5es.<\/p>\n","protected":false},"author":1,"featured_media":11885,"comment_status":"closed","ping_status":"open","sticky":false,"template":"","format":"standard","meta":{"_exactmetrics_skip_tracking":false,"_exactmetrics_sitenote_active":false,"_exactmetrics_sitenote_note":"","_exactmetrics_sitenote_category":0,"jetpack_post_was_ever_published":false,"_jetpack_newsletter_access":"","_jetpack_dont_email_post_to_subs":false,"_jetpack_newsletter_tier_id":0,"_jetpack_memberships_contains_paywalled_content":false,"_jetpack_memberships_contains_paid_content":false,"footnotes":"","jetpack_publicize_message":"","jetpack_publicize_feature_enabled":true,"jetpack_social_post_already_shared":true,"jetpack_social_options":{"image_generator_settings":{"template":"highway","enabled":false},"version":2}},"categories":[1],"tags":[],"class_list":["post-11884","post","type-post","status-publish","format-standard","has-post-thumbnail","hentry","category-notas"],"jetpack_publicize_connections":[],"jetpack_sharing_enabled":true,"jetpack_featured_media_url":"https:\/\/i0.wp.com\/blogdalucianaoliveira.com.br\/blog\/wp-content\/uploads\/2017\/06\/aer.jpg?fit=1000%2C357","jetpack_shortlink":"https:\/\/wp.me\/p7wKYW-35G","jetpack-related-posts":[],"_links":{"self":[{"href":"http:\/\/blogdalucianaoliveira.com.br\/blog\/wp-json\/wp\/v2\/posts\/11884","targetHints":{"allow":["GET"]}}],"collection":[{"href":"http:\/\/blogdalucianaoliveira.com.br\/blog\/wp-json\/wp\/v2\/posts"}],"about":[{"href":"http:\/\/blogdalucianaoliveira.com.br\/blog\/wp-json\/wp\/v2\/types\/post"}],"author":[{"embeddable":true,"href":"http:\/\/blogdalucianaoliveira.com.br\/blog\/wp-json\/wp\/v2\/users\/1"}],"replies":[{"embeddable":true,"href":"http:\/\/blogdalucianaoliveira.com.br\/blog\/wp-json\/wp\/v2\/comments?post=11884"}],"version-history":[{"count":1,"href":"http:\/\/blogdalucianaoliveira.com.br\/blog\/wp-json\/wp\/v2\/posts\/11884\/revisions"}],"predecessor-version":[{"id":11886,"href":"http:\/\/blogdalucianaoliveira.com.br\/blog\/wp-json\/wp\/v2\/posts\/11884\/revisions\/11886"}],"wp:featuredmedia":[{"embeddable":true,"href":"http:\/\/blogdalucianaoliveira.com.br\/blog\/wp-json\/wp\/v2\/media\/11885"}],"wp:attachment":[{"href":"http:\/\/blogdalucianaoliveira.com.br\/blog\/wp-json\/wp\/v2\/media?parent=11884"}],"wp:term":[{"taxonomy":"category","embeddable":true,"href":"http:\/\/blogdalucianaoliveira.com.br\/blog\/wp-json\/wp\/v2\/categories?post=11884"},{"taxonomy":"post_tag","embeddable":true,"href":"http:\/\/blogdalucianaoliveira.com.br\/blog\/wp-json\/wp\/v2\/tags?post=11884"}],"curies":[{"name":"wp","href":"https:\/\/api.w.org\/{rel}","templated":true}]}}