{"id":11887,"date":"2017-06-30T12:35:52","date_gmt":"2017-06-30T16:35:52","guid":{"rendered":"http:\/\/blogdalucianaoliveira.com.br\/blog\/?p=11887"},"modified":"2017-06-30T12:35:52","modified_gmt":"2017-06-30T16:35:52","slug":"morre-jornalista-paulo-nogueira-do-site-diario-do-centro-do-mundo","status":"publish","type":"post","link":"http:\/\/blogdalucianaoliveira.com.br\/blog\/2017\/06\/30\/morre-jornalista-paulo-nogueira-do-site-diario-do-centro-do-mundo\/","title":{"rendered":"Morre jornalista Paulo Nogueira, do site &#8220;Di\u00e1rio do Centro do Mundo&#8221;"},"content":{"rendered":"<p><img data-recalc-dims=\"1\" loading=\"lazy\" decoding=\"async\" data-attachment-id=\"11888\" data-permalink=\"http:\/\/blogdalucianaoliveira.com.br\/blog\/2017\/06\/30\/morre-jornalista-paulo-nogueira-do-site-diario-do-centro-do-mundo\/paulo-3\/\" data-orig-file=\"https:\/\/i0.wp.com\/blogdalucianaoliveira.com.br\/blog\/wp-content\/uploads\/2017\/06\/paulo.jpg?fit=360%2C226\" data-orig-size=\"360,226\" data-comments-opened=\"0\" data-image-meta=\"{&quot;aperture&quot;:&quot;0&quot;,&quot;credit&quot;:&quot;&quot;,&quot;camera&quot;:&quot;&quot;,&quot;caption&quot;:&quot;&quot;,&quot;created_timestamp&quot;:&quot;0&quot;,&quot;copyright&quot;:&quot;&quot;,&quot;focal_length&quot;:&quot;0&quot;,&quot;iso&quot;:&quot;0&quot;,&quot;shutter_speed&quot;:&quot;0&quot;,&quot;title&quot;:&quot;&quot;,&quot;orientation&quot;:&quot;0&quot;}\" data-image-title=\"paulo\" data-image-description=\"\" data-image-caption=\"\" data-medium-file=\"https:\/\/i0.wp.com\/blogdalucianaoliveira.com.br\/blog\/wp-content\/uploads\/2017\/06\/paulo.jpg?fit=300%2C188\" data-large-file=\"https:\/\/i0.wp.com\/blogdalucianaoliveira.com.br\/blog\/wp-content\/uploads\/2017\/06\/paulo.jpg?fit=360%2C226\" src=\"https:\/\/i0.wp.com\/blogdalucianaoliveira.com.br\/blog\/wp-content\/uploads\/2017\/06\/paulo.jpg?resize=360%2C226\" alt=\"paulo\" width=\"360\" height=\"226\" class=\"alignnone size-full wp-image-11888\" srcset=\"https:\/\/i0.wp.com\/blogdalucianaoliveira.com.br\/blog\/wp-content\/uploads\/2017\/06\/paulo.jpg?w=360 360w, https:\/\/i0.wp.com\/blogdalucianaoliveira.com.br\/blog\/wp-content\/uploads\/2017\/06\/paulo.jpg?resize=300%2C188 300w\" sizes=\"auto, (max-width: 360px) 100vw, 360px\" \/><\/p>\n<p>Profissional renomado, ele tinha 61 anos e trajet\u00f3ria destacada pelo compromisso jornal\u00edstico<!--more--><\/p>\n<p>Da Reda\u00e7\u00e3o<br \/>\nBrasil de Fato | S\u00e3o Paulo (SP), 30 de Junho de 2017 \u00e0s 09:27<\/p>\n<p>O jornalista Paulo Nogueira, criador do site &#8220;Di\u00e1rio do Centro do Mundo&#8221; faleceu nesta sexta-feira (30), aos 61 anos, na capital paulista. Ele lutava h\u00e1 dez meses contra um c\u00e2ncer. O Brasil de Fato se solidariza com os familiares e amigos desse profissional de reconhecido dedica\u00e7\u00e3o ao jornalismo s\u00e9rio e comprometido com um Brasil mais justo e solid\u00e1rio.<\/p>\n<p>Em texto publicado no site do DCM, o irm\u00e3o dele, Kiko Nogueira destaca a trajet\u00f3ria do jornalista e dedica\u00e7\u00e3o especial ao DCM. &#8220;A utopia do Brasil escandinavo, um Brasil mais justo, foi a nossa b\u00fassola no DCM. Continuar\u00e1 sendo&#8221;, afirmou.<\/p>\n<p>Em nota, a ex-presidenta Dilma Rousseff expressou pesar pela morte de Nogueira em &#8220;um momento triste de nossa hist\u00f3ria&#8221;. Acrescentou que &#8220;o jornalismo e a democracia brasileira perdem um grande militante e lutador&#8221;.<\/p>\n<p>O corpo de Paulo Nogueira ser\u00e1 velado hoje (30) no Cemit\u00e9rio Geths\u00eamani, do bairro Morumbi, das 10h \u00e0s 15h. <\/p>\n<p>Confira a \u00edntegra do texto de Kiko Nogueira:<\/p>\n<p>&#8220;Paulo Nogueira morreu na noite de 29 de junho. Tinha 61 anos.<\/p>\n<p>Estava com c\u00e2ncer. Depois de uma batalha de dez meses, finalmente descansou.<\/p>\n<p>Paulo est\u00e1 vivo.<\/p>\n<p>Paulo est\u00e1 em seus filhos: meus sobrinhos Emir, Pedro, Camila e Fernando. Paulo est\u00e1 em minhas cunhadas Erika e Lu\u00edsa.<\/p>\n<p>Est\u00e1 nos seus irm\u00e3os Mari, Z\u00e9, Kika. Nos seus sobrinhos e sobrinhas. Na minha tia Maria Ely. Nos amigos, como Sergio Berezovsky, Caco de Paula, Bia Parreiras e aqueles que pe\u00e7o desculpas por n\u00e3o citar nesse momento.<\/p>\n<p>Est\u00e1 em mim e em voc\u00ea. <\/p>\n<p>Est\u00e1 em seu legado vasto e generoso, digno do nosso pai, o jornalista Emir Nogueira, a quem Paulo dedicou linhas e linhas de beleza e gratid\u00e3o.<\/p>\n<p>Ele fez de tudo no jornalismo. Foi rep\u00f3rter, editor, diretor de reda\u00e7\u00e3o, superintendente. A maior parte da carreira na Editora Abril, outra parte na Editora Globo, os anos mais recentes neste Di\u00e1rio do Centro do Mundo.<\/p>\n<p>Um dos maiores jornalistas do pa\u00eds, passou pela Veja, foi editor da Veja S\u00e3o Paulo, reinventou a Exame, lan\u00e7ou diversas outras publica\u00e7\u00f5es.<\/p>\n<p>Deixou sua marca em cada uma delas. A vibra\u00e7\u00e3o, a provoca\u00e7\u00e3o, o apuro, a busca da excel\u00eancia. Antecipou tend\u00eancias, fez acontecer.<\/p>\n<p>Nunca foi santo. Era duro. Era tamb\u00e9m de uma paci\u00eancia infinita. Fez companheiros para a vida toda nas reda\u00e7\u00f5es e revelou v\u00e1rios talentos. Fez inimigos, tamb\u00e9m, como todo grande homem.<\/p>\n<p>\u201cSempre que voc\u00ea se desentender com algu\u00e9m, lembre que em pouco tempo voc\u00ea e o outro estar\u00e3o desaparecidos\u201d, dizia, repetindo Marco Aur\u00e9lio, o imperador romano, seu fil\u00f3sofo de cabeceira.<\/p>\n<p>O DCM era seu projeto preferido. Ele falava do privil\u00e9gio de poder exercer o of\u00edcio depois dos 50. Poderia ter tido uma aposentadoria tranquila, jogando t\u00eanis e p\u00f4quer \u00e0s margens do T\u00e2misa.<\/p>\n<p>Preferiu combater o bom combate, com a mesma paix\u00e3o de sempre. Em 2012, quando come\u00e7amos, comemor\u00e1vamos quando consegu\u00edamos alcan\u00e7ar 20 mil visualiza\u00e7\u00f5es num dia. Ele de Londres, eu de S\u00e3o Paulo. Hoje s\u00e3o 500 mil.<\/p>\n<p>O Paulo tinha uma vis\u00e3o e a perseguia com a mesma obstina\u00e7\u00e3o que tinha jogando futebol (um dia eu conto do gol mais bonito que ele fez. Um dia eu fa\u00e7o isso, quando n\u00e3o me doer desse jeito).<\/p>\n<p>A utopia do Brasil escandinavo, um Brasil mais justo, foi a nossa b\u00fassola no DCM. Continuar\u00e1 sendo.<\/p>\n<p>Uma vida intensa, um homem que fez tudo \u00e0 sua maneira. Nasceu e morreu no mesmo quarto na casa dos nossos pais, no Jardim Previd\u00eancia.<\/p>\n<p>Como ele queria.<\/p>\n<p>O Paulo vive. Obrigado, Fratello.&#8221;<\/p>\n<p>Edi\u00e7\u00e3o: Luiz Felipe Albuquerque<\/p>\n","protected":false},"excerpt":{"rendered":"<p>Profissional renomado, ele tinha 61 anos e trajet\u00f3ria destacada pelo compromisso jornal\u00edstico<\/p>\n","protected":false},"author":1,"featured_media":0,"comment_status":"closed","ping_status":"open","sticky":false,"template":"","format":"standard","meta":{"_exactmetrics_skip_tracking":false,"_exactmetrics_sitenote_active":false,"_exactmetrics_sitenote_note":"","_exactmetrics_sitenote_category":0,"jetpack_post_was_ever_published":false,"_jetpack_newsletter_access":"","_jetpack_dont_email_post_to_subs":false,"_jetpack_newsletter_tier_id":0,"_jetpack_memberships_contains_paywalled_content":false,"_jetpack_memberships_contains_paid_content":false,"footnotes":"","jetpack_publicize_message":"","jetpack_publicize_feature_enabled":true,"jetpack_social_post_already_shared":true,"jetpack_social_options":{"image_generator_settings":{"template":"highway","enabled":false},"version":2}},"categories":[1],"tags":[],"class_list":["post-11887","post","type-post","status-publish","format-standard","hentry","category-notas"],"jetpack_publicize_connections":[],"jetpack_sharing_enabled":true,"jetpack_featured_media_url":"","jetpack_shortlink":"https:\/\/wp.me\/p7wKYW-35J","jetpack-related-posts":[],"_links":{"self":[{"href":"http:\/\/blogdalucianaoliveira.com.br\/blog\/wp-json\/wp\/v2\/posts\/11887","targetHints":{"allow":["GET"]}}],"collection":[{"href":"http:\/\/blogdalucianaoliveira.com.br\/blog\/wp-json\/wp\/v2\/posts"}],"about":[{"href":"http:\/\/blogdalucianaoliveira.com.br\/blog\/wp-json\/wp\/v2\/types\/post"}],"author":[{"embeddable":true,"href":"http:\/\/blogdalucianaoliveira.com.br\/blog\/wp-json\/wp\/v2\/users\/1"}],"replies":[{"embeddable":true,"href":"http:\/\/blogdalucianaoliveira.com.br\/blog\/wp-json\/wp\/v2\/comments?post=11887"}],"version-history":[{"count":1,"href":"http:\/\/blogdalucianaoliveira.com.br\/blog\/wp-json\/wp\/v2\/posts\/11887\/revisions"}],"predecessor-version":[{"id":11889,"href":"http:\/\/blogdalucianaoliveira.com.br\/blog\/wp-json\/wp\/v2\/posts\/11887\/revisions\/11889"}],"wp:attachment":[{"href":"http:\/\/blogdalucianaoliveira.com.br\/blog\/wp-json\/wp\/v2\/media?parent=11887"}],"wp:term":[{"taxonomy":"category","embeddable":true,"href":"http:\/\/blogdalucianaoliveira.com.br\/blog\/wp-json\/wp\/v2\/categories?post=11887"},{"taxonomy":"post_tag","embeddable":true,"href":"http:\/\/blogdalucianaoliveira.com.br\/blog\/wp-json\/wp\/v2\/tags?post=11887"}],"curies":[{"name":"wp","href":"https:\/\/api.w.org\/{rel}","templated":true}]}}