{"id":11890,"date":"2017-06-30T16:19:14","date_gmt":"2017-06-30T20:19:14","guid":{"rendered":"http:\/\/blogdalucianaoliveira.com.br\/blog\/?p=11890"},"modified":"2017-06-30T16:19:14","modified_gmt":"2017-06-30T20:19:14","slug":"marco-aurelio-diz-que-aecio-tem-carreira-politica-elogiavel","status":"publish","type":"post","link":"http:\/\/blogdalucianaoliveira.com.br\/blog\/2017\/06\/30\/marco-aurelio-diz-que-aecio-tem-carreira-politica-elogiavel\/","title":{"rendered":"MARCO AUR\u00c9LIO DIZ QUE A\u00c9CIO TEM \u201cCARREIRA POL\u00cdTICA ELOGI\u00c1VEL\u201d"},"content":{"rendered":"<p><img data-recalc-dims=\"1\" loading=\"lazy\" decoding=\"async\" data-attachment-id=\"11891\" data-permalink=\"http:\/\/blogdalucianaoliveira.com.br\/blog\/2017\/06\/30\/marco-aurelio-diz-que-aecio-tem-carreira-politica-elogiavel\/pqp\/\" data-orig-file=\"https:\/\/i0.wp.com\/blogdalucianaoliveira.com.br\/blog\/wp-content\/uploads\/2017\/06\/pqp.jpg?fit=1000%2C357\" data-orig-size=\"1000,357\" data-comments-opened=\"0\" data-image-meta=\"{&quot;aperture&quot;:&quot;0&quot;,&quot;credit&quot;:&quot;&quot;,&quot;camera&quot;:&quot;&quot;,&quot;caption&quot;:&quot;&quot;,&quot;created_timestamp&quot;:&quot;0&quot;,&quot;copyright&quot;:&quot;&quot;,&quot;focal_length&quot;:&quot;0&quot;,&quot;iso&quot;:&quot;0&quot;,&quot;shutter_speed&quot;:&quot;0&quot;,&quot;title&quot;:&quot;&quot;,&quot;orientation&quot;:&quot;0&quot;}\" data-image-title=\"pqp\" data-image-description=\"\" data-image-caption=\"\" data-medium-file=\"https:\/\/i0.wp.com\/blogdalucianaoliveira.com.br\/blog\/wp-content\/uploads\/2017\/06\/pqp.jpg?fit=300%2C107\" data-large-file=\"https:\/\/i0.wp.com\/blogdalucianaoliveira.com.br\/blog\/wp-content\/uploads\/2017\/06\/pqp.jpg?fit=600%2C214\" src=\"https:\/\/i0.wp.com\/blogdalucianaoliveira.com.br\/blog\/wp-content\/uploads\/2017\/06\/pqp.jpg?resize=600%2C214\" alt=\"pqp\" width=\"600\" height=\"214\" class=\"alignnone size-full wp-image-11891\" srcset=\"https:\/\/i0.wp.com\/blogdalucianaoliveira.com.br\/blog\/wp-content\/uploads\/2017\/06\/pqp.jpg?w=1000 1000w, https:\/\/i0.wp.com\/blogdalucianaoliveira.com.br\/blog\/wp-content\/uploads\/2017\/06\/pqp.jpg?resize=300%2C107 300w, https:\/\/i0.wp.com\/blogdalucianaoliveira.com.br\/blog\/wp-content\/uploads\/2017\/06\/pqp.jpg?resize=768%2C274 768w, https:\/\/i0.wp.com\/blogdalucianaoliveira.com.br\/blog\/wp-content\/uploads\/2017\/06\/pqp.jpg?resize=800%2C286 800w\" sizes=\"auto, (max-width: 600px) 100vw, 600px\" \/><\/p>\n<p>247 &#8211; Na decis\u00e3o em que devolveu ao senador A\u00e9cio Neves (PSDB-MG) o direito de exercer suas atividades parlamentares, o ministro do Supremo Tribunal Federal Marco Aur\u00e9lio Mello exaltou sua biografia e descreveu A\u00e9cio como algu\u00e9m com &#8220;fortes elos com o Brasil&#8221; e &#8220;carreira pol\u00edtica elogi\u00e1vel&#8221;.<!--more--><\/p>\n<p>&#8220;\u00c9 brasileiro nato, chefe de fam\u00edlia, com carreira pol\u00edtica elogi\u00e1vel \u2013 deputado federal por quatro vezes, ex-presidente da C\u00e2mara dos Deputados, governador de Minas Gerais em dois mandatos consecutivos, o segundo colocado nas elei\u00e7\u00f5es \u00e0 Presid\u00eancia da Rep\u00fablica de 2014 \u2013 ditas fraudadas \u2013, com 34.897.211 votos em primeiro turno e 51.041.155 no segundo, e hoje continua sendo, em que pese a liminar implementada, senador da Rep\u00fablica, encontrando-se licenciado da Presid\u00eancia de um dos maiores partidos, o Partido da Social Democracia Brasileira&#8221;, escreveu o ministro.<\/p>\n<p>Com sua decis\u00e3o, Marco Aur\u00e9lio reverte liminar do relator da Lava Jato, Edson Fachin, que havia afastado A\u00e9cio do Senado, depois que um \u00e1udio revelou que o tucano pediu R$ 2 milh\u00f5es em propina ao empres\u00e1rio Joesley Batista, dono da JBS. Al\u00e9m de lhe devolver o cargo, Marco Aur\u00e9lio restituiu o passaporte de A\u00e9cio Neves, que havia sido apreendido na decis\u00e3o de Fachin. O caso foi parar nas m\u00e3os de Marco Aur\u00e9lio porque o relator da Lava Jato redistribuiu parte do processo relacionado \u00e0 Opera\u00e7\u00e3o Patmos, que prendeu a irm\u00e3 e o primo do tucano &#8211; j\u00e1 soltos.<\/p>\n<p>Em nota, A\u00e9cio disse ter recebido a decis\u00e3o com &#8220;absoluta serenidade&#8221;, &#8220;da mesma forma como acatei de forma resignada e respeitosa a decis\u00e3o anterior. Sempre acreditei na Justi\u00e7a do meu pa\u00eds e seguirei no exerc\u00edcio do mandato que me foi conferido por mais de 7 milh\u00f5es de mineiros&#8221;.<\/p>\n","protected":false},"excerpt":{"rendered":"<p>247 &#8211; Na decis\u00e3o em que devolveu ao senador A\u00e9cio Neves (PSDB-MG) o direito de exercer suas atividades parlamentares, o ministro do Supremo Tribunal Federal Marco Aur\u00e9lio Mello exaltou sua biografia e descreveu A\u00e9cio como algu\u00e9m com &#8220;fortes elos com o Brasil&#8221; e &#8220;carreira pol\u00edtica elogi\u00e1vel&#8221;.<\/p>\n","protected":false},"author":1,"featured_media":0,"comment_status":"closed","ping_status":"open","sticky":false,"template":"","format":"standard","meta":{"_exactmetrics_skip_tracking":false,"_exactmetrics_sitenote_active":false,"_exactmetrics_sitenote_note":"","_exactmetrics_sitenote_category":0,"jetpack_post_was_ever_published":false,"_jetpack_newsletter_access":"","_jetpack_dont_email_post_to_subs":false,"_jetpack_newsletter_tier_id":0,"_jetpack_memberships_contains_paywalled_content":false,"_jetpack_memberships_contains_paid_content":false,"footnotes":"","jetpack_publicize_message":"","jetpack_publicize_feature_enabled":true,"jetpack_social_post_already_shared":true,"jetpack_social_options":{"image_generator_settings":{"template":"highway","enabled":false},"version":2}},"categories":[1],"tags":[],"class_list":["post-11890","post","type-post","status-publish","format-standard","hentry","category-notas"],"jetpack_publicize_connections":[],"jetpack_sharing_enabled":true,"jetpack_featured_media_url":"","jetpack_shortlink":"https:\/\/wp.me\/p7wKYW-35M","jetpack-related-posts":[],"_links":{"self":[{"href":"http:\/\/blogdalucianaoliveira.com.br\/blog\/wp-json\/wp\/v2\/posts\/11890","targetHints":{"allow":["GET"]}}],"collection":[{"href":"http:\/\/blogdalucianaoliveira.com.br\/blog\/wp-json\/wp\/v2\/posts"}],"about":[{"href":"http:\/\/blogdalucianaoliveira.com.br\/blog\/wp-json\/wp\/v2\/types\/post"}],"author":[{"embeddable":true,"href":"http:\/\/blogdalucianaoliveira.com.br\/blog\/wp-json\/wp\/v2\/users\/1"}],"replies":[{"embeddable":true,"href":"http:\/\/blogdalucianaoliveira.com.br\/blog\/wp-json\/wp\/v2\/comments?post=11890"}],"version-history":[{"count":1,"href":"http:\/\/blogdalucianaoliveira.com.br\/blog\/wp-json\/wp\/v2\/posts\/11890\/revisions"}],"predecessor-version":[{"id":11892,"href":"http:\/\/blogdalucianaoliveira.com.br\/blog\/wp-json\/wp\/v2\/posts\/11890\/revisions\/11892"}],"wp:attachment":[{"href":"http:\/\/blogdalucianaoliveira.com.br\/blog\/wp-json\/wp\/v2\/media?parent=11890"}],"wp:term":[{"taxonomy":"category","embeddable":true,"href":"http:\/\/blogdalucianaoliveira.com.br\/blog\/wp-json\/wp\/v2\/categories?post=11890"},{"taxonomy":"post_tag","embeddable":true,"href":"http:\/\/blogdalucianaoliveira.com.br\/blog\/wp-json\/wp\/v2\/tags?post=11890"}],"curies":[{"name":"wp","href":"https:\/\/api.w.org\/{rel}","templated":true}]}}