{"id":11897,"date":"2017-06-30T16:56:48","date_gmt":"2017-06-30T20:56:48","guid":{"rendered":"http:\/\/blogdalucianaoliveira.com.br\/blog\/?p=11897"},"modified":"2017-06-30T16:56:48","modified_gmt":"2017-06-30T20:56:48","slug":"decisao-que-favoreceu-aecio-confirma-justica-de-dois-pesos-e-duas-medidas","status":"publish","type":"post","link":"http:\/\/blogdalucianaoliveira.com.br\/blog\/2017\/06\/30\/decisao-que-favoreceu-aecio-confirma-justica-de-dois-pesos-e-duas-medidas\/","title":{"rendered":"Decis\u00e3o que favoreceu A\u00e9cio confirma justi\u00e7a de dois pesos e duas medidas"},"content":{"rendered":"<p><img data-recalc-dims=\"1\" loading=\"lazy\" decoding=\"async\" data-attachment-id=\"11898\" data-permalink=\"http:\/\/blogdalucianaoliveira.com.br\/blog\/2017\/06\/30\/decisao-que-favoreceu-aecio-confirma-justica-de-dois-pesos-e-duas-medidas\/mandato-e-coisa-seria\/\" data-orig-file=\"https:\/\/i0.wp.com\/blogdalucianaoliveira.com.br\/blog\/wp-content\/uploads\/2017\/06\/Mandato-%C3%A9-coisa-s%C3%A9ria.jpg?fit=600%2C361\" data-orig-size=\"600,361\" data-comments-opened=\"0\" data-image-meta=\"{&quot;aperture&quot;:&quot;0&quot;,&quot;credit&quot;:&quot;&quot;,&quot;camera&quot;:&quot;&quot;,&quot;caption&quot;:&quot;&quot;,&quot;created_timestamp&quot;:&quot;0&quot;,&quot;copyright&quot;:&quot;&quot;,&quot;focal_length&quot;:&quot;0&quot;,&quot;iso&quot;:&quot;0&quot;,&quot;shutter_speed&quot;:&quot;0&quot;,&quot;title&quot;:&quot;&quot;,&quot;orientation&quot;:&quot;0&quot;}\" data-image-title=\"Mandato-\u00e9-coisa-s\u00e9ria\" data-image-description=\"\" data-image-caption=\"\" data-medium-file=\"https:\/\/i0.wp.com\/blogdalucianaoliveira.com.br\/blog\/wp-content\/uploads\/2017\/06\/Mandato-%C3%A9-coisa-s%C3%A9ria.jpg?fit=300%2C181\" data-large-file=\"https:\/\/i0.wp.com\/blogdalucianaoliveira.com.br\/blog\/wp-content\/uploads\/2017\/06\/Mandato-%C3%A9-coisa-s%C3%A9ria.jpg?fit=600%2C361\" src=\"https:\/\/i0.wp.com\/blogdalucianaoliveira.com.br\/blog\/wp-content\/uploads\/2017\/06\/Mandato-%C3%A9-coisa-s%C3%A9ria.jpg?resize=600%2C361\" alt=\"Mandato-\u00e9-coisa-s\u00e9ria\" width=\"600\" height=\"361\" class=\"alignnone size-full wp-image-11898\" srcset=\"https:\/\/i0.wp.com\/blogdalucianaoliveira.com.br\/blog\/wp-content\/uploads\/2017\/06\/Mandato-%C3%A9-coisa-s%C3%A9ria.jpg?w=600 600w, https:\/\/i0.wp.com\/blogdalucianaoliveira.com.br\/blog\/wp-content\/uploads\/2017\/06\/Mandato-%C3%A9-coisa-s%C3%A9ria.jpg?resize=300%2C181 300w, https:\/\/i0.wp.com\/blogdalucianaoliveira.com.br\/blog\/wp-content\/uploads\/2017\/06\/Mandato-%C3%A9-coisa-s%C3%A9ria.jpg?resize=499%2C300 499w\" sizes=\"auto, (max-width: 600px) 100vw, 600px\" \/><\/p>\n<p>DCM, por Joaquim de Carvalho<\/p>\n<p>O Supremo Tribunal Federal legitimou a queda de um presidente eleita com 54 milh\u00f5es de votos, sem que o Senado apresentasse prova de crime de responsabilidade.<!--more--><\/p>\n<p>Dizer que pedalada fiscal justifica impeachment \u00e9 uma piada.<\/p>\n<p>A corte n\u00e3o reconheceu os argumentos da defesa de Dilma Rousseff e agora o ministro Marco Aur\u00e9lio Mello diz que \u00e9 preciso respeitar as prerrogativas de quem det\u00e9m mandato.<\/p>\n<p>\u201cMandato parlamentar \u00e9 coisa s\u00e9ria\u201d, observa ele em sua decis\u00e3o de 16 p\u00e1ginas.<\/p>\n<p>E mandato presidencial?<\/p>\n<p>O que n\u00e3o valeu para a chefe do poder executivo, que conquistou o mandato pela maioria dos eleitores, vale para A\u00e9cio Neves, derrotado por Dilma Rousseff.<\/p>\n<p>Diz Marco Aur\u00e9lio:<\/p>\n<p>\u201cE mais que hora de a Suprema Corte restabelecer o respeito \u00e0 Constitui\u00e7\u00e3o, preservando as garantias do mandato parlamentar. Sejam quais forem as den\u00fancias contra o senador mineiro, n\u00e3o cabe ao STF, por seu plen\u00e1rio e, muito menos, por ordem monocr\u00e1tica, afastar um parlamentar do exerc\u00edcio do mandato. Trata-se de perigos\u00edssima cria\u00e7\u00e3o jurisprudencial, que afeta de forma significativa o equil\u00edbrio e a independ\u00eancia dos Tr\u00eas Poderes. Mandato parlamentar \u00e9 coisa s\u00e9ria e n\u00e3o se mexe, impunemente, em suas prerrogativas.\u201d<\/p>\n<p>O m\u00ednimo de justi\u00e7a seria agora, para ficar nas palavras de Marco Aur\u00e9lio, \u201crestabelecer o respeito \u00e0 Constitui\u00e7\u00e3o\u201d, e devolver o mandato a Dilma Rousseff.<\/p>\n<p>\u00c9 na conspira\u00e7\u00e3o que resultou no golpe contra a presid\u00eancia da Rep\u00fablica em 2016 que se encontra a origem de toda crise.<\/p>\n<p>\u00c9 na parcialidade da Justi\u00e7a que se prolonga a crise.<\/p>\n<p>O ex-primeiro-ministro da Fran\u00e7a Fran\u00e7ois Guizot escreveu, h\u00e1 cerca de 170 anos:<\/p>\n<p>\u201cQuando a pol\u00edtica penetra no recinto dos tribunais, a justi\u00e7a se retira por alguma porta.\u201d<\/p>\n<p>Sobre a parcialidade da justi\u00e7a, Rudolf von Ihering, jurista alem\u00e3o que Paulo Nogueira j\u00e1 citou algumas vezes, disse:<\/p>\n<p>\u201cA justi\u00e7a sustenta numa das m\u00e3os a balan\u00e7a que pesa o Direito, e na outra, a espada de que se serve para o defender. A espada sem a balan\u00e7a \u00e9 a for\u00e7a brutal; a balan\u00e7a sem a espada \u00e9 a impot\u00eancia do Direito\u201d.<\/p>\n<p>No Brasil de hoje, a Justi\u00e7a reserva a espada para uns e a balan\u00e7a para outros.<\/p>\n<p>\u00c9 a for\u00e7a brutal.<\/p>\n","protected":false},"excerpt":{"rendered":"<p>DCM, por Joaquim de Carvalho O Supremo Tribunal Federal legitimou a queda de um presidente eleita com 54 milh\u00f5es de votos, sem que o Senado apresentasse prova de crime de responsabilidade.<\/p>\n","protected":false},"author":1,"featured_media":0,"comment_status":"closed","ping_status":"open","sticky":false,"template":"","format":"standard","meta":{"_exactmetrics_skip_tracking":false,"_exactmetrics_sitenote_active":false,"_exactmetrics_sitenote_note":"","_exactmetrics_sitenote_category":0,"jetpack_post_was_ever_published":false,"_jetpack_newsletter_access":"","_jetpack_dont_email_post_to_subs":false,"_jetpack_newsletter_tier_id":0,"_jetpack_memberships_contains_paywalled_content":false,"_jetpack_memberships_contains_paid_content":false,"footnotes":"","jetpack_publicize_message":"","jetpack_publicize_feature_enabled":true,"jetpack_social_post_already_shared":true,"jetpack_social_options":{"image_generator_settings":{"template":"highway","enabled":false},"version":2}},"categories":[1],"tags":[],"class_list":["post-11897","post","type-post","status-publish","format-standard","hentry","category-notas"],"jetpack_publicize_connections":[],"jetpack_sharing_enabled":true,"jetpack_featured_media_url":"","jetpack_shortlink":"https:\/\/wp.me\/p7wKYW-35T","jetpack-related-posts":[],"_links":{"self":[{"href":"http:\/\/blogdalucianaoliveira.com.br\/blog\/wp-json\/wp\/v2\/posts\/11897","targetHints":{"allow":["GET"]}}],"collection":[{"href":"http:\/\/blogdalucianaoliveira.com.br\/blog\/wp-json\/wp\/v2\/posts"}],"about":[{"href":"http:\/\/blogdalucianaoliveira.com.br\/blog\/wp-json\/wp\/v2\/types\/post"}],"author":[{"embeddable":true,"href":"http:\/\/blogdalucianaoliveira.com.br\/blog\/wp-json\/wp\/v2\/users\/1"}],"replies":[{"embeddable":true,"href":"http:\/\/blogdalucianaoliveira.com.br\/blog\/wp-json\/wp\/v2\/comments?post=11897"}],"version-history":[{"count":1,"href":"http:\/\/blogdalucianaoliveira.com.br\/blog\/wp-json\/wp\/v2\/posts\/11897\/revisions"}],"predecessor-version":[{"id":11899,"href":"http:\/\/blogdalucianaoliveira.com.br\/blog\/wp-json\/wp\/v2\/posts\/11897\/revisions\/11899"}],"wp:attachment":[{"href":"http:\/\/blogdalucianaoliveira.com.br\/blog\/wp-json\/wp\/v2\/media?parent=11897"}],"wp:term":[{"taxonomy":"category","embeddable":true,"href":"http:\/\/blogdalucianaoliveira.com.br\/blog\/wp-json\/wp\/v2\/categories?post=11897"},{"taxonomy":"post_tag","embeddable":true,"href":"http:\/\/blogdalucianaoliveira.com.br\/blog\/wp-json\/wp\/v2\/tags?post=11897"}],"curies":[{"name":"wp","href":"https:\/\/api.w.org\/{rel}","templated":true}]}}