{"id":11913,"date":"2017-06-30T17:29:27","date_gmt":"2017-06-30T21:29:27","guid":{"rendered":"http:\/\/blogdalucianaoliveira.com.br\/blog\/?p=11913"},"modified":"2017-06-30T17:29:27","modified_gmt":"2017-06-30T21:29:27","slug":"efeito-golpe-desemprego-cresce-20-em-2017-trabalhadores-migram-em-massa-para-informalidade","status":"publish","type":"post","link":"http:\/\/blogdalucianaoliveira.com.br\/blog\/2017\/06\/30\/efeito-golpe-desemprego-cresce-20-em-2017-trabalhadores-migram-em-massa-para-informalidade\/","title":{"rendered":"Efeito golpe: desemprego cresce 20% em 2017. Trabalhadores migram em massa para informalidade"},"content":{"rendered":"<p><img data-recalc-dims=\"1\" loading=\"lazy\" decoding=\"async\" data-attachment-id=\"11914\" data-permalink=\"http:\/\/blogdalucianaoliveira.com.br\/blog\/2017\/06\/30\/efeito-golpe-desemprego-cresce-20-em-2017-trabalhadores-migram-em-massa-para-informalidade\/pnadc\/\" data-orig-file=\"https:\/\/i0.wp.com\/blogdalucianaoliveira.com.br\/blog\/wp-content\/uploads\/2017\/06\/efe.jpg?fit=600%2C500\" data-orig-size=\"600,500\" data-comments-opened=\"0\" data-image-meta=\"{&quot;aperture&quot;:&quot;0&quot;,&quot;credit&quot;:&quot;&quot;,&quot;camera&quot;:&quot;&quot;,&quot;caption&quot;:&quot;&quot;,&quot;created_timestamp&quot;:&quot;0&quot;,&quot;copyright&quot;:&quot;&quot;,&quot;focal_length&quot;:&quot;0&quot;,&quot;iso&quot;:&quot;0&quot;,&quot;shutter_speed&quot;:&quot;0&quot;,&quot;title&quot;:&quot;PNADC&quot;,&quot;orientation&quot;:&quot;1&quot;}\" data-image-title=\"PNADC\" data-image-description=\"\" data-image-caption=\"\" data-medium-file=\"https:\/\/i0.wp.com\/blogdalucianaoliveira.com.br\/blog\/wp-content\/uploads\/2017\/06\/efe.jpg?fit=300%2C250\" data-large-file=\"https:\/\/i0.wp.com\/blogdalucianaoliveira.com.br\/blog\/wp-content\/uploads\/2017\/06\/efe.jpg?fit=600%2C500\" src=\"https:\/\/i0.wp.com\/blogdalucianaoliveira.com.br\/blog\/wp-content\/uploads\/2017\/06\/efe.jpg?resize=600%2C500\" alt=\"PNADC\" width=\"600\" height=\"500\" class=\"alignnone size-full wp-image-11914\" srcset=\"https:\/\/i0.wp.com\/blogdalucianaoliveira.com.br\/blog\/wp-content\/uploads\/2017\/06\/efe.jpg?w=600 600w, https:\/\/i0.wp.com\/blogdalucianaoliveira.com.br\/blog\/wp-content\/uploads\/2017\/06\/efe.jpg?resize=300%2C250 300w, https:\/\/i0.wp.com\/blogdalucianaoliveira.com.br\/blog\/wp-content\/uploads\/2017\/06\/efe.jpg?resize=360%2C300 360w\" sizes=\"auto, (max-width: 600px) 100vw, 600px\" \/><\/p>\n<p>No Cafezinho<\/p>\n<p>Obrigado golpistas! O impeachment realmente trouxe resultados maravilhosos para a economia brasileira!<!--more--><\/p>\n<p>Obrigado Moro e Dallagnol, a atua\u00e7\u00e3o de voc\u00eas, destruindo setores inteiros da economia, nos fez um grande bem!<\/p>\n<p>Obrigado Globo, o golpe que voc\u00eas articularam trouxe enorme al\u00edvio \u00e0 sociedade!<\/p>\n<p>Obrigado Meirelles e Temer: essa \u201cretomada\u201d de voc\u00eas est\u00e1 sendo incr\u00edvel!<\/p>\n<p>Ap\u00f3s o desabafo, vamos aos n\u00fameros.<\/p>\n<p>Segundo dados do IBGE divulgados h\u00e1 pouco, o desemprego no Brasil subiu para 13,3% no trimestre mar\u00e7o\/abril\/maio, aumento de mais de 20% sobre igual per\u00edodo do ano anterior.<\/p>\n<p>Houve um adicional de 2,3 milh\u00f5es de desempregados, que formam hoje um \u201cex\u00e9rcito\u201d de 13,5 milh\u00f5es de pessoas.<\/p>\n<p>H\u00e1 muito tempo que n\u00e3o se via um mercado de trabalho t\u00e3o ruim como hoje, o que \u00e9 resultado, obviamente, da insanidade combinada do cons\u00f3rcio jur\u00eddico de Curitiba, mais perigoso e destrutivo que o Estado Isl\u00e2mico, com um governo profundamente corrupto, ileg\u00edtimo e incompetente.<\/p>\n<p>Al\u00e9m disso, est\u00e1 se vendo uma migra\u00e7\u00e3o em massa de trabalhadores para a informalidade. Trecho do informe do IBGE, divulgado hoje:<\/p>\n<p>(\u2026) n\u00famero de empregados com carteira de trabalho assinada (33,3 milh\u00f5es) caiu em 479 mil pessoas, nessa compara\u00e7\u00e3o, e frente ao mesmo trimestre do ano passado, a redu\u00e7\u00e3o foi de 1,2 milh\u00f5es de pessoas com carteira assinada.<\/p>\n<p>Ali\u00e1s, vale observar que o informe do IBGE est\u00e1 incrivelmente chapa-branca, destoando radicalmente do tom sempre neutro ou cr\u00edtico que apresentou em todos esses anos.<\/p>\n<p>Governo Temer, assim como fez com a TV Brasil, est\u00e1 transformando o IBGE num sem autonomia e confiabilidade? Vai destruir o IBGE tamb\u00e9m?<\/p>\n","protected":false},"excerpt":{"rendered":"<p>No Cafezinho Obrigado golpistas! O impeachment realmente trouxe resultados maravilhosos para a economia brasileira!<\/p>\n","protected":false},"author":1,"featured_media":0,"comment_status":"closed","ping_status":"open","sticky":false,"template":"","format":"standard","meta":{"_exactmetrics_skip_tracking":false,"_exactmetrics_sitenote_active":false,"_exactmetrics_sitenote_note":"","_exactmetrics_sitenote_category":0,"jetpack_post_was_ever_published":false,"_jetpack_newsletter_access":"","_jetpack_dont_email_post_to_subs":false,"_jetpack_newsletter_tier_id":0,"_jetpack_memberships_contains_paywalled_content":false,"_jetpack_memberships_contains_paid_content":false,"footnotes":"","jetpack_publicize_message":"","jetpack_publicize_feature_enabled":true,"jetpack_social_post_already_shared":true,"jetpack_social_options":{"image_generator_settings":{"template":"highway","enabled":false},"version":2}},"categories":[1],"tags":[],"class_list":["post-11913","post","type-post","status-publish","format-standard","hentry","category-notas"],"jetpack_publicize_connections":[],"jetpack_sharing_enabled":true,"jetpack_featured_media_url":"","jetpack_shortlink":"https:\/\/wp.me\/p7wKYW-369","jetpack-related-posts":[],"_links":{"self":[{"href":"http:\/\/blogdalucianaoliveira.com.br\/blog\/wp-json\/wp\/v2\/posts\/11913","targetHints":{"allow":["GET"]}}],"collection":[{"href":"http:\/\/blogdalucianaoliveira.com.br\/blog\/wp-json\/wp\/v2\/posts"}],"about":[{"href":"http:\/\/blogdalucianaoliveira.com.br\/blog\/wp-json\/wp\/v2\/types\/post"}],"author":[{"embeddable":true,"href":"http:\/\/blogdalucianaoliveira.com.br\/blog\/wp-json\/wp\/v2\/users\/1"}],"replies":[{"embeddable":true,"href":"http:\/\/blogdalucianaoliveira.com.br\/blog\/wp-json\/wp\/v2\/comments?post=11913"}],"version-history":[{"count":1,"href":"http:\/\/blogdalucianaoliveira.com.br\/blog\/wp-json\/wp\/v2\/posts\/11913\/revisions"}],"predecessor-version":[{"id":11915,"href":"http:\/\/blogdalucianaoliveira.com.br\/blog\/wp-json\/wp\/v2\/posts\/11913\/revisions\/11915"}],"wp:attachment":[{"href":"http:\/\/blogdalucianaoliveira.com.br\/blog\/wp-json\/wp\/v2\/media?parent=11913"}],"wp:term":[{"taxonomy":"category","embeddable":true,"href":"http:\/\/blogdalucianaoliveira.com.br\/blog\/wp-json\/wp\/v2\/categories?post=11913"},{"taxonomy":"post_tag","embeddable":true,"href":"http:\/\/blogdalucianaoliveira.com.br\/blog\/wp-json\/wp\/v2\/tags?post=11913"}],"curies":[{"name":"wp","href":"https:\/\/api.w.org\/{rel}","templated":true}]}}