{"id":11939,"date":"2017-07-02T07:04:19","date_gmt":"2017-07-02T11:04:19","guid":{"rendered":"http:\/\/blogdalucianaoliveira.com.br\/blog\/?p=11939"},"modified":"2017-07-02T07:04:19","modified_gmt":"2017-07-02T11:04:19","slug":"psiu-nao-durma-sem-poesia","status":"publish","type":"post","link":"http:\/\/blogdalucianaoliveira.com.br\/blog\/2017\/07\/02\/psiu-nao-durma-sem-poesia\/","title":{"rendered":"Psiu! N\u00e3o durma sem poesia"},"content":{"rendered":"<p><img data-recalc-dims=\"1\" loading=\"lazy\" decoding=\"async\" data-attachment-id=\"11940\" data-permalink=\"http:\/\/blogdalucianaoliveira.com.br\/blog\/2017\/07\/02\/psiu-nao-durma-sem-poesia\/fb_img_1498963595873\/\" data-orig-file=\"https:\/\/i0.wp.com\/blogdalucianaoliveira.com.br\/blog\/wp-content\/uploads\/2017\/07\/FB_IMG_1498963595873.jpg?fit=779%2C1127\" data-orig-size=\"779,1127\" data-comments-opened=\"0\" data-image-meta=\"{&quot;aperture&quot;:&quot;0&quot;,&quot;credit&quot;:&quot;&quot;,&quot;camera&quot;:&quot;&quot;,&quot;caption&quot;:&quot;&quot;,&quot;created_timestamp&quot;:&quot;0&quot;,&quot;copyright&quot;:&quot;&quot;,&quot;focal_length&quot;:&quot;0&quot;,&quot;iso&quot;:&quot;0&quot;,&quot;shutter_speed&quot;:&quot;0&quot;,&quot;title&quot;:&quot;&quot;,&quot;orientation&quot;:&quot;0&quot;}\" data-image-title=\"FB_IMG_1498963595873\" data-image-description=\"\" data-image-caption=\"\" data-medium-file=\"https:\/\/i0.wp.com\/blogdalucianaoliveira.com.br\/blog\/wp-content\/uploads\/2017\/07\/FB_IMG_1498963595873.jpg?fit=207%2C300\" data-large-file=\"https:\/\/i0.wp.com\/blogdalucianaoliveira.com.br\/blog\/wp-content\/uploads\/2017\/07\/FB_IMG_1498963595873.jpg?fit=600%2C868\" src=\"https:\/\/i0.wp.com\/blogdalucianaoliveira.com.br\/blog\/wp-content\/uploads\/2017\/07\/FB_IMG_1498963595873.jpg?resize=600%2C868\" alt=\"FB_IMG_1498963595873\" width=\"600\" height=\"868\" class=\"alignnone size-full wp-image-11940\" srcset=\"https:\/\/i0.wp.com\/blogdalucianaoliveira.com.br\/blog\/wp-content\/uploads\/2017\/07\/FB_IMG_1498963595873.jpg?w=779 779w, https:\/\/i0.wp.com\/blogdalucianaoliveira.com.br\/blog\/wp-content\/uploads\/2017\/07\/FB_IMG_1498963595873.jpg?resize=207%2C300 207w, https:\/\/i0.wp.com\/blogdalucianaoliveira.com.br\/blog\/wp-content\/uploads\/2017\/07\/FB_IMG_1498963595873.jpg?resize=768%2C1111 768w, https:\/\/i0.wp.com\/blogdalucianaoliveira.com.br\/blog\/wp-content\/uploads\/2017\/07\/FB_IMG_1498963595873.jpg?resize=708%2C1024 708w\" sizes=\"auto, (max-width: 600px) 100vw, 600px\" \/><\/p>\n<p>Tu queres sono: despe-te dos ru\u00eddos, e<br \/>\ndos restos do dia, tira da tua boca<br \/>\no punhal e o tr\u00e2nsito, sombras de<br \/>\nteus gritos, e roupas, choros, cordas e<br \/>\ntamb\u00e9m as faces que assomam sobre a<br \/>\ntua sonora forma de dar, e os outros corpos<!\nque se deitam e se pisam, e as moscas\nque sobrevoam o cad\u00e1ver do teu pai, e a dor (n\u00e3o ou\u00e7as)\nque se prepara para carpir tua vig\u00edlia, e os cantos que\nesqueceram teus bra\u00e7os e tantos movimentos\nque perdem teus sil\u00eancios, e os ventos altos\nque n\u00e3o dormem, que te olham da janela\ne em tua porta penetram como loucos\npois nada te abandona nem tu ao sono.\n\nAna Cristina C\u00e9sar\n<\/p>\n","protected":false},"excerpt":{"rendered":"<p>Tu queres sono: despe-te dos ru\u00eddos, e dos restos do dia, tira da tua boca o punhal e o tr\u00e2nsito, sombras de teus gritos, e roupas, choros, cordas e tamb\u00e9m as faces que assomam sobre a tua sonora forma de dar, e os outros corpos<\/p>\n","protected":false},"author":1,"featured_media":0,"comment_status":"closed","ping_status":"open","sticky":false,"template":"","format":"standard","meta":{"_exactmetrics_skip_tracking":false,"_exactmetrics_sitenote_active":false,"_exactmetrics_sitenote_note":"","_exactmetrics_sitenote_category":0,"jetpack_post_was_ever_published":false,"_jetpack_newsletter_access":"","_jetpack_dont_email_post_to_subs":false,"_jetpack_newsletter_tier_id":0,"_jetpack_memberships_contains_paywalled_content":false,"_jetpack_memberships_contains_paid_content":false,"footnotes":"","jetpack_publicize_message":"","jetpack_publicize_feature_enabled":true,"jetpack_social_post_already_shared":true,"jetpack_social_options":{"image_generator_settings":{"template":"highway","enabled":false},"version":2}},"categories":[1],"tags":[],"class_list":["post-11939","post","type-post","status-publish","format-standard","hentry","category-notas"],"jetpack_publicize_connections":[],"jetpack_sharing_enabled":true,"jetpack_featured_media_url":"","jetpack_shortlink":"https:\/\/wp.me\/p7wKYW-36z","jetpack-related-posts":[],"_links":{"self":[{"href":"http:\/\/blogdalucianaoliveira.com.br\/blog\/wp-json\/wp\/v2\/posts\/11939","targetHints":{"allow":["GET"]}}],"collection":[{"href":"http:\/\/blogdalucianaoliveira.com.br\/blog\/wp-json\/wp\/v2\/posts"}],"about":[{"href":"http:\/\/blogdalucianaoliveira.com.br\/blog\/wp-json\/wp\/v2\/types\/post"}],"author":[{"embeddable":true,"href":"http:\/\/blogdalucianaoliveira.com.br\/blog\/wp-json\/wp\/v2\/users\/1"}],"replies":[{"embeddable":true,"href":"http:\/\/blogdalucianaoliveira.com.br\/blog\/wp-json\/wp\/v2\/comments?post=11939"}],"version-history":[{"count":1,"href":"http:\/\/blogdalucianaoliveira.com.br\/blog\/wp-json\/wp\/v2\/posts\/11939\/revisions"}],"predecessor-version":[{"id":11941,"href":"http:\/\/blogdalucianaoliveira.com.br\/blog\/wp-json\/wp\/v2\/posts\/11939\/revisions\/11941"}],"wp:attachment":[{"href":"http:\/\/blogdalucianaoliveira.com.br\/blog\/wp-json\/wp\/v2\/media?parent=11939"}],"wp:term":[{"taxonomy":"category","embeddable":true,"href":"http:\/\/blogdalucianaoliveira.com.br\/blog\/wp-json\/wp\/v2\/categories?post=11939"},{"taxonomy":"post_tag","embeddable":true,"href":"http:\/\/blogdalucianaoliveira.com.br\/blog\/wp-json\/wp\/v2\/tags?post=11939"}],"curies":[{"name":"wp","href":"https:\/\/api.w.org\/{rel}","templated":true}]}}