{"id":12002,"date":"2017-07-03T16:14:56","date_gmt":"2017-07-03T20:14:56","guid":{"rendered":"http:\/\/blogdalucianaoliveira.com.br\/blog\/?p=12002"},"modified":"2017-07-03T16:14:56","modified_gmt":"2017-07-03T20:14:56","slug":"geddel-peca-chave-no-golpe-e-preso-pela-pf","status":"publish","type":"post","link":"http:\/\/blogdalucianaoliveira.com.br\/blog\/2017\/07\/03\/geddel-peca-chave-no-golpe-e-preso-pela-pf\/","title":{"rendered":"GEDDEL, PE\u00c7A-CHAVE NO GOLPE, \u00c9 PRESO PELA PF"},"content":{"rendered":"<p><img data-recalc-dims=\"1\" loading=\"lazy\" decoding=\"async\" data-attachment-id=\"12003\" data-permalink=\"http:\/\/blogdalucianaoliveira.com.br\/blog\/2017\/07\/03\/geddel-peca-chave-no-golpe-e-preso-pela-pf\/ge-3\/\" data-orig-file=\"https:\/\/i0.wp.com\/blogdalucianaoliveira.com.br\/blog\/wp-content\/uploads\/2017\/07\/ge.jpeg?fit=1000%2C357\" data-orig-size=\"1000,357\" data-comments-opened=\"0\" data-image-meta=\"{&quot;aperture&quot;:&quot;0&quot;,&quot;credit&quot;:&quot;&quot;,&quot;camera&quot;:&quot;&quot;,&quot;caption&quot;:&quot;&quot;,&quot;created_timestamp&quot;:&quot;0&quot;,&quot;copyright&quot;:&quot;&quot;,&quot;focal_length&quot;:&quot;0&quot;,&quot;iso&quot;:&quot;0&quot;,&quot;shutter_speed&quot;:&quot;0&quot;,&quot;title&quot;:&quot;&quot;,&quot;orientation&quot;:&quot;0&quot;}\" data-image-title=\"ge\" data-image-description=\"\" data-image-caption=\"\" data-medium-file=\"https:\/\/i0.wp.com\/blogdalucianaoliveira.com.br\/blog\/wp-content\/uploads\/2017\/07\/ge.jpeg?fit=300%2C107\" data-large-file=\"https:\/\/i0.wp.com\/blogdalucianaoliveira.com.br\/blog\/wp-content\/uploads\/2017\/07\/ge.jpeg?fit=600%2C214\" src=\"https:\/\/i0.wp.com\/blogdalucianaoliveira.com.br\/blog\/wp-content\/uploads\/2017\/07\/ge.jpeg?resize=600%2C214\" alt=\"ge\" width=\"600\" height=\"214\" class=\"alignnone size-full wp-image-12003\" srcset=\"https:\/\/i0.wp.com\/blogdalucianaoliveira.com.br\/blog\/wp-content\/uploads\/2017\/07\/ge.jpeg?w=1000 1000w, https:\/\/i0.wp.com\/blogdalucianaoliveira.com.br\/blog\/wp-content\/uploads\/2017\/07\/ge.jpeg?resize=300%2C107 300w, https:\/\/i0.wp.com\/blogdalucianaoliveira.com.br\/blog\/wp-content\/uploads\/2017\/07\/ge.jpeg?resize=768%2C274 768w, https:\/\/i0.wp.com\/blogdalucianaoliveira.com.br\/blog\/wp-content\/uploads\/2017\/07\/ge.jpeg?resize=800%2C286 800w\" sizes=\"auto, (max-width: 600px) 100vw, 600px\" \/><\/p>\n<p>Bahia 247 &#8211; O ex-ministro Geddel Vieira Lima, um dos principais assessores de Michel Temer, foi preso nesta segunda-feira 3 pela Pol\u00edcia Federal, na Bahia.<!--more--><\/p>\n<p>Decis\u00e3o \u00e9 do juiz Vallisney de Souza, titular da 10\u00aa Vara Federal de Bras\u00edlia, tomada no \u00e2mbito da Opera\u00e7\u00e3o Cui Bono, deflagrada em janeiro deste ano, e que investiga fraudes em cr\u00e9ditos da Caixa Econ\u00f4mica Federal, onde ele ocupava o cargo de vice-presidente.<\/p>\n<p>De acordo com o Minist\u00e9rio P\u00fablico Federal, Geddel &#8220;valeu-se de seu cargo na Caixa para, de forma orquestrada, beneficiar empresas com libera\u00e7\u00f5es de cr\u00e9ditos dentro de sua \u00e1rea de al\u00e7ada e fornecer informa\u00e7\u00f5es privilegiadas para outros membros da quadrilha composta, ainda, por Eduardo Cunha&#8221; e outros.<\/p>\n<p>O suposto esquema de fraudes na libera\u00e7\u00e3o de cr\u00e9ditos da Caixa ocorreu entre 2011 e 2013. <\/p>\n<p>O mandado contra Geddel \u00e9 de pris\u00e3o preventiva, portanto, n\u00e3o h\u00e1 prazo para a soltura. A pris\u00e3o foi baseada nos depoimentos do operador Lucio Funaro, que tamb\u00e9m atuava na Caixa Econ\u00f4mica, e do empres\u00e1rio da JBS Joesley Batista no \u00e2mbito da Cui Bono.<\/p>\n","protected":false},"excerpt":{"rendered":"<p>Bahia 247 &#8211; O ex-ministro Geddel Vieira Lima, um dos principais assessores de Michel Temer, foi preso nesta segunda-feira 3 pela Pol\u00edcia Federal, na Bahia.<\/p>\n","protected":false},"author":1,"featured_media":0,"comment_status":"closed","ping_status":"open","sticky":false,"template":"","format":"standard","meta":{"_exactmetrics_skip_tracking":false,"_exactmetrics_sitenote_active":false,"_exactmetrics_sitenote_note":"","_exactmetrics_sitenote_category":0,"jetpack_post_was_ever_published":false,"_jetpack_newsletter_access":"","_jetpack_dont_email_post_to_subs":false,"_jetpack_newsletter_tier_id":0,"_jetpack_memberships_contains_paywalled_content":false,"_jetpack_memberships_contains_paid_content":false,"footnotes":"","jetpack_publicize_message":"","jetpack_publicize_feature_enabled":true,"jetpack_social_post_already_shared":true,"jetpack_social_options":{"image_generator_settings":{"template":"highway","enabled":false},"version":2}},"categories":[1],"tags":[],"class_list":["post-12002","post","type-post","status-publish","format-standard","hentry","category-notas"],"jetpack_publicize_connections":[],"jetpack_sharing_enabled":true,"jetpack_featured_media_url":"","jetpack_shortlink":"https:\/\/wp.me\/p7wKYW-37A","jetpack-related-posts":[],"_links":{"self":[{"href":"http:\/\/blogdalucianaoliveira.com.br\/blog\/wp-json\/wp\/v2\/posts\/12002","targetHints":{"allow":["GET"]}}],"collection":[{"href":"http:\/\/blogdalucianaoliveira.com.br\/blog\/wp-json\/wp\/v2\/posts"}],"about":[{"href":"http:\/\/blogdalucianaoliveira.com.br\/blog\/wp-json\/wp\/v2\/types\/post"}],"author":[{"embeddable":true,"href":"http:\/\/blogdalucianaoliveira.com.br\/blog\/wp-json\/wp\/v2\/users\/1"}],"replies":[{"embeddable":true,"href":"http:\/\/blogdalucianaoliveira.com.br\/blog\/wp-json\/wp\/v2\/comments?post=12002"}],"version-history":[{"count":1,"href":"http:\/\/blogdalucianaoliveira.com.br\/blog\/wp-json\/wp\/v2\/posts\/12002\/revisions"}],"predecessor-version":[{"id":12004,"href":"http:\/\/blogdalucianaoliveira.com.br\/blog\/wp-json\/wp\/v2\/posts\/12002\/revisions\/12004"}],"wp:attachment":[{"href":"http:\/\/blogdalucianaoliveira.com.br\/blog\/wp-json\/wp\/v2\/media?parent=12002"}],"wp:term":[{"taxonomy":"category","embeddable":true,"href":"http:\/\/blogdalucianaoliveira.com.br\/blog\/wp-json\/wp\/v2\/categories?post=12002"},{"taxonomy":"post_tag","embeddable":true,"href":"http:\/\/blogdalucianaoliveira.com.br\/blog\/wp-json\/wp\/v2\/tags?post=12002"}],"curies":[{"name":"wp","href":"https:\/\/api.w.org\/{rel}","templated":true}]}}