{"id":12008,"date":"2017-07-03T16:26:58","date_gmt":"2017-07-03T20:26:58","guid":{"rendered":"http:\/\/blogdalucianaoliveira.com.br\/blog\/?p=12008"},"modified":"2017-07-04T08:50:08","modified_gmt":"2017-07-04T12:50:08","slug":"camara-vota-pedido-de-ferias-de-prefeito-tucano-com-6-meses-de-gestao","status":"publish","type":"post","link":"http:\/\/blogdalucianaoliveira.com.br\/blog\/2017\/07\/03\/camara-vota-pedido-de-ferias-de-prefeito-tucano-com-6-meses-de-gestao\/","title":{"rendered":"PREFEITO TIRA LICEN\u00c7A E DEIXA CAPITAL SOB O COMANDO DE VICE CITADO NO ESC\u00c2NDALO DE CORRUP\u00c7\u00c3O DA JBS"},"content":{"rendered":"<p><img data-recalc-dims=\"1\" loading=\"lazy\" decoding=\"async\" data-attachment-id=\"12020\" data-permalink=\"http:\/\/blogdalucianaoliveira.com.br\/blog\/2017\/07\/03\/camara-vota-pedido-de-ferias-de-prefeito-tucano-com-6-meses-de-gestao\/ed\/\" data-orig-file=\"https:\/\/i0.wp.com\/blogdalucianaoliveira.com.br\/blog\/wp-content\/uploads\/2017\/07\/ed.jpg?fit=728%2C410\" data-orig-size=\"728,410\" data-comments-opened=\"0\" data-image-meta=\"{&quot;aperture&quot;:&quot;0&quot;,&quot;credit&quot;:&quot;&quot;,&quot;camera&quot;:&quot;&quot;,&quot;caption&quot;:&quot;&quot;,&quot;created_timestamp&quot;:&quot;0&quot;,&quot;copyright&quot;:&quot;&quot;,&quot;focal_length&quot;:&quot;0&quot;,&quot;iso&quot;:&quot;0&quot;,&quot;shutter_speed&quot;:&quot;0&quot;,&quot;title&quot;:&quot;&quot;,&quot;orientation&quot;:&quot;1&quot;}\" data-image-title=\"ed\" data-image-description=\"\" data-image-caption=\"\" data-medium-file=\"https:\/\/i0.wp.com\/blogdalucianaoliveira.com.br\/blog\/wp-content\/uploads\/2017\/07\/ed.jpg?fit=300%2C169\" data-large-file=\"https:\/\/i0.wp.com\/blogdalucianaoliveira.com.br\/blog\/wp-content\/uploads\/2017\/07\/ed.jpg?fit=600%2C338\" src=\"https:\/\/i0.wp.com\/blogdalucianaoliveira.com.br\/blog\/wp-content\/uploads\/2017\/07\/ed.jpg?resize=600%2C338\" alt=\"ed\" width=\"600\" height=\"338\" class=\"alignnone size-full wp-image-12020\" srcset=\"https:\/\/i0.wp.com\/blogdalucianaoliveira.com.br\/blog\/wp-content\/uploads\/2017\/07\/ed.jpg?w=728 728w, https:\/\/i0.wp.com\/blogdalucianaoliveira.com.br\/blog\/wp-content\/uploads\/2017\/07\/ed.jpg?resize=300%2C169 300w, https:\/\/i0.wp.com\/blogdalucianaoliveira.com.br\/blog\/wp-content\/uploads\/2017\/07\/ed.jpg?resize=533%2C300 533w\" sizes=\"auto, (max-width: 600px) 100vw, 600px\" \/><\/p>\n<p>O pedido de autoriza\u00e7\u00e3o de licen\u00e7a encaminhado pelo prefeito Hildon Chaves (PSDB-RO) foi submetido \u00e0 aprecia\u00e7\u00e3o na C\u00e2mara de Vereadores de Porto Velho nesta segunda-feira (03). O of\u00edcio que encaminhou a solicita\u00e7\u00e3o de afastamento por quase um m\u00eas, veio assinado pelo ex-chefe de gabinete, Breno Mendes, exonerado do cargo no dia 26 de junho.<!--more--><\/p>\n<p><img data-recalc-dims=\"1\" loading=\"lazy\" decoding=\"async\" data-attachment-id=\"12009\" data-permalink=\"http:\/\/blogdalucianaoliveira.com.br\/blog\/2017\/07\/03\/camara-vota-pedido-de-ferias-de-prefeito-tucano-com-6-meses-de-gestao\/20170703_162241\/\" data-orig-file=\"https:\/\/i0.wp.com\/blogdalucianaoliveira.com.br\/blog\/wp-content\/uploads\/2017\/07\/20170703_162241.png?fit=789%2C1080\" data-orig-size=\"789,1080\" data-comments-opened=\"0\" data-image-meta=\"{&quot;aperture&quot;:&quot;0&quot;,&quot;credit&quot;:&quot;&quot;,&quot;camera&quot;:&quot;&quot;,&quot;caption&quot;:&quot;&quot;,&quot;created_timestamp&quot;:&quot;0&quot;,&quot;copyright&quot;:&quot;&quot;,&quot;focal_length&quot;:&quot;0&quot;,&quot;iso&quot;:&quot;0&quot;,&quot;shutter_speed&quot;:&quot;0&quot;,&quot;title&quot;:&quot;&quot;,&quot;orientation&quot;:&quot;0&quot;}\" data-image-title=\"20170703_162241\" data-image-description=\"\" data-image-caption=\"\" data-medium-file=\"https:\/\/i0.wp.com\/blogdalucianaoliveira.com.br\/blog\/wp-content\/uploads\/2017\/07\/20170703_162241.png?fit=219%2C300\" data-large-file=\"https:\/\/i0.wp.com\/blogdalucianaoliveira.com.br\/blog\/wp-content\/uploads\/2017\/07\/20170703_162241.png?fit=600%2C821\" src=\"https:\/\/i0.wp.com\/blogdalucianaoliveira.com.br\/blog\/wp-content\/uploads\/2017\/07\/20170703_162241.png?resize=600%2C821\" alt=\"20170703_162241\" width=\"600\" height=\"821\" class=\"alignnone size-full wp-image-12009\" srcset=\"https:\/\/i0.wp.com\/blogdalucianaoliveira.com.br\/blog\/wp-content\/uploads\/2017\/07\/20170703_162241.png?w=789 789w, https:\/\/i0.wp.com\/blogdalucianaoliveira.com.br\/blog\/wp-content\/uploads\/2017\/07\/20170703_162241.png?resize=219%2C300 219w, https:\/\/i0.wp.com\/blogdalucianaoliveira.com.br\/blog\/wp-content\/uploads\/2017\/07\/20170703_162241.png?resize=768%2C1051 768w, https:\/\/i0.wp.com\/blogdalucianaoliveira.com.br\/blog\/wp-content\/uploads\/2017\/07\/20170703_162241.png?resize=748%2C1024 748w\" sizes=\"auto, (max-width: 600px) 100vw, 600px\" \/><\/p>\n<p>O documento foi mantido em segredo, engavetado, mas a imprensa noticiou que o prefeito deve se afastar para curtir f\u00e9rias com a fam\u00edlia com apenas seis meses de trabalho e com o vice envolvido no maior esc\u00e2ndalo de corrup\u00e7\u00e3o do pa\u00eds.<\/p>\n<p>Foram 15 votos favor\u00e1veis. S\u00f3 dois vereadores votaram contra a autoriza\u00e7\u00e3o: Aleks Palitot e Cristiane Lopes. Ausentes estavam M\u00e1rcio Oliveira, e Pastor Ed\u00e9sio, Luan da TV que estava na casa, sumiu na hora da vota\u00e7\u00e3o.<\/p>\n<p><img data-recalc-dims=\"1\" loading=\"lazy\" decoding=\"async\" data-attachment-id=\"12010\" data-permalink=\"http:\/\/blogdalucianaoliveira.com.br\/blog\/2017\/07\/03\/camara-vota-pedido-de-ferias-de-prefeito-tucano-com-6-meses-de-gestao\/20170703_162216\/\" data-orig-file=\"https:\/\/i0.wp.com\/blogdalucianaoliveira.com.br\/blog\/wp-content\/uploads\/2017\/07\/20170703_162216.jpg?fit=960%2C1280\" data-orig-size=\"960,1280\" data-comments-opened=\"0\" data-image-meta=\"{&quot;aperture&quot;:&quot;0&quot;,&quot;credit&quot;:&quot;&quot;,&quot;camera&quot;:&quot;&quot;,&quot;caption&quot;:&quot;&quot;,&quot;created_timestamp&quot;:&quot;0&quot;,&quot;copyright&quot;:&quot;&quot;,&quot;focal_length&quot;:&quot;0&quot;,&quot;iso&quot;:&quot;0&quot;,&quot;shutter_speed&quot;:&quot;0&quot;,&quot;title&quot;:&quot;&quot;,&quot;orientation&quot;:&quot;0&quot;}\" data-image-title=\"20170703_162216\" data-image-description=\"\" data-image-caption=\"\" data-medium-file=\"https:\/\/i0.wp.com\/blogdalucianaoliveira.com.br\/blog\/wp-content\/uploads\/2017\/07\/20170703_162216.jpg?fit=225%2C300\" data-large-file=\"https:\/\/i0.wp.com\/blogdalucianaoliveira.com.br\/blog\/wp-content\/uploads\/2017\/07\/20170703_162216.jpg?fit=600%2C800\" src=\"https:\/\/i0.wp.com\/blogdalucianaoliveira.com.br\/blog\/wp-content\/uploads\/2017\/07\/20170703_162216.jpg?resize=600%2C800\" alt=\"20170703_162216\" width=\"600\" height=\"800\" class=\"alignnone size-full wp-image-12010\" srcset=\"https:\/\/i0.wp.com\/blogdalucianaoliveira.com.br\/blog\/wp-content\/uploads\/2017\/07\/20170703_162216.jpg?w=960 960w, https:\/\/i0.wp.com\/blogdalucianaoliveira.com.br\/blog\/wp-content\/uploads\/2017\/07\/20170703_162216.jpg?resize=225%2C300 225w, https:\/\/i0.wp.com\/blogdalucianaoliveira.com.br\/blog\/wp-content\/uploads\/2017\/07\/20170703_162216.jpg?resize=768%2C1024 768w\" sizes=\"auto, (max-width: 600px) 100vw, 600px\" \/><\/p>\n<p>O prefeito tucano alega que vai \u201ctratar de assuntos particulares\u201d, deixando o comando da capital, Porto Velho, com o vice Edgar do Boi, citado por Valdir Aparecido Boni nas dela\u00e7\u00f5es da JBS. Ele teria recebido, segundo o depoente, entre 2012 e 2014 cerca de  R$ 2 milh\u00f5es  e, em 2015, mais  R$ 1,8 milh\u00e3o, de propinas em troca de benef\u00edcios fiscais no estado de Rond\u00f4nia. <\/p>\n<p>No dia 20 de maio, Edgar do Boi anunciou seu afastamento nas redes sociais e no mesmo dia o prefeito convocou entrevista coletiva para dizer que partiu dele o pedido.<\/p>\n<p>\u201cFomos surpreendidos com a not\u00edcia e imediatamente, diante dos fatos, solicitei pessoalmente ao vice-prefeito que procedesse ao seu afastamento da prefeitura, o qual aceitou de pronto por entender que este seria o caminho mais certo para se identificar a sua defesa, respeitando o devido processo legal\u201d, afirmou.<\/p>\n<p>Na pr\u00e1tica, comenta-se que o vice nunca esteve afastado das fun\u00e7\u00f5es.<\/p>\n<p>O candidato do PSDB venceu f\u00e1cil a disputa pela prefeitura com um discurso eloquente contra a corrup\u00e7\u00e3o e chegou a dizer num debate que conhece um &#8220;bandido com dois minutos de conversa&#8221;.<\/p>\n<p>A participa\u00e7\u00e3o de Edgar do Boi no esquema criminoso ser\u00e1 investigada, mas, foi gra\u00e7as ao vice que escolheu, que Rond\u00f4nia est\u00e1 no grupo de novos pedidos de abertura de inqu\u00e9ritos feitos pela Procuradoria Geral da Rep\u00fablica \u00e0 inst\u00e2ncias judiciais de v\u00e1rios estados, como o Paran\u00e1, Cear\u00e1, Mato Grosso do Sul, Rio de Janeiro e o Distrito Federal.<\/p>\n<div class=\"jetpack-video-wrapper\"><iframe loading=\"lazy\" title=\"Diretor da JBS denuncia Edgar do Boi\" width=\"600\" height=\"338\" src=\"https:\/\/www.youtube.com\/embed\/6qbS2wgitcM?feature=oembed\" frameborder=\"0\" allow=\"accelerometer; autoplay; clipboard-write; encrypted-media; gyroscope; picture-in-picture; web-share\" referrerpolicy=\"strict-origin-when-cross-origin\" allowfullscreen><\/iframe><\/div>\n<p>O &#8216;Doria&#8217; de Porto Velho, como sugeriu a revista Veja, dizia na campanha que tinha os votos dos &#8220;constrangidos morais&#8221;. <\/p>\n<p>Pelo visto, o prefeito tucano n\u00e3o est\u00e1 constrangido em pedir licen\u00e7a de 25 dias com 6 meses de gest\u00e3o e muito menos em deixar a prefeitura nas m\u00e3os do vice envolvido num esc\u00e2ndalo colossal como o da JBS que gerou pedidos de impeachment contra o presidente da rep\u00fablica.<\/p>\n<p>\u00c9 pouca a vergonha. <\/p>\n","protected":false},"excerpt":{"rendered":"<p>O pedido de autoriza\u00e7\u00e3o de licen\u00e7a encaminhado pelo prefeito Hildon Chaves (PSDB-RO) foi submetido \u00e0 aprecia\u00e7\u00e3o na C\u00e2mara de Vereadores de Porto Velho nesta segunda-feira (03). O of\u00edcio que encaminhou a solicita\u00e7\u00e3o de afastamento por quase um m\u00eas, veio assinado pelo ex-chefe de gabinete, Breno Mendes, exonerado do cargo no dia 26 de junho.<\/p>\n","protected":false},"author":1,"featured_media":12020,"comment_status":"closed","ping_status":"open","sticky":false,"template":"","format":"standard","meta":{"_exactmetrics_skip_tracking":false,"_exactmetrics_sitenote_active":false,"_exactmetrics_sitenote_note":"","_exactmetrics_sitenote_category":0,"jetpack_post_was_ever_published":false,"_jetpack_newsletter_access":"","_jetpack_dont_email_post_to_subs":false,"_jetpack_newsletter_tier_id":0,"_jetpack_memberships_contains_paywalled_content":false,"_jetpack_memberships_contains_paid_content":false,"footnotes":"","jetpack_publicize_message":"","jetpack_publicize_feature_enabled":true,"jetpack_social_post_already_shared":true,"jetpack_social_options":{"image_generator_settings":{"template":"highway","enabled":false},"version":2}},"categories":[1],"tags":[],"class_list":["post-12008","post","type-post","status-publish","format-standard","has-post-thumbnail","hentry","category-notas"],"jetpack_publicize_connections":[],"jetpack_sharing_enabled":true,"jetpack_featured_media_url":"https:\/\/i0.wp.com\/blogdalucianaoliveira.com.br\/blog\/wp-content\/uploads\/2017\/07\/ed.jpg?fit=728%2C410","jetpack_shortlink":"https:\/\/wp.me\/p7wKYW-37G","jetpack-related-posts":[],"_links":{"self":[{"href":"http:\/\/blogdalucianaoliveira.com.br\/blog\/wp-json\/wp\/v2\/posts\/12008","targetHints":{"allow":["GET"]}}],"collection":[{"href":"http:\/\/blogdalucianaoliveira.com.br\/blog\/wp-json\/wp\/v2\/posts"}],"about":[{"href":"http:\/\/blogdalucianaoliveira.com.br\/blog\/wp-json\/wp\/v2\/types\/post"}],"author":[{"embeddable":true,"href":"http:\/\/blogdalucianaoliveira.com.br\/blog\/wp-json\/wp\/v2\/users\/1"}],"replies":[{"embeddable":true,"href":"http:\/\/blogdalucianaoliveira.com.br\/blog\/wp-json\/wp\/v2\/comments?post=12008"}],"version-history":[{"count":13,"href":"http:\/\/blogdalucianaoliveira.com.br\/blog\/wp-json\/wp\/v2\/posts\/12008\/revisions"}],"predecessor-version":[{"id":12029,"href":"http:\/\/blogdalucianaoliveira.com.br\/blog\/wp-json\/wp\/v2\/posts\/12008\/revisions\/12029"}],"wp:featuredmedia":[{"embeddable":true,"href":"http:\/\/blogdalucianaoliveira.com.br\/blog\/wp-json\/wp\/v2\/media\/12020"}],"wp:attachment":[{"href":"http:\/\/blogdalucianaoliveira.com.br\/blog\/wp-json\/wp\/v2\/media?parent=12008"}],"wp:term":[{"taxonomy":"category","embeddable":true,"href":"http:\/\/blogdalucianaoliveira.com.br\/blog\/wp-json\/wp\/v2\/categories?post=12008"},{"taxonomy":"post_tag","embeddable":true,"href":"http:\/\/blogdalucianaoliveira.com.br\/blog\/wp-json\/wp\/v2\/tags?post=12008"}],"curies":[{"name":"wp","href":"https:\/\/api.w.org\/{rel}","templated":true}]}}