{"id":12025,"date":"2017-07-03T19:52:09","date_gmt":"2017-07-03T23:52:09","guid":{"rendered":"http:\/\/blogdalucianaoliveira.com.br\/blog\/?p=12025"},"modified":"2017-07-03T19:54:57","modified_gmt":"2017-07-03T23:54:57","slug":"gente-olha-essa-vergonha","status":"publish","type":"post","link":"http:\/\/blogdalucianaoliveira.com.br\/blog\/2017\/07\/03\/gente-olha-essa-vergonha\/","title":{"rendered":"Gente, olha essa vergonha"},"content":{"rendered":"<p><img data-recalc-dims=\"1\" loading=\"lazy\" decoding=\"async\" data-attachment-id=\"12026\" data-permalink=\"http:\/\/blogdalucianaoliveira.com.br\/blog\/2017\/07\/03\/gente-olha-essa-vergonha\/da\/\" data-orig-file=\"https:\/\/i0.wp.com\/blogdalucianaoliveira.com.br\/blog\/wp-content\/uploads\/2017\/07\/da.jpeg?fit=720%2C531\" data-orig-size=\"720,531\" data-comments-opened=\"0\" data-image-meta=\"{&quot;aperture&quot;:&quot;0&quot;,&quot;credit&quot;:&quot;&quot;,&quot;camera&quot;:&quot;&quot;,&quot;caption&quot;:&quot;&quot;,&quot;created_timestamp&quot;:&quot;0&quot;,&quot;copyright&quot;:&quot;&quot;,&quot;focal_length&quot;:&quot;0&quot;,&quot;iso&quot;:&quot;0&quot;,&quot;shutter_speed&quot;:&quot;0&quot;,&quot;title&quot;:&quot;&quot;,&quot;orientation&quot;:&quot;0&quot;}\" data-image-title=\"da\" data-image-description=\"\" data-image-caption=\"\" data-medium-file=\"https:\/\/i0.wp.com\/blogdalucianaoliveira.com.br\/blog\/wp-content\/uploads\/2017\/07\/da.jpeg?fit=300%2C221\" data-large-file=\"https:\/\/i0.wp.com\/blogdalucianaoliveira.com.br\/blog\/wp-content\/uploads\/2017\/07\/da.jpeg?fit=600%2C443\" src=\"https:\/\/i0.wp.com\/blogdalucianaoliveira.com.br\/blog\/wp-content\/uploads\/2017\/07\/da.jpeg?resize=600%2C443\" alt=\"da\" width=\"600\" height=\"443\" class=\"alignnone size-full wp-image-12026\" srcset=\"https:\/\/i0.wp.com\/blogdalucianaoliveira.com.br\/blog\/wp-content\/uploads\/2017\/07\/da.jpeg?w=720 720w, https:\/\/i0.wp.com\/blogdalucianaoliveira.com.br\/blog\/wp-content\/uploads\/2017\/07\/da.jpeg?resize=300%2C221 300w, https:\/\/i0.wp.com\/blogdalucianaoliveira.com.br\/blog\/wp-content\/uploads\/2017\/07\/da.jpeg?resize=407%2C300 407w\" sizes=\"auto, (max-width: 600px) 100vw, 600px\" \/><\/p>\n<p>A vereadora Ada Dantas, aquela que gravou v\u00eddeo apoio com Bolsonaro na campanha, fez duras criticas aos que est\u00e3o criticando a viagem do prefeito ao votar favoravelmente ao afastamento de 25 dias pra curtir f\u00e9rias, tendo s\u00f3 6 meses de gest\u00e3o.<!--more--><\/p>\n<p>Ela disse que existem pessoas que n\u00e3o est\u00e3o preocupadas com a atua\u00e7\u00e3o do gestor, mas s\u00f3 em &#8220;tacar pedras&#8221;. Para ela, o prefeito precisa descansar da campanha. T\u00e1 no contexto do que disse em plen\u00e1rio. Pol\u00edticos s\u00e3o expostos na grande m\u00eddia e nas redes sociais, o que segundo a vereadora, cansa.<\/p>\n<p>&#8220;Que o prefeito venha recuperado&#8221; das f\u00e9rias com a fam\u00edlia.<\/p>\n<p>\u00d4.. Ada Dantas, se recolha \u00e0 sua atua\u00e7\u00e3o insignificante e n\u00e3o encha o saco de quem exerce a cr\u00edtica com bom senso. Sua justificativa pra votar favor\u00e1vel \u00e0s f\u00e9rias \u00e9 pa-t\u00e9-ti-ca.<\/p>\n<p>J\u00e1 n\u00e3o h\u00e1 quase mulher nos parlamentos e ainda aparece uma desse n\u00edvel pra fazer vergonha.<\/p>\n","protected":false},"excerpt":{"rendered":"<p>A vereadora Ada Dantas, aquela que gravou v\u00eddeo apoio com Bolsonaro na campanha, fez duras criticas aos que est\u00e3o criticando a viagem do prefeito ao votar favoravelmente ao afastamento de 25 dias pra curtir f\u00e9rias, tendo s\u00f3 6 meses de gest\u00e3o.<\/p>\n","protected":false},"author":1,"featured_media":0,"comment_status":"closed","ping_status":"open","sticky":false,"template":"","format":"standard","meta":{"_exactmetrics_skip_tracking":false,"_exactmetrics_sitenote_active":false,"_exactmetrics_sitenote_note":"","_exactmetrics_sitenote_category":0,"jetpack_post_was_ever_published":false,"_jetpack_newsletter_access":"","_jetpack_dont_email_post_to_subs":false,"_jetpack_newsletter_tier_id":0,"_jetpack_memberships_contains_paywalled_content":false,"_jetpack_memberships_contains_paid_content":false,"footnotes":"","jetpack_publicize_message":"","jetpack_publicize_feature_enabled":true,"jetpack_social_post_already_shared":true,"jetpack_social_options":{"image_generator_settings":{"template":"highway","enabled":false},"version":2}},"categories":[1],"tags":[],"class_list":["post-12025","post","type-post","status-publish","format-standard","hentry","category-notas"],"jetpack_publicize_connections":[],"jetpack_sharing_enabled":true,"jetpack_featured_media_url":"","jetpack_shortlink":"https:\/\/wp.me\/p7wKYW-37X","jetpack-related-posts":[],"_links":{"self":[{"href":"http:\/\/blogdalucianaoliveira.com.br\/blog\/wp-json\/wp\/v2\/posts\/12025","targetHints":{"allow":["GET"]}}],"collection":[{"href":"http:\/\/blogdalucianaoliveira.com.br\/blog\/wp-json\/wp\/v2\/posts"}],"about":[{"href":"http:\/\/blogdalucianaoliveira.com.br\/blog\/wp-json\/wp\/v2\/types\/post"}],"author":[{"embeddable":true,"href":"http:\/\/blogdalucianaoliveira.com.br\/blog\/wp-json\/wp\/v2\/users\/1"}],"replies":[{"embeddable":true,"href":"http:\/\/blogdalucianaoliveira.com.br\/blog\/wp-json\/wp\/v2\/comments?post=12025"}],"version-history":[{"count":2,"href":"http:\/\/blogdalucianaoliveira.com.br\/blog\/wp-json\/wp\/v2\/posts\/12025\/revisions"}],"predecessor-version":[{"id":12028,"href":"http:\/\/blogdalucianaoliveira.com.br\/blog\/wp-json\/wp\/v2\/posts\/12025\/revisions\/12028"}],"wp:attachment":[{"href":"http:\/\/blogdalucianaoliveira.com.br\/blog\/wp-json\/wp\/v2\/media?parent=12025"}],"wp:term":[{"taxonomy":"category","embeddable":true,"href":"http:\/\/blogdalucianaoliveira.com.br\/blog\/wp-json\/wp\/v2\/categories?post=12025"},{"taxonomy":"post_tag","embeddable":true,"href":"http:\/\/blogdalucianaoliveira.com.br\/blog\/wp-json\/wp\/v2\/tags?post=12025"}],"curies":[{"name":"wp","href":"https:\/\/api.w.org\/{rel}","templated":true}]}}