{"id":1203,"date":"2016-05-24T11:51:54","date_gmt":"2016-05-24T15:51:54","guid":{"rendered":"http:\/\/blogdalucianaoliveira.com.br\/blog\/?p=1203"},"modified":"2016-05-24T22:41:03","modified_gmt":"2016-05-25T02:41:03","slug":"nova-comissao-nacional-de-blogueiros-e-ativistas-digitais","status":"publish","type":"post","link":"http:\/\/blogdalucianaoliveira.com.br\/blog\/2016\/05\/24\/nova-comissao-nacional-de-blogueiros-e-ativistas-digitais\/","title":{"rendered":"Nova Comiss\u00e3o Nacional de Blogueiros e Ativistas Digitais"},"content":{"rendered":"<p><img data-recalc-dims=\"1\" loading=\"lazy\" decoding=\"async\" data-attachment-id=\"1204\" data-permalink=\"http:\/\/blogdalucianaoliveira.com.br\/blog\/2016\/05\/24\/nova-comissao-nacional-de-blogueiros-e-ativistas-digitais\/image-268\/\" data-orig-file=\"https:\/\/i0.wp.com\/blogdalucianaoliveira.com.br\/blog\/wp-content\/uploads\/2016\/05\/image-234.jpeg?fit=720%2C540\" data-orig-size=\"720,540\" data-comments-opened=\"0\" data-image-meta=\"{&quot;aperture&quot;:&quot;0&quot;,&quot;credit&quot;:&quot;&quot;,&quot;camera&quot;:&quot;&quot;,&quot;caption&quot;:&quot;&quot;,&quot;created_timestamp&quot;:&quot;0&quot;,&quot;copyright&quot;:&quot;&quot;,&quot;focal_length&quot;:&quot;0&quot;,&quot;iso&quot;:&quot;0&quot;,&quot;shutter_speed&quot;:&quot;0&quot;,&quot;title&quot;:&quot;&quot;,&quot;orientation&quot;:&quot;1&quot;}\" data-image-title=\"image\" data-image-description=\"\" data-image-caption=\"\" data-medium-file=\"https:\/\/i0.wp.com\/blogdalucianaoliveira.com.br\/blog\/wp-content\/uploads\/2016\/05\/image-234.jpeg?fit=300%2C225\" data-large-file=\"https:\/\/i0.wp.com\/blogdalucianaoliveira.com.br\/blog\/wp-content\/uploads\/2016\/05\/image-234.jpeg?fit=600%2C450\" src=\"https:\/\/i0.wp.com\/blogdalucianaoliveira.com.br\/blog\/wp-content\/uploads\/2016\/05\/image-234.jpeg?resize=600%2C450\" alt=\"image\" width=\"600\" height=\"450\" class=\"alignnone size-full wp-image-1204\" srcset=\"https:\/\/i0.wp.com\/blogdalucianaoliveira.com.br\/blog\/wp-content\/uploads\/2016\/05\/image-234.jpeg?w=720 720w, https:\/\/i0.wp.com\/blogdalucianaoliveira.com.br\/blog\/wp-content\/uploads\/2016\/05\/image-234.jpeg?resize=300%2C225 300w, https:\/\/i0.wp.com\/blogdalucianaoliveira.com.br\/blog\/wp-content\/uploads\/2016\/05\/image-234.jpeg?resize=400%2C300 400w\" sizes=\"auto, (max-width: 600px) 100vw, 600px\" \/><!--more--><\/p>\n<p>Comiss\u00e3o renovada<\/p>\n<p>O \u00faltimo dia de Encontro tamb\u00e9m contou com a elei\u00e7\u00e3o da nova Comiss\u00e3o Nacional de Blogueiros e Ativistas Digitais. Confira os nomes confirmados para o pr\u00f3ximo per\u00edodo:\u00a0<br \/>\nSUL<br \/>\n1- Rio Grande do Sul &#8211; Tatiane Pires<br \/>\n2- Santa Catarina &#8211; Z\u00e9 Carlos<br \/>\n3- Paran\u00e1 &#8211; Meg Cavalcante<br \/>\nSUDESTE<br \/>\n4- S\u00e3o Paulo &#8211; Cido Ara\u00fajo (Cidoli)<br \/>\n5- Minas Gerais &#8211; Lidyane Ponciano<br \/>\n6- Rio de Janeiro &#8211; Theofilo Rodrigues<br \/>\n7- Espirito Santo Cl\u00e1udio Machado<br \/>\nCENTRO-OESTE<br \/>\n8- Goi\u00e1s &#8211; Narelly Batista<br \/>\n9- Distrito Federal &#8211; D\u00e9bora Cruz<br \/>\nNORDESTE<br \/>\n10- Bahia &#8211; Julieta Palmeira<br \/>\n11- Para\u00edba &#8211; Cei\u00e7a Chaves<br \/>\n12- Pernambuco &#8211; Lissandro Nascimento<br \/>\n13- Sergipe &#8211; Dimas Roque<br \/>\n14- Piau\u00ed &#8211; Ronaldo Alves<br \/>\n15- Maranh\u00e3o &#8211; Pedro Jorge<br \/>\n16- Rio Grande do Norte &#8211; Daniel Dantas Lemos<br \/>\n17- Cear\u00e1 &#8211; Daniel Bezerra<br \/>\nNORTE<br \/>\n18- Rond\u00f4nia &#8211; Luciana Oliveira<br \/>\n19- Amap\u00e1 &#8211; Mars\u00f3lio Lima<br \/>\n20- Par\u00e1 &#8211; Di\u00f3genes Brand\u00e3o<br \/>\n21- Amazonas &#8211; Andr\u00e9 Marc\u00edlio<\/p>\n<p>* Concei\u00e7\u00e3o Lemes &#8211; Blog Viomundo\u2028* Concei\u00e7\u00e3o Oliveira &#8211; Blog Maria Fr\u00f4\u2028* Eduardo Guimar\u00e3es &#8211; Blog da Cidadania\u2028* Paulo Henrique Amorim &#8211; Conversa Afiada\u2028* Rodrigo Vianna &#8211; Blog Escrevinhador\u2028* Renato Rovai &#8211; Revista F\u00f3rum\u2028* Altamiro Borges &#8211; Bar\u00e3o de Itarar\u00e9<\/p>\n","protected":false},"excerpt":{"rendered":"","protected":false},"author":1,"featured_media":0,"comment_status":"closed","ping_status":"open","sticky":false,"template":"","format":"standard","meta":{"_exactmetrics_skip_tracking":false,"_exactmetrics_sitenote_active":false,"_exactmetrics_sitenote_note":"","_exactmetrics_sitenote_category":0,"jetpack_post_was_ever_published":false,"_jetpack_newsletter_access":"","_jetpack_dont_email_post_to_subs":false,"_jetpack_newsletter_tier_id":0,"_jetpack_memberships_contains_paywalled_content":false,"_jetpack_memberships_contains_paid_content":false,"footnotes":"","jetpack_publicize_message":"","jetpack_publicize_feature_enabled":true,"jetpack_social_post_already_shared":true,"jetpack_social_options":{"image_generator_settings":{"template":"highway","enabled":false},"version":2}},"categories":[1],"tags":[63,71,62],"class_list":["post-1203","post","type-post","status-publish","format-standard","hentry","category-notas","tag-ativistas","tag-blogprog","tag-blogueiros"],"jetpack_publicize_connections":[],"jetpack_sharing_enabled":true,"jetpack_featured_media_url":"","jetpack_shortlink":"https:\/\/wp.me\/p7wKYW-jp","jetpack-related-posts":[],"_links":{"self":[{"href":"http:\/\/blogdalucianaoliveira.com.br\/blog\/wp-json\/wp\/v2\/posts\/1203","targetHints":{"allow":["GET"]}}],"collection":[{"href":"http:\/\/blogdalucianaoliveira.com.br\/blog\/wp-json\/wp\/v2\/posts"}],"about":[{"href":"http:\/\/blogdalucianaoliveira.com.br\/blog\/wp-json\/wp\/v2\/types\/post"}],"author":[{"embeddable":true,"href":"http:\/\/blogdalucianaoliveira.com.br\/blog\/wp-json\/wp\/v2\/users\/1"}],"replies":[{"embeddable":true,"href":"http:\/\/blogdalucianaoliveira.com.br\/blog\/wp-json\/wp\/v2\/comments?post=1203"}],"version-history":[{"count":4,"href":"http:\/\/blogdalucianaoliveira.com.br\/blog\/wp-json\/wp\/v2\/posts\/1203\/revisions"}],"predecessor-version":[{"id":1230,"href":"http:\/\/blogdalucianaoliveira.com.br\/blog\/wp-json\/wp\/v2\/posts\/1203\/revisions\/1230"}],"wp:attachment":[{"href":"http:\/\/blogdalucianaoliveira.com.br\/blog\/wp-json\/wp\/v2\/media?parent=1203"}],"wp:term":[{"taxonomy":"category","embeddable":true,"href":"http:\/\/blogdalucianaoliveira.com.br\/blog\/wp-json\/wp\/v2\/categories?post=1203"},{"taxonomy":"post_tag","embeddable":true,"href":"http:\/\/blogdalucianaoliveira.com.br\/blog\/wp-json\/wp\/v2\/tags?post=1203"}],"curies":[{"name":"wp","href":"https:\/\/api.w.org\/{rel}","templated":true}]}}