{"id":12030,"date":"2017-07-04T10:00:58","date_gmt":"2017-07-04T14:00:58","guid":{"rendered":"http:\/\/blogdalucianaoliveira.com.br\/blog\/?p=12030"},"modified":"2017-07-04T10:21:53","modified_gmt":"2017-07-04T14:21:53","slug":"fhc-defende-judiciario-bondoso-com-aecio","status":"publish","type":"post","link":"http:\/\/blogdalucianaoliveira.com.br\/blog\/2017\/07\/04\/fhc-defende-judiciario-bondoso-com-aecio\/","title":{"rendered":"FHC DEFENDE JUDICI\u00c1RIO BONDOSO COM A\u00c9CIO"},"content":{"rendered":"<p><img data-recalc-dims=\"1\" loading=\"lazy\" decoding=\"async\" data-attachment-id=\"12033\" data-permalink=\"http:\/\/blogdalucianaoliveira.com.br\/blog\/2017\/07\/04\/fhc-defende-judiciario-bondoso-com-aecio\/bunda\/\" data-orig-file=\"https:\/\/i0.wp.com\/blogdalucianaoliveira.com.br\/blog\/wp-content\/uploads\/2017\/07\/bunda.jpg?fit=460%2C305\" data-orig-size=\"460,305\" data-comments-opened=\"0\" data-image-meta=\"{&quot;aperture&quot;:&quot;0&quot;,&quot;credit&quot;:&quot;&quot;,&quot;camera&quot;:&quot;&quot;,&quot;caption&quot;:&quot;&quot;,&quot;created_timestamp&quot;:&quot;0&quot;,&quot;copyright&quot;:&quot;Copyright \\u00a9 Ag\\u00eancia Estado. Todos os direitos reservados&quot;,&quot;focal_length&quot;:&quot;0&quot;,&quot;iso&quot;:&quot;0&quot;,&quot;shutter_speed&quot;:&quot;0&quot;,&quot;title&quot;:&quot;&quot;,&quot;orientation&quot;:&quot;0&quot;}\" data-image-title=\"bunda\" data-image-description=\"\" data-image-caption=\"\" data-medium-file=\"https:\/\/i0.wp.com\/blogdalucianaoliveira.com.br\/blog\/wp-content\/uploads\/2017\/07\/bunda.jpg?fit=300%2C199\" data-large-file=\"https:\/\/i0.wp.com\/blogdalucianaoliveira.com.br\/blog\/wp-content\/uploads\/2017\/07\/bunda.jpg?fit=460%2C305\" src=\"https:\/\/i0.wp.com\/blogdalucianaoliveira.com.br\/blog\/wp-content\/uploads\/2017\/07\/bunda.jpg?resize=460%2C305\" alt=\"bunda\" width=\"460\" height=\"305\" class=\"alignnone size-full wp-image-12033\" srcset=\"https:\/\/i0.wp.com\/blogdalucianaoliveira.com.br\/blog\/wp-content\/uploads\/2017\/07\/bunda.jpg?w=460 460w, https:\/\/i0.wp.com\/blogdalucianaoliveira.com.br\/blog\/wp-content\/uploads\/2017\/07\/bunda.jpg?resize=300%2C199 300w, https:\/\/i0.wp.com\/blogdalucianaoliveira.com.br\/blog\/wp-content\/uploads\/2017\/07\/bunda.jpg?resize=452%2C300 452w\" sizes=\"auto, (max-width: 460px) 100vw, 460px\" \/><\/p>\n<p>247 &#8211; Em v\u00eddeo no Facebook, o ex-presidente Fernando Henrique Cardoso defendeu o Poder Judici\u00e1rio como \u00fanico ente capaz de &#8220;salvar o Brasil&#8221;. Elogio do tucano vem quatro dias ap\u00f3s o ministro Marco Aur\u00e9lio Mello, do Supremo Tribunal Federal, devolver o mandato de seu correligion\u00e1rio A\u00e9cio Neves (PSDB) no Senado e rejeitar o pedido de sua pris\u00e3o por obstru\u00e7\u00e3o da justi\u00e7a.<!--more--><\/p>\n<p>&#8220;Nem sempre uma decis\u00e3o do Judici\u00e1rio me agrada ou agrada que est\u00e1 me ouvindo. Agora, ou n\u00f3s aceitamos que h\u00e1 regras e h\u00e1 o Judici\u00e1rio ou, ent\u00e3o, quem \u00e9 que vai p\u00f4r ordem na casa?&#8221;, questionou Fernando Henrique.<\/p>\n<p>O ex-presidente tucano disse ainda que &#8220;algumas decis\u00f5es judiciais nos deixam perplexos&#8221;, mas defendeu o dever de &#8220;aceitar as regras&#8221; institucionais. &#8220;Ent\u00e3o, isso nos coloca, como estamos hoje, em uma certa perplexidade. N\u00f3s, \u00e0s vezes, achamos que a Justi\u00e7a errou. Pode ser que tenha errado, mas n\u00f3s temos que obedecer&#8221;.<\/p>\n<p>De acordo com FHC, quando o juiz \u00e9 &#8220;consciencioso&#8221;, leva em considera\u00e7\u00e3o o apelo popular ao interpretar o texto da lei. Ele ressalva que, neste contexto, o magistrado n\u00e3o pode atuar contra fatos nem contra leis.<\/p>\n<p>&#8220;Em toda democracia, n\u00f3s temos que acreditar que as institui\u00e7\u00f5es est\u00e3o funcionando. N\u00f3s temos que fazer com que elas funcionem (&#8230;) E a Justi\u00e7a tem regras, tem prazos, princ\u00edpios. Ela se presta a interpreta\u00e7\u00f5es. Portanto, n\u00e3o podemos pensar que a Justi\u00e7a vai funcionar nem como cada um de n\u00f3s quer nem de uma maneira autom\u00e1tica, matem\u00e1tica. Ela tem a\u00ed uma certa margem de manobra&#8221;, disse o tucano.<\/p>\n<p><iframe loading=\"lazy\" src=\"https:\/\/www.facebook.com\/plugins\/video.php?href=https%3A%2F%2Fwww.facebook.com%2Fpresidentefhc%2Fvideos%2F1518008918258399%2F&#038;show_text=0&#038;width=560\" width=\"560\" height=\"315\" style=\"border:none;overflow:hidden\" scrolling=\"no\" frameborder=\"0\" allowTransparency=\"true\" allowFullScreen=\"true\"><\/iframe><\/p>\n","protected":false},"excerpt":{"rendered":"<p>247 &#8211; Em v\u00eddeo no Facebook, o ex-presidente Fernando Henrique Cardoso defendeu o Poder Judici\u00e1rio como \u00fanico ente capaz de &#8220;salvar o Brasil&#8221;. Elogio do tucano vem quatro dias ap\u00f3s o ministro Marco Aur\u00e9lio Mello, do Supremo Tribunal Federal, devolver o mandato de seu correligion\u00e1rio A\u00e9cio Neves (PSDB) no Senado e rejeitar o pedido de&#8230;<a class=\"more-link\" href=\"http:\/\/blogdalucianaoliveira.com.br\/blog\/2017\/07\/04\/fhc-defende-judiciario-bondoso-com-aecio\/\">Continue a leitura <span class=\"meta-nav\">&raquo;<\/span><\/a><\/p>\n","protected":false},"author":1,"featured_media":12033,"comment_status":"closed","ping_status":"open","sticky":false,"template":"","format":"standard","meta":{"_exactmetrics_skip_tracking":false,"_exactmetrics_sitenote_active":false,"_exactmetrics_sitenote_note":"","_exactmetrics_sitenote_category":0,"jetpack_post_was_ever_published":false,"_jetpack_newsletter_access":"","_jetpack_dont_email_post_to_subs":false,"_jetpack_newsletter_tier_id":0,"_jetpack_memberships_contains_paywalled_content":false,"_jetpack_memberships_contains_paid_content":false,"footnotes":"","jetpack_publicize_message":"","jetpack_publicize_feature_enabled":true,"jetpack_social_post_already_shared":true,"jetpack_social_options":{"image_generator_settings":{"template":"highway","enabled":false},"version":2}},"categories":[1],"tags":[],"class_list":["post-12030","post","type-post","status-publish","format-standard","has-post-thumbnail","hentry","category-notas"],"jetpack_publicize_connections":[],"jetpack_sharing_enabled":true,"jetpack_featured_media_url":"https:\/\/i0.wp.com\/blogdalucianaoliveira.com.br\/blog\/wp-content\/uploads\/2017\/07\/bunda.jpg?fit=460%2C305","jetpack_shortlink":"https:\/\/wp.me\/p7wKYW-382","jetpack-related-posts":[],"_links":{"self":[{"href":"http:\/\/blogdalucianaoliveira.com.br\/blog\/wp-json\/wp\/v2\/posts\/12030","targetHints":{"allow":["GET"]}}],"collection":[{"href":"http:\/\/blogdalucianaoliveira.com.br\/blog\/wp-json\/wp\/v2\/posts"}],"about":[{"href":"http:\/\/blogdalucianaoliveira.com.br\/blog\/wp-json\/wp\/v2\/types\/post"}],"author":[{"embeddable":true,"href":"http:\/\/blogdalucianaoliveira.com.br\/blog\/wp-json\/wp\/v2\/users\/1"}],"replies":[{"embeddable":true,"href":"http:\/\/blogdalucianaoliveira.com.br\/blog\/wp-json\/wp\/v2\/comments?post=12030"}],"version-history":[{"count":3,"href":"http:\/\/blogdalucianaoliveira.com.br\/blog\/wp-json\/wp\/v2\/posts\/12030\/revisions"}],"predecessor-version":[{"id":12034,"href":"http:\/\/blogdalucianaoliveira.com.br\/blog\/wp-json\/wp\/v2\/posts\/12030\/revisions\/12034"}],"wp:featuredmedia":[{"embeddable":true,"href":"http:\/\/blogdalucianaoliveira.com.br\/blog\/wp-json\/wp\/v2\/media\/12033"}],"wp:attachment":[{"href":"http:\/\/blogdalucianaoliveira.com.br\/blog\/wp-json\/wp\/v2\/media?parent=12030"}],"wp:term":[{"taxonomy":"category","embeddable":true,"href":"http:\/\/blogdalucianaoliveira.com.br\/blog\/wp-json\/wp\/v2\/categories?post=12030"},{"taxonomy":"post_tag","embeddable":true,"href":"http:\/\/blogdalucianaoliveira.com.br\/blog\/wp-json\/wp\/v2\/tags?post=12030"}],"curies":[{"name":"wp","href":"https:\/\/api.w.org\/{rel}","templated":true}]}}