{"id":12035,"date":"2017-07-04T10:26:39","date_gmt":"2017-07-04T14:26:39","guid":{"rendered":"http:\/\/blogdalucianaoliveira.com.br\/blog\/?p=12035"},"modified":"2017-07-04T10:26:39","modified_gmt":"2017-07-04T14:26:39","slug":"convite-a-protesto-contra-aumento-de-tarifa-de-onibus","status":"publish","type":"post","link":"http:\/\/blogdalucianaoliveira.com.br\/blog\/2017\/07\/04\/convite-a-protesto-contra-aumento-de-tarifa-de-onibus\/","title":{"rendered":"CONVITE A PROTESTO CONTRA AUMENTO DE TARIFA DE \u00d4NIBUS"},"content":{"rendered":"<p><img data-recalc-dims=\"1\" loading=\"lazy\" decoding=\"async\" data-attachment-id=\"12036\" data-permalink=\"http:\/\/blogdalucianaoliveira.com.br\/blog\/2017\/07\/04\/convite-a-protesto-contra-aumento-de-tarifa-de-onibus\/pas\/\" data-orig-file=\"https:\/\/i0.wp.com\/blogdalucianaoliveira.com.br\/blog\/wp-content\/uploads\/2017\/07\/pas.jpg?fit=609%2C609\" data-orig-size=\"609,609\" data-comments-opened=\"0\" data-image-meta=\"{&quot;aperture&quot;:&quot;0&quot;,&quot;credit&quot;:&quot;&quot;,&quot;camera&quot;:&quot;&quot;,&quot;caption&quot;:&quot;&quot;,&quot;created_timestamp&quot;:&quot;0&quot;,&quot;copyright&quot;:&quot;&quot;,&quot;focal_length&quot;:&quot;0&quot;,&quot;iso&quot;:&quot;0&quot;,&quot;shutter_speed&quot;:&quot;0&quot;,&quot;title&quot;:&quot;&quot;,&quot;orientation&quot;:&quot;0&quot;}\" data-image-title=\"pas\" data-image-description=\"\" data-image-caption=\"\" data-medium-file=\"https:\/\/i0.wp.com\/blogdalucianaoliveira.com.br\/blog\/wp-content\/uploads\/2017\/07\/pas.jpg?fit=300%2C300\" data-large-file=\"https:\/\/i0.wp.com\/blogdalucianaoliveira.com.br\/blog\/wp-content\/uploads\/2017\/07\/pas.jpg?fit=600%2C600\" src=\"https:\/\/i0.wp.com\/blogdalucianaoliveira.com.br\/blog\/wp-content\/uploads\/2017\/07\/pas.jpg?resize=600%2C600\" alt=\"pas\" width=\"600\" height=\"600\" class=\"alignnone size-full wp-image-12036\" srcset=\"https:\/\/i0.wp.com\/blogdalucianaoliveira.com.br\/blog\/wp-content\/uploads\/2017\/07\/pas.jpg?w=609 609w, https:\/\/i0.wp.com\/blogdalucianaoliveira.com.br\/blog\/wp-content\/uploads\/2017\/07\/pas.jpg?resize=150%2C150 150w, https:\/\/i0.wp.com\/blogdalucianaoliveira.com.br\/blog\/wp-content\/uploads\/2017\/07\/pas.jpg?resize=300%2C300 300w\" sizes=\"auto, (max-width: 600px) 100vw, 600px\" \/><\/p>\n<p>Corre de boca em boca que \u00e9 pouco tempo pra muito desgosto com a gest\u00e3o tucana na capital.<!--more--><\/p>\n<p>O prefeito arruma as malas para tirar f\u00e9rias por 25 dias e n\u00e3o sem fechar o primeiro semestre com mais uma not\u00edcia ruim para os contribuintes.<\/p>\n<p>A passagem de \u00f4nibus vai subir de 3 para 3,80.<\/p>\n<p>O secret\u00e1rio da Semtran, Marden Negr\u00e3o, aquele que usa carro oficial at\u00e9 pra passear com a fam\u00edlia no feriado, alegou a &#8220;quest\u00e3o econ\u00f4mica do pa\u00eds, pois tivemos um aumento de diesel e reajuste de sal\u00e1rio do funcion\u00e1rio&#8221;.<\/p>\n<p>A Coordena\u00e7\u00e3o do Grito dos Exclu\u00eddos convoca reuni\u00e3o para debater e organizar movimento em protesto.<\/p>\n<p>Participe!<\/p>\n<p>Prefeito empres\u00e1rio persegue lucro\/receita, n\u00e3o justi\u00e7a e bem estar social. Essa conversa de melhoria no transporte coletivo \u00e9 pra boi dormir e os portovelhenses conhecem bem.<\/p>\n","protected":false},"excerpt":{"rendered":"<p>Corre de boca em boca que \u00e9 pouco tempo pra muito desgosto com a gest\u00e3o tucana na capital.<\/p>\n","protected":false},"author":1,"featured_media":0,"comment_status":"closed","ping_status":"open","sticky":false,"template":"","format":"standard","meta":{"_exactmetrics_skip_tracking":false,"_exactmetrics_sitenote_active":false,"_exactmetrics_sitenote_note":"","_exactmetrics_sitenote_category":0,"jetpack_post_was_ever_published":false,"_jetpack_newsletter_access":"","_jetpack_dont_email_post_to_subs":false,"_jetpack_newsletter_tier_id":0,"_jetpack_memberships_contains_paywalled_content":false,"_jetpack_memberships_contains_paid_content":false,"footnotes":"","jetpack_publicize_message":"","jetpack_publicize_feature_enabled":true,"jetpack_social_post_already_shared":true,"jetpack_social_options":{"image_generator_settings":{"template":"highway","enabled":false},"version":2}},"categories":[1],"tags":[],"class_list":["post-12035","post","type-post","status-publish","format-standard","hentry","category-notas"],"jetpack_publicize_connections":[],"jetpack_sharing_enabled":true,"jetpack_featured_media_url":"","jetpack_shortlink":"https:\/\/wp.me\/p7wKYW-387","jetpack-related-posts":[],"_links":{"self":[{"href":"http:\/\/blogdalucianaoliveira.com.br\/blog\/wp-json\/wp\/v2\/posts\/12035","targetHints":{"allow":["GET"]}}],"collection":[{"href":"http:\/\/blogdalucianaoliveira.com.br\/blog\/wp-json\/wp\/v2\/posts"}],"about":[{"href":"http:\/\/blogdalucianaoliveira.com.br\/blog\/wp-json\/wp\/v2\/types\/post"}],"author":[{"embeddable":true,"href":"http:\/\/blogdalucianaoliveira.com.br\/blog\/wp-json\/wp\/v2\/users\/1"}],"replies":[{"embeddable":true,"href":"http:\/\/blogdalucianaoliveira.com.br\/blog\/wp-json\/wp\/v2\/comments?post=12035"}],"version-history":[{"count":1,"href":"http:\/\/blogdalucianaoliveira.com.br\/blog\/wp-json\/wp\/v2\/posts\/12035\/revisions"}],"predecessor-version":[{"id":12037,"href":"http:\/\/blogdalucianaoliveira.com.br\/blog\/wp-json\/wp\/v2\/posts\/12035\/revisions\/12037"}],"wp:attachment":[{"href":"http:\/\/blogdalucianaoliveira.com.br\/blog\/wp-json\/wp\/v2\/media?parent=12035"}],"wp:term":[{"taxonomy":"category","embeddable":true,"href":"http:\/\/blogdalucianaoliveira.com.br\/blog\/wp-json\/wp\/v2\/categories?post=12035"},{"taxonomy":"post_tag","embeddable":true,"href":"http:\/\/blogdalucianaoliveira.com.br\/blog\/wp-json\/wp\/v2\/tags?post=12035"}],"curies":[{"name":"wp","href":"https:\/\/api.w.org\/{rel}","templated":true}]}}