{"id":12038,"date":"2017-07-04T10:36:02","date_gmt":"2017-07-04T14:36:02","guid":{"rendered":"http:\/\/blogdalucianaoliveira.com.br\/blog\/?p=12038"},"modified":"2017-07-04T10:36:02","modified_gmt":"2017-07-04T14:36:02","slug":"declaracao-de-amor-de-desaparecido-politico-e-descoberta-em-centro-de-tortura","status":"publish","type":"post","link":"http:\/\/blogdalucianaoliveira.com.br\/blog\/2017\/07\/04\/declaracao-de-amor-de-desaparecido-politico-e-descoberta-em-centro-de-tortura\/","title":{"rendered":"Declara\u00e7\u00e3o de amor de desaparecido pol\u00edtico \u00e9 descoberta em centro de tortura"},"content":{"rendered":"<p><img data-recalc-dims=\"1\" loading=\"lazy\" decoding=\"async\" data-attachment-id=\"12039\" data-permalink=\"http:\/\/blogdalucianaoliveira.com.br\/blog\/2017\/07\/04\/declaracao-de-amor-de-desaparecido-politico-e-descoberta-em-centro-de-tortura\/esma\/\" data-orig-file=\"https:\/\/i0.wp.com\/blogdalucianaoliveira.com.br\/blog\/wp-content\/uploads\/2017\/07\/esma.jpg?fit=640%2C422\" data-orig-size=\"640,422\" data-comments-opened=\"0\" data-image-meta=\"{&quot;aperture&quot;:&quot;0&quot;,&quot;credit&quot;:&quot;&quot;,&quot;camera&quot;:&quot;&quot;,&quot;caption&quot;:&quot;&quot;,&quot;created_timestamp&quot;:&quot;0&quot;,&quot;copyright&quot;:&quot;&quot;,&quot;focal_length&quot;:&quot;0&quot;,&quot;iso&quot;:&quot;0&quot;,&quot;shutter_speed&quot;:&quot;0&quot;,&quot;title&quot;:&quot;&quot;,&quot;orientation&quot;:&quot;0&quot;}\" data-image-title=\"esma\" data-image-description=\"\" data-image-caption=\"\" data-medium-file=\"https:\/\/i0.wp.com\/blogdalucianaoliveira.com.br\/blog\/wp-content\/uploads\/2017\/07\/esma.jpg?fit=300%2C198\" data-large-file=\"https:\/\/i0.wp.com\/blogdalucianaoliveira.com.br\/blog\/wp-content\/uploads\/2017\/07\/esma.jpg?fit=600%2C396\" src=\"https:\/\/i0.wp.com\/blogdalucianaoliveira.com.br\/blog\/wp-content\/uploads\/2017\/07\/esma.jpg?resize=600%2C396\" alt=\"esma\" width=\"600\" height=\"396\" class=\"alignnone size-full wp-image-12039\" srcset=\"https:\/\/i0.wp.com\/blogdalucianaoliveira.com.br\/blog\/wp-content\/uploads\/2017\/07\/esma.jpg?w=640 640w, https:\/\/i0.wp.com\/blogdalucianaoliveira.com.br\/blog\/wp-content\/uploads\/2017\/07\/esma.jpg?resize=300%2C198 300w, https:\/\/i0.wp.com\/blogdalucianaoliveira.com.br\/blog\/wp-content\/uploads\/2017\/07\/esma.jpg?resize=455%2C300 455w\" sizes=\"auto, (max-width: 600px) 100vw, 600px\" \/><\/p>\n<p>Ap\u00f3s 40 anos, inscri\u00e7\u00e3o &#8216;H.A. M\u00f3nica te amo&#8217; foi encontrada por investigadores em parede da antiga sede da ESMA<!--more--><\/p>\n<p>No Brasil de Fato<\/p>\n<p>Uma declara\u00e7\u00e3o de amor foi encontrada recentemente em um dos por\u00f5es de tortura da ditadura argentina. Uma equipe de investiga\u00e7\u00e3o encontrou em uma das paredes do pr\u00e9dio onde funcionava a ESMA (Escola Superior de Mec\u00e2nica da Armada), o maior centro de deten\u00e7\u00e3o e tortura da ditadura que governou a Argentina entre 1976 e 1983, as palavras &#8220;H.A. M\u00f3nica te amo&#8221;.<\/p>\n<p>A equipe, que trabalha em conjunto com o juiz federal S\u00e9rgio Torres, encarregado do caso ESMA, acredita que as palavras foram escritas por Hern\u00e1n Abriata, integrante da JUP (Juventude Universit\u00e1ria Peronista) sequestrado pela pol\u00edcia em 1976, aos 24 anos, e desaparecido h\u00e1 40. Seria uma declara\u00e7\u00e3o de amor a M\u00f3nica Dittmar, sua ent\u00e3o companheira. De acordo com as investiga\u00e7\u00f5es, Abriata teria ficado preso no por\u00e3o onde a declara\u00e7\u00e3o foi encontrada.<\/p>\n<p>Carlos Loza, integrante da AEDD (Associa\u00e7\u00e3o de Ex-Detidos e Desaparecidos), que esteve preso na ESMA durante a ditadura, fez parte da equipe de investiga\u00e7\u00e3o e, acompanhado de Dittmar, p\u00f4de analisar o escrito de Abriata. Segundo Loza, \u201c\u00e9 poss\u00edvel ver a mensagem se iluminada com material luminoso, ao contr\u00e1rio, \u00e9 muito dif\u00edcil de enxerg\u00e1-la\u201d. <\/p>\n<p>Segundo a AEED, organiza\u00e7\u00e3o de direitos humanos que \u00e9 parte acusadora no processo que investiga os crimes contra a humanidade perpetrados na ESMA, Abriata teria ficado preso no s\u00f3t\u00e3o e no por\u00e3o, e passado pelas \u201ccapucha\u201d, as salas de tortura que ganharam esse apelido em refer\u00eancia ao capuz usado pelos torturados.<\/p>\n<p>Loza ainda afirmou que existem outras mensagens al\u00e9m da escrita por Abriata e que agora ser\u00e1 avaliado como elas podem ser incorporadas ao processo. Dittmar, a destinat\u00e1ria da mensagem, p\u00f4de olhar de perto as palavras e reconheceu a caligrafia de Abriata. \u201cMonica nos acompanhou e p\u00f4de reconhecer nessa mensagem a letra de seu companheiro, que tinha um tra\u00e7o firme e geom\u00e9trico. Foi uma experi\u00eancia muito emocionante para ela\u201d, disse Loza.<\/p>\n<p>Segundo levantamentos de organiza\u00e7\u00f5es humanit\u00e1rias, mais de 5 mil dos 30 mil desaparecidos durante a ditadura argentina passaram pela sede da ESMA, conhecida por muitos como &#8220;a Auschwitz argentina&#8221;.<\/p>\n<p>Edi\u00e7\u00e3o: Opera Mundi<\/p>\n","protected":false},"excerpt":{"rendered":"<p>Ap\u00f3s 40 anos, inscri\u00e7\u00e3o &#8216;H.A. M\u00f3nica te amo&#8217; foi encontrada por investigadores em parede da antiga sede da ESMA<\/p>\n","protected":false},"author":1,"featured_media":0,"comment_status":"closed","ping_status":"open","sticky":false,"template":"","format":"standard","meta":{"_exactmetrics_skip_tracking":false,"_exactmetrics_sitenote_active":false,"_exactmetrics_sitenote_note":"","_exactmetrics_sitenote_category":0,"jetpack_post_was_ever_published":false,"_jetpack_newsletter_access":"","_jetpack_dont_email_post_to_subs":false,"_jetpack_newsletter_tier_id":0,"_jetpack_memberships_contains_paywalled_content":false,"_jetpack_memberships_contains_paid_content":false,"footnotes":"","jetpack_publicize_message":"","jetpack_publicize_feature_enabled":true,"jetpack_social_post_already_shared":true,"jetpack_social_options":{"image_generator_settings":{"template":"highway","enabled":false},"version":2}},"categories":[1],"tags":[],"class_list":["post-12038","post","type-post","status-publish","format-standard","hentry","category-notas"],"jetpack_publicize_connections":[],"jetpack_sharing_enabled":true,"jetpack_featured_media_url":"","jetpack_shortlink":"https:\/\/wp.me\/p7wKYW-38a","jetpack-related-posts":[],"_links":{"self":[{"href":"http:\/\/blogdalucianaoliveira.com.br\/blog\/wp-json\/wp\/v2\/posts\/12038","targetHints":{"allow":["GET"]}}],"collection":[{"href":"http:\/\/blogdalucianaoliveira.com.br\/blog\/wp-json\/wp\/v2\/posts"}],"about":[{"href":"http:\/\/blogdalucianaoliveira.com.br\/blog\/wp-json\/wp\/v2\/types\/post"}],"author":[{"embeddable":true,"href":"http:\/\/blogdalucianaoliveira.com.br\/blog\/wp-json\/wp\/v2\/users\/1"}],"replies":[{"embeddable":true,"href":"http:\/\/blogdalucianaoliveira.com.br\/blog\/wp-json\/wp\/v2\/comments?post=12038"}],"version-history":[{"count":1,"href":"http:\/\/blogdalucianaoliveira.com.br\/blog\/wp-json\/wp\/v2\/posts\/12038\/revisions"}],"predecessor-version":[{"id":12040,"href":"http:\/\/blogdalucianaoliveira.com.br\/blog\/wp-json\/wp\/v2\/posts\/12038\/revisions\/12040"}],"wp:attachment":[{"href":"http:\/\/blogdalucianaoliveira.com.br\/blog\/wp-json\/wp\/v2\/media?parent=12038"}],"wp:term":[{"taxonomy":"category","embeddable":true,"href":"http:\/\/blogdalucianaoliveira.com.br\/blog\/wp-json\/wp\/v2\/categories?post=12038"},{"taxonomy":"post_tag","embeddable":true,"href":"http:\/\/blogdalucianaoliveira.com.br\/blog\/wp-json\/wp\/v2\/tags?post=12038"}],"curies":[{"name":"wp","href":"https:\/\/api.w.org\/{rel}","templated":true}]}}