{"id":1208,"date":"2016-05-24T14:09:46","date_gmt":"2016-05-24T18:09:46","guid":{"rendered":"http:\/\/blogdalucianaoliveira.com.br\/blog\/?p=1208"},"modified":"2016-05-24T14:09:46","modified_gmt":"2016-05-24T18:09:46","slug":"desenho-da-fala-da-deputada-mariana-carvalho-sobre-a-ausencia-de-mulheres-nos-ministerios","status":"publish","type":"post","link":"http:\/\/blogdalucianaoliveira.com.br\/blog\/2016\/05\/24\/desenho-da-fala-da-deputada-mariana-carvalho-sobre-a-ausencia-de-mulheres-nos-ministerios\/","title":{"rendered":"Desenho da fala da deputada Mariana Carvalho sobre a aus\u00eancia de mulheres nos minist\u00e9rios"},"content":{"rendered":"<p><img data-recalc-dims=\"1\" loading=\"lazy\" decoding=\"async\" data-attachment-id=\"1209\" data-permalink=\"http:\/\/blogdalucianaoliveira.com.br\/blog\/2016\/05\/24\/desenho-da-fala-da-deputada-mariana-carvalho-sobre-a-ausencia-de-mulheres-nos-ministerios\/image-269\/\" data-orig-file=\"https:\/\/i0.wp.com\/blogdalucianaoliveira.com.br\/blog\/wp-content\/uploads\/2016\/05\/image-235.jpeg?fit=900%2C891\" data-orig-size=\"900,891\" data-comments-opened=\"0\" data-image-meta=\"{&quot;aperture&quot;:&quot;0&quot;,&quot;credit&quot;:&quot;&quot;,&quot;camera&quot;:&quot;&quot;,&quot;caption&quot;:&quot;&quot;,&quot;created_timestamp&quot;:&quot;0&quot;,&quot;copyright&quot;:&quot;&quot;,&quot;focal_length&quot;:&quot;0&quot;,&quot;iso&quot;:&quot;0&quot;,&quot;shutter_speed&quot;:&quot;0&quot;,&quot;title&quot;:&quot;&quot;,&quot;orientation&quot;:&quot;1&quot;}\" data-image-title=\"image\" data-image-description=\"\" data-image-caption=\"\" data-medium-file=\"https:\/\/i0.wp.com\/blogdalucianaoliveira.com.br\/blog\/wp-content\/uploads\/2016\/05\/image-235.jpeg?fit=300%2C297\" data-large-file=\"https:\/\/i0.wp.com\/blogdalucianaoliveira.com.br\/blog\/wp-content\/uploads\/2016\/05\/image-235.jpeg?fit=600%2C594\" src=\"https:\/\/i0.wp.com\/blogdalucianaoliveira.com.br\/blog\/wp-content\/uploads\/2016\/05\/image-235.jpeg?resize=600%2C594\" alt=\"image\" width=\"600\" height=\"594\" class=\"alignnone size-full wp-image-1209\" srcset=\"https:\/\/i0.wp.com\/blogdalucianaoliveira.com.br\/blog\/wp-content\/uploads\/2016\/05\/image-235.jpeg?w=900 900w, https:\/\/i0.wp.com\/blogdalucianaoliveira.com.br\/blog\/wp-content\/uploads\/2016\/05\/image-235.jpeg?resize=150%2C150 150w, https:\/\/i0.wp.com\/blogdalucianaoliveira.com.br\/blog\/wp-content\/uploads\/2016\/05\/image-235.jpeg?resize=300%2C297 300w, https:\/\/i0.wp.com\/blogdalucianaoliveira.com.br\/blog\/wp-content\/uploads\/2016\/05\/image-235.jpeg?resize=768%2C760 768w, https:\/\/i0.wp.com\/blogdalucianaoliveira.com.br\/blog\/wp-content\/uploads\/2016\/05\/image-235.jpeg?resize=303%2C300 303w\" sizes=\"auto, (max-width: 600px) 100vw, 600px\" \/><\/p>\n<p>&#8220;A mulher precisa ser contemplada pela sua compet\u00eancia, sua qualidade, e n\u00e3o pelo fato simples de ser mulher&#8221;. <!--more--><\/p>\n<p>Ou seja, n\u00e3o tem uma mulher no Brasil que possua tais predicados pra ter a honra de ser nomeada num minist\u00e9rio. <\/p>\n<p>Como disse a advogada Ana Paula Perciano ao saber que a deputada pode vir a concorrer nas elei\u00e7\u00f5es municipais, &#8220;a deputada \u00e9 que n\u00e3o tem compet\u00eancia pra ser prefeita de um munic\u00edpio que \u00e9 a Capital do Estado.&#8221;<\/p>\n","protected":false},"excerpt":{"rendered":"<p>&#8220;A mulher precisa ser contemplada pela sua compet\u00eancia, sua qualidade, e n\u00e3o pelo fato simples de ser mulher&#8221;.<\/p>\n","protected":false},"author":1,"featured_media":0,"comment_status":"closed","ping_status":"open","sticky":false,"template":"","format":"standard","meta":{"_exactmetrics_skip_tracking":false,"_exactmetrics_sitenote_active":false,"_exactmetrics_sitenote_note":"","_exactmetrics_sitenote_category":0,"jetpack_post_was_ever_published":false,"_jetpack_newsletter_access":"","_jetpack_dont_email_post_to_subs":false,"_jetpack_newsletter_tier_id":0,"_jetpack_memberships_contains_paywalled_content":false,"_jetpack_memberships_contains_paid_content":false,"footnotes":"","jetpack_publicize_message":"","jetpack_publicize_feature_enabled":true,"jetpack_social_post_already_shared":true,"jetpack_social_options":{"image_generator_settings":{"template":"highway","enabled":false},"version":2}},"categories":[1],"tags":[25,72,46],"class_list":["post-1208","post","type-post","status-publish","format-standard","hentry","category-notas","tag-mariana-carvalho","tag-ministerio","tag-mulheres"],"jetpack_publicize_connections":[],"jetpack_sharing_enabled":true,"jetpack_featured_media_url":"","jetpack_shortlink":"https:\/\/wp.me\/p7wKYW-ju","jetpack-related-posts":[],"_links":{"self":[{"href":"http:\/\/blogdalucianaoliveira.com.br\/blog\/wp-json\/wp\/v2\/posts\/1208","targetHints":{"allow":["GET"]}}],"collection":[{"href":"http:\/\/blogdalucianaoliveira.com.br\/blog\/wp-json\/wp\/v2\/posts"}],"about":[{"href":"http:\/\/blogdalucianaoliveira.com.br\/blog\/wp-json\/wp\/v2\/types\/post"}],"author":[{"embeddable":true,"href":"http:\/\/blogdalucianaoliveira.com.br\/blog\/wp-json\/wp\/v2\/users\/1"}],"replies":[{"embeddable":true,"href":"http:\/\/blogdalucianaoliveira.com.br\/blog\/wp-json\/wp\/v2\/comments?post=1208"}],"version-history":[{"count":1,"href":"http:\/\/blogdalucianaoliveira.com.br\/blog\/wp-json\/wp\/v2\/posts\/1208\/revisions"}],"predecessor-version":[{"id":1210,"href":"http:\/\/blogdalucianaoliveira.com.br\/blog\/wp-json\/wp\/v2\/posts\/1208\/revisions\/1210"}],"wp:attachment":[{"href":"http:\/\/blogdalucianaoliveira.com.br\/blog\/wp-json\/wp\/v2\/media?parent=1208"}],"wp:term":[{"taxonomy":"category","embeddable":true,"href":"http:\/\/blogdalucianaoliveira.com.br\/blog\/wp-json\/wp\/v2\/categories?post=1208"},{"taxonomy":"post_tag","embeddable":true,"href":"http:\/\/blogdalucianaoliveira.com.br\/blog\/wp-json\/wp\/v2\/tags?post=1208"}],"curies":[{"name":"wp","href":"https:\/\/api.w.org\/{rel}","templated":true}]}}