{"id":1225,"date":"2016-05-24T19:23:35","date_gmt":"2016-05-24T23:23:35","guid":{"rendered":"http:\/\/blogdalucianaoliveira.com.br\/blog\/?p=1225"},"modified":"2016-05-24T19:23:35","modified_gmt":"2016-05-24T23:23:35","slug":"apos-o-nao-de-5-mulheres-advogado-assume-minc-quem-chama-o-jota-de-ji-e-ele-de-le-o-esse-de-si-e-o-erre-de-re-nao-entendeu-seu-discurso","status":"publish","type":"post","link":"http:\/\/blogdalucianaoliveira.com.br\/blog\/2016\/05\/24\/apos-o-nao-de-5-mulheres-advogado-assume-minc-quem-chama-o-jota-de-ji-e-ele-de-le-o-esse-de-si-e-o-erre-de-re-nao-entendeu-seu-discurso\/","title":{"rendered":"Ap\u00f3s o n\u00e3o de 5 mulheres, advogado assume MinC. Quem chama o jota de ji, e \u00e9le de l\u00ea, o \u00e9sse de si e o \u00e9rre de r\u00ea, n\u00e3o entendeu seu discurso"},"content":{"rendered":"<p><img data-recalc-dims=\"1\" loading=\"lazy\" decoding=\"async\" data-attachment-id=\"1226\" data-permalink=\"http:\/\/blogdalucianaoliveira.com.br\/blog\/2016\/05\/24\/apos-o-nao-de-5-mulheres-advogado-assume-minc-quem-chama-o-jota-de-ji-e-ele-de-le-o-esse-de-si-e-o-erre-de-re-nao-entendeu-seu-discurso\/image-273\/\" data-orig-file=\"https:\/\/i0.wp.com\/blogdalucianaoliveira.com.br\/blog\/wp-content\/uploads\/2016\/05\/image-239.jpeg?fit=529%2C278\" data-orig-size=\"529,278\" data-comments-opened=\"0\" data-image-meta=\"{&quot;aperture&quot;:&quot;0&quot;,&quot;credit&quot;:&quot;&quot;,&quot;camera&quot;:&quot;&quot;,&quot;caption&quot;:&quot;&quot;,&quot;created_timestamp&quot;:&quot;0&quot;,&quot;copyright&quot;:&quot;&quot;,&quot;focal_length&quot;:&quot;0&quot;,&quot;iso&quot;:&quot;0&quot;,&quot;shutter_speed&quot;:&quot;0&quot;,&quot;title&quot;:&quot;&quot;,&quot;orientation&quot;:&quot;0&quot;}\" data-image-title=\"image\" data-image-description=\"\" data-image-caption=\"\" data-medium-file=\"https:\/\/i0.wp.com\/blogdalucianaoliveira.com.br\/blog\/wp-content\/uploads\/2016\/05\/image-239.jpeg?fit=300%2C158\" data-large-file=\"https:\/\/i0.wp.com\/blogdalucianaoliveira.com.br\/blog\/wp-content\/uploads\/2016\/05\/image-239.jpeg?fit=529%2C278\" src=\"https:\/\/i0.wp.com\/blogdalucianaoliveira.com.br\/blog\/wp-content\/uploads\/2016\/05\/image-239.jpeg?resize=529%2C278\" alt=\"image\" width=\"529\" height=\"278\" class=\"alignnone size-full wp-image-1226\" srcset=\"https:\/\/i0.wp.com\/blogdalucianaoliveira.com.br\/blog\/wp-content\/uploads\/2016\/05\/image-239.jpeg?w=529 529w, https:\/\/i0.wp.com\/blogdalucianaoliveira.com.br\/blog\/wp-content\/uploads\/2016\/05\/image-239.jpeg?resize=300%2C158 300w\" sizes=\"auto, (max-width: 529px) 100vw, 529px\" \/><\/p>\n<p>Esse Ministro da Cultura, embora tenha uma certa experi\u00eancia na \u00e1rea, n\u00e3o parece familiarizado com a diversidade da linguagem cultural brasileira. <!--more--><\/p>\n<p>Disse o advogado com experi\u00eancia diplom\u00e1tica:<\/p>\n<p>&#8220;Os artistas s\u00e3o trabalhadores que tecem os fios que desenvolvem a economia de nosso pa\u00eds e nos sistemas como nacionalidade.&#8221;<\/p>\n<p>????????<\/p>\n<p>\u00c9 o tipo de fala que s\u00f3 uma parcela da sociedade compreende, a parcela que anda feito pombo, com o peito estufado e o bico empinado pensando em quem gostaria de soltar um coc\u00f4zinho. <\/p>\n<p>Ariano bem que podia cutucar o p\u00e9 dele de madrugada e sussurrar no seu ouvido: &#8220;Arte pra mim n\u00e3o \u00e9 produto de mercado. Pode me chamar de rom\u00e2ntico. Arte pra mim \u00e9 miss\u00e3o, voca\u00e7\u00e3o e festa. <\/p>\n","protected":false},"excerpt":{"rendered":"<p>Esse Ministro da Cultura, embora tenha uma certa experi\u00eancia na \u00e1rea, n\u00e3o parece familiarizado com a diversidade da linguagem cultural brasileira.<\/p>\n","protected":false},"author":1,"featured_media":0,"comment_status":"closed","ping_status":"open","sticky":false,"template":"","format":"standard","meta":{"_exactmetrics_skip_tracking":false,"_exactmetrics_sitenote_active":false,"_exactmetrics_sitenote_note":"","_exactmetrics_sitenote_category":0,"jetpack_post_was_ever_published":false,"_jetpack_newsletter_access":"","_jetpack_dont_email_post_to_subs":false,"_jetpack_newsletter_tier_id":0,"_jetpack_memberships_contains_paywalled_content":false,"_jetpack_memberships_contains_paid_content":false,"footnotes":"","jetpack_publicize_message":"","jetpack_publicize_feature_enabled":true,"jetpack_social_post_already_shared":true,"jetpack_social_options":{"image_generator_settings":{"template":"highway","enabled":false},"version":2}},"categories":[1],"tags":[76,77,75],"class_list":["post-1225","post","type-post","status-publish","format-standard","hentry","category-notas","tag-calero","tag-cultura","tag-minc"],"jetpack_publicize_connections":[],"jetpack_sharing_enabled":true,"jetpack_featured_media_url":"","jetpack_shortlink":"https:\/\/wp.me\/p7wKYW-jL","jetpack-related-posts":[],"_links":{"self":[{"href":"http:\/\/blogdalucianaoliveira.com.br\/blog\/wp-json\/wp\/v2\/posts\/1225","targetHints":{"allow":["GET"]}}],"collection":[{"href":"http:\/\/blogdalucianaoliveira.com.br\/blog\/wp-json\/wp\/v2\/posts"}],"about":[{"href":"http:\/\/blogdalucianaoliveira.com.br\/blog\/wp-json\/wp\/v2\/types\/post"}],"author":[{"embeddable":true,"href":"http:\/\/blogdalucianaoliveira.com.br\/blog\/wp-json\/wp\/v2\/users\/1"}],"replies":[{"embeddable":true,"href":"http:\/\/blogdalucianaoliveira.com.br\/blog\/wp-json\/wp\/v2\/comments?post=1225"}],"version-history":[{"count":2,"href":"http:\/\/blogdalucianaoliveira.com.br\/blog\/wp-json\/wp\/v2\/posts\/1225\/revisions"}],"predecessor-version":[{"id":1229,"href":"http:\/\/blogdalucianaoliveira.com.br\/blog\/wp-json\/wp\/v2\/posts\/1225\/revisions\/1229"}],"wp:attachment":[{"href":"http:\/\/blogdalucianaoliveira.com.br\/blog\/wp-json\/wp\/v2\/media?parent=1225"}],"wp:term":[{"taxonomy":"category","embeddable":true,"href":"http:\/\/blogdalucianaoliveira.com.br\/blog\/wp-json\/wp\/v2\/categories?post=1225"},{"taxonomy":"post_tag","embeddable":true,"href":"http:\/\/blogdalucianaoliveira.com.br\/blog\/wp-json\/wp\/v2\/tags?post=1225"}],"curies":[{"name":"wp","href":"https:\/\/api.w.org\/{rel}","templated":true}]}}