{"id":12305,"date":"2017-07-14T09:14:22","date_gmt":"2017-07-14T13:14:22","guid":{"rendered":"http:\/\/blogdalucianaoliveira.com.br\/blog\/?p=12305"},"modified":"2017-07-14T09:14:22","modified_gmt":"2017-07-14T13:14:22","slug":"economia-desaba-em-maio-e-prova-que-temer-aprofunda-a-depressao","status":"publish","type":"post","link":"http:\/\/blogdalucianaoliveira.com.br\/blog\/2017\/07\/14\/economia-desaba-em-maio-e-prova-que-temer-aprofunda-a-depressao\/","title":{"rendered":"ECONOMIA DESABA EM MAIO E PROVA QUE TEMER APROFUNDA A DEPRESS\u00c3O"},"content":{"rendered":"<p><img data-recalc-dims=\"1\" loading=\"lazy\" decoding=\"async\" data-attachment-id=\"12306\" data-permalink=\"http:\/\/blogdalucianaoliveira.com.br\/blog\/2017\/07\/14\/economia-desaba-em-maio-e-prova-que-temer-aprofunda-a-depressao\/img_0925\/\" data-orig-file=\"https:\/\/i0.wp.com\/blogdalucianaoliveira.com.br\/blog\/wp-content\/uploads\/2017\/07\/IMG_0925.jpg?fit=480%2C240\" data-orig-size=\"480,240\" data-comments-opened=\"0\" data-image-meta=\"{&quot;aperture&quot;:&quot;0&quot;,&quot;credit&quot;:&quot;&quot;,&quot;camera&quot;:&quot;&quot;,&quot;caption&quot;:&quot;&quot;,&quot;created_timestamp&quot;:&quot;0&quot;,&quot;copyright&quot;:&quot;&quot;,&quot;focal_length&quot;:&quot;0&quot;,&quot;iso&quot;:&quot;0&quot;,&quot;shutter_speed&quot;:&quot;0&quot;,&quot;title&quot;:&quot;&quot;,&quot;orientation&quot;:&quot;0&quot;}\" data-image-title=\"IMG_0925\" data-image-description=\"\" data-image-caption=\"\" data-medium-file=\"https:\/\/i0.wp.com\/blogdalucianaoliveira.com.br\/blog\/wp-content\/uploads\/2017\/07\/IMG_0925.jpg?fit=300%2C150\" data-large-file=\"https:\/\/i0.wp.com\/blogdalucianaoliveira.com.br\/blog\/wp-content\/uploads\/2017\/07\/IMG_0925.jpg?fit=480%2C240\" src=\"https:\/\/i0.wp.com\/blogdalucianaoliveira.com.br\/blog\/wp-content\/uploads\/2017\/07\/IMG_0925.jpg?resize=480%2C240\" alt=\"IMG_0925\" width=\"480\" height=\"240\" class=\"alignnone size-full wp-image-12306\" srcset=\"https:\/\/i0.wp.com\/blogdalucianaoliveira.com.br\/blog\/wp-content\/uploads\/2017\/07\/IMG_0925.jpg?w=480 480w, https:\/\/i0.wp.com\/blogdalucianaoliveira.com.br\/blog\/wp-content\/uploads\/2017\/07\/IMG_0925.jpg?resize=300%2C150 300w\" sizes=\"auto, (max-width: 480px) 100vw, 480px\" \/><\/p>\n<p>247 \u2013 Os economistas ter\u00e3o que rever suas proje\u00e7\u00f5es. Dados do Banco Central, divulgados nesta manh\u00e3, apontam que a economia afundou 0,5% em maio, quando a aposta era de crescimento na mesma propor\u00e7\u00e3o. Ou seja: o golpe, que come\u00e7ou a ser preparado em 2015, e j\u00e1 retirou cerca de 10% do PIB nacional, continua destruindo riquezas no Brasil.<!--more--><\/p>\n<p>Abaixo, reportagem da Reuters:<\/p>\n<p>S\u00c3O PAULO (Reuters) &#8211; O \u00cdndice de Atividade Econ\u00f4mica do Banco Central (IBC-Br), esp\u00e9cie de sinalizador do Produto Interno Bruto (PIB), caiu 0,51 por cento em maio na compara\u00e7\u00e3o com abril, informou o BC nesta sexta-feira.<\/p>\n<p>A leitura frustrou a expectativa de crescimento de 0,5 por cento no m\u00eas na mediana das proje\u00e7\u00f5es em pesquisa Reuters com analistas.<\/p>\n<p>Leia tamb\u00e9m reportagem sobre o resultado frustrante do setor de servi\u00e7os:<\/p>\n<p>S\u00c3O PAULO (Reuters) &#8211; O setor de servi\u00e7os brasileiro reduziu com for\u00e7a o ritmo de crescimento em maio, ficando praticamente est\u00e1vel e abaixo do esperado, em meio \u00e0 intensa crise pol\u00edtica que afeta o governo do presidente Michel Temer.<\/p>\n<p>O volume de servi\u00e7os registrou alta de 0,1 por cento em maio sobre o m\u00eas anterior, informou o Instituto Brasileiro de Geografia e Estat\u00edstica (IBGE) nesta quinta-feira, ap\u00f3s ter avan\u00e7ado 1 por cento em abril. A expectativa em pesquisa da Reuters era de alta de 0,5 por cento.<\/p>\n<p>Sobre maio de 2016, o volume de servi\u00e7os teve queda de 1,9 por cento, contra expectativa de baixa de 1,6 por cento. Entretanto, essa foi o menor recuo desde abril de 2015.<\/p>\n<p>Segundo o IBGE, o destaque no m\u00eas foram Outros Servi\u00e7os, com aumento de 6,2 por cento, seguidos pela alta de 2,4 por cento de Servi\u00e7os profissionais, administrativos e complementares.<\/p>\n<p>Na outra ponta, os setores de Servi\u00e7os de informa\u00e7\u00e3o e comunica\u00e7\u00e3o e o de Transportes, servi\u00e7os auxiliares dos transportes e correio, terminaram maio com quedas respectivamente de 0,3 e 0,2 por cento.<\/p>\n<p>J\u00e1 o agregado especial das atividades tur\u00edsticas teve retra\u00e7\u00e3o de 2,6 por cento na compara\u00e7\u00e3o mensal, segunda queda seguida.<\/p>\n<p>O setor de servi\u00e7os est\u00e1 sofrendo com a elevada taxa de desemprego, que afeta diretamente a renda da popula\u00e7\u00e3o, mesmo com o cen\u00e1rio de infla\u00e7\u00e3o cada vez mais fraca e juros em queda. <\/p>\n<p>O cen\u00e1rio macroec\u00f4nomico tamb\u00e9m foi afetado, a partir de meados de maio, pela forte crise pol\u00edtica desencadeada ap\u00f3s dela\u00e7\u00f5es de executivos do grupo J&#038;F que levaram \u00e0 den\u00fancia por crime de corrup\u00e7\u00e3o passiva contra Temer.<\/p>\n<p>O indicador de confian\u00e7a do setor de servi\u00e7os apurado pela Funda\u00e7\u00e3o Getulio Vargas (FGV) mostrou em junho a maior queda em um ano e nove meses, indicando que a atividade do setor permanecer\u00e1 fraca.<\/p>\n","protected":false},"excerpt":{"rendered":"<p>247 \u2013 Os economistas ter\u00e3o que rever suas proje\u00e7\u00f5es. Dados do Banco Central, divulgados nesta manh\u00e3, apontam que a economia afundou 0,5% em maio, quando a aposta era de crescimento na mesma propor\u00e7\u00e3o. Ou seja: o golpe, que come\u00e7ou a ser preparado em 2015, e j\u00e1 retirou cerca de 10% do PIB nacional, continua destruindo&#8230;<a class=\"more-link\" href=\"http:\/\/blogdalucianaoliveira.com.br\/blog\/2017\/07\/14\/economia-desaba-em-maio-e-prova-que-temer-aprofunda-a-depressao\/\">Continue a leitura <span class=\"meta-nav\">&raquo;<\/span><\/a><\/p>\n","protected":false},"author":1,"featured_media":0,"comment_status":"closed","ping_status":"open","sticky":false,"template":"","format":"standard","meta":{"_exactmetrics_skip_tracking":false,"_exactmetrics_sitenote_active":false,"_exactmetrics_sitenote_note":"","_exactmetrics_sitenote_category":0,"jetpack_post_was_ever_published":false,"_jetpack_newsletter_access":"","_jetpack_dont_email_post_to_subs":false,"_jetpack_newsletter_tier_id":0,"_jetpack_memberships_contains_paywalled_content":false,"_jetpack_memberships_contains_paid_content":false,"footnotes":"","jetpack_publicize_message":"","jetpack_publicize_feature_enabled":true,"jetpack_social_post_already_shared":true,"jetpack_social_options":{"image_generator_settings":{"template":"highway","enabled":false},"version":2}},"categories":[1],"tags":[],"class_list":["post-12305","post","type-post","status-publish","format-standard","hentry","category-notas"],"jetpack_publicize_connections":[],"jetpack_sharing_enabled":true,"jetpack_featured_media_url":"","jetpack_shortlink":"https:\/\/wp.me\/p7wKYW-3ct","jetpack-related-posts":[],"_links":{"self":[{"href":"http:\/\/blogdalucianaoliveira.com.br\/blog\/wp-json\/wp\/v2\/posts\/12305","targetHints":{"allow":["GET"]}}],"collection":[{"href":"http:\/\/blogdalucianaoliveira.com.br\/blog\/wp-json\/wp\/v2\/posts"}],"about":[{"href":"http:\/\/blogdalucianaoliveira.com.br\/blog\/wp-json\/wp\/v2\/types\/post"}],"author":[{"embeddable":true,"href":"http:\/\/blogdalucianaoliveira.com.br\/blog\/wp-json\/wp\/v2\/users\/1"}],"replies":[{"embeddable":true,"href":"http:\/\/blogdalucianaoliveira.com.br\/blog\/wp-json\/wp\/v2\/comments?post=12305"}],"version-history":[{"count":1,"href":"http:\/\/blogdalucianaoliveira.com.br\/blog\/wp-json\/wp\/v2\/posts\/12305\/revisions"}],"predecessor-version":[{"id":12307,"href":"http:\/\/blogdalucianaoliveira.com.br\/blog\/wp-json\/wp\/v2\/posts\/12305\/revisions\/12307"}],"wp:attachment":[{"href":"http:\/\/blogdalucianaoliveira.com.br\/blog\/wp-json\/wp\/v2\/media?parent=12305"}],"wp:term":[{"taxonomy":"category","embeddable":true,"href":"http:\/\/blogdalucianaoliveira.com.br\/blog\/wp-json\/wp\/v2\/categories?post=12305"},{"taxonomy":"post_tag","embeddable":true,"href":"http:\/\/blogdalucianaoliveira.com.br\/blog\/wp-json\/wp\/v2\/tags?post=12305"}],"curies":[{"name":"wp","href":"https:\/\/api.w.org\/{rel}","templated":true}]}}