{"id":12322,"date":"2017-07-14T16:49:41","date_gmt":"2017-07-14T20:49:41","guid":{"rendered":"http:\/\/blogdalucianaoliveira.com.br\/blog\/?p=12322"},"modified":"2017-07-14T16:49:41","modified_gmt":"2017-07-14T20:49:41","slug":"merval-psdb-vai-morrer-afogado-junto-com-temer","status":"publish","type":"post","link":"http:\/\/blogdalucianaoliveira.com.br\/blog\/2017\/07\/14\/merval-psdb-vai-morrer-afogado-junto-com-temer\/","title":{"rendered":"MERVAL: PSDB VAI MORRER AFOGADO JUNTO COM TEMER"},"content":{"rendered":"<p><img data-recalc-dims=\"1\" loading=\"lazy\" decoding=\"async\" data-attachment-id=\"12323\" data-permalink=\"http:\/\/blogdalucianaoliveira.com.br\/blog\/2017\/07\/14\/merval-psdb-vai-morrer-afogado-junto-com-temer\/psd\/\" data-orig-file=\"https:\/\/i0.wp.com\/blogdalucianaoliveira.com.br\/blog\/wp-content\/uploads\/2017\/07\/psd.jpg?fit=1000%2C357\" data-orig-size=\"1000,357\" data-comments-opened=\"0\" data-image-meta=\"{&quot;aperture&quot;:&quot;0&quot;,&quot;credit&quot;:&quot;&quot;,&quot;camera&quot;:&quot;&quot;,&quot;caption&quot;:&quot;&quot;,&quot;created_timestamp&quot;:&quot;0&quot;,&quot;copyright&quot;:&quot;&quot;,&quot;focal_length&quot;:&quot;0&quot;,&quot;iso&quot;:&quot;0&quot;,&quot;shutter_speed&quot;:&quot;0&quot;,&quot;title&quot;:&quot;&quot;,&quot;orientation&quot;:&quot;0&quot;}\" data-image-title=\"psd\" data-image-description=\"\" data-image-caption=\"\" data-medium-file=\"https:\/\/i0.wp.com\/blogdalucianaoliveira.com.br\/blog\/wp-content\/uploads\/2017\/07\/psd.jpg?fit=300%2C107\" data-large-file=\"https:\/\/i0.wp.com\/blogdalucianaoliveira.com.br\/blog\/wp-content\/uploads\/2017\/07\/psd.jpg?fit=600%2C214\" src=\"https:\/\/i0.wp.com\/blogdalucianaoliveira.com.br\/blog\/wp-content\/uploads\/2017\/07\/psd.jpg?resize=600%2C214\" alt=\"psd\" width=\"600\" height=\"214\" class=\"alignnone size-full wp-image-12323\" srcset=\"https:\/\/i0.wp.com\/blogdalucianaoliveira.com.br\/blog\/wp-content\/uploads\/2017\/07\/psd.jpg?w=1000 1000w, https:\/\/i0.wp.com\/blogdalucianaoliveira.com.br\/blog\/wp-content\/uploads\/2017\/07\/psd.jpg?resize=300%2C107 300w, https:\/\/i0.wp.com\/blogdalucianaoliveira.com.br\/blog\/wp-content\/uploads\/2017\/07\/psd.jpg?resize=768%2C274 768w, https:\/\/i0.wp.com\/blogdalucianaoliveira.com.br\/blog\/wp-content\/uploads\/2017\/07\/psd.jpg?resize=800%2C286 800w\" sizes=\"auto, (max-width: 600px) 100vw, 600px\" \/><\/p>\n<p>247 &#8211; Para o jornalista Merval Pereira, o PSDB deve morrer afogado junto com Michel Temer.<\/p>\n<p>&#8220;Com a indecis\u00e3o de sair ou n\u00e3o do governo, o PSDB est\u00e1 correndo o risco de ser humilhado por Michel Temer e ser retirado do governo em troca de cargos para os partidos aliados. Corre o risco tamb\u00e9m de um dia abrir o olho e acordar fora do governo por vontade do Temer&#8221;, disse Merval em coment\u00e1rio na r\u00e1dio CBN.<!--more--><\/p>\n<p>&#8220;Ap\u00e1tico, o partido perdeu o &#8216;timing&#8217; de sair do governo e pode morrer afogado com o Temer e ainda pior, pode ficar na humilhante situa\u00e7\u00e3o de ser rejeitado pelo governo Temer&#8221;, acrescenta.<\/p>\n<p>&#8220;Com tudo isso, o partido perde o significado, a identidade e a raz\u00e3o de ser. Qual \u00e9 o projeto do partido hoje? Ficar no governo? Ter um bom candidato para 2018? Desta maneira, n\u00e3o vai conseguir nada&#8221;, completa.<\/p>\n","protected":false},"excerpt":{"rendered":"<p>247 &#8211; Para o jornalista Merval Pereira, o PSDB deve morrer afogado junto com Michel Temer. &#8220;Com a indecis\u00e3o de sair ou n\u00e3o do governo, o PSDB est\u00e1 correndo o risco de ser humilhado por Michel Temer e ser retirado do governo em troca de cargos para os partidos aliados. Corre o risco tamb\u00e9m de&#8230;<a class=\"more-link\" href=\"http:\/\/blogdalucianaoliveira.com.br\/blog\/2017\/07\/14\/merval-psdb-vai-morrer-afogado-junto-com-temer\/\">Continue a leitura <span class=\"meta-nav\">&raquo;<\/span><\/a><\/p>\n","protected":false},"author":1,"featured_media":0,"comment_status":"closed","ping_status":"open","sticky":false,"template":"","format":"standard","meta":{"_exactmetrics_skip_tracking":false,"_exactmetrics_sitenote_active":false,"_exactmetrics_sitenote_note":"","_exactmetrics_sitenote_category":0,"jetpack_post_was_ever_published":false,"_jetpack_newsletter_access":"","_jetpack_dont_email_post_to_subs":false,"_jetpack_newsletter_tier_id":0,"_jetpack_memberships_contains_paywalled_content":false,"_jetpack_memberships_contains_paid_content":false,"footnotes":"","jetpack_publicize_message":"","jetpack_publicize_feature_enabled":true,"jetpack_social_post_already_shared":true,"jetpack_social_options":{"image_generator_settings":{"template":"highway","enabled":false},"version":2}},"categories":[1],"tags":[],"class_list":["post-12322","post","type-post","status-publish","format-standard","hentry","category-notas"],"jetpack_publicize_connections":[],"jetpack_sharing_enabled":true,"jetpack_featured_media_url":"","jetpack_shortlink":"https:\/\/wp.me\/p7wKYW-3cK","jetpack-related-posts":[],"_links":{"self":[{"href":"http:\/\/blogdalucianaoliveira.com.br\/blog\/wp-json\/wp\/v2\/posts\/12322","targetHints":{"allow":["GET"]}}],"collection":[{"href":"http:\/\/blogdalucianaoliveira.com.br\/blog\/wp-json\/wp\/v2\/posts"}],"about":[{"href":"http:\/\/blogdalucianaoliveira.com.br\/blog\/wp-json\/wp\/v2\/types\/post"}],"author":[{"embeddable":true,"href":"http:\/\/blogdalucianaoliveira.com.br\/blog\/wp-json\/wp\/v2\/users\/1"}],"replies":[{"embeddable":true,"href":"http:\/\/blogdalucianaoliveira.com.br\/blog\/wp-json\/wp\/v2\/comments?post=12322"}],"version-history":[{"count":1,"href":"http:\/\/blogdalucianaoliveira.com.br\/blog\/wp-json\/wp\/v2\/posts\/12322\/revisions"}],"predecessor-version":[{"id":12324,"href":"http:\/\/blogdalucianaoliveira.com.br\/blog\/wp-json\/wp\/v2\/posts\/12322\/revisions\/12324"}],"wp:attachment":[{"href":"http:\/\/blogdalucianaoliveira.com.br\/blog\/wp-json\/wp\/v2\/media?parent=12322"}],"wp:term":[{"taxonomy":"category","embeddable":true,"href":"http:\/\/blogdalucianaoliveira.com.br\/blog\/wp-json\/wp\/v2\/categories?post=12322"},{"taxonomy":"post_tag","embeddable":true,"href":"http:\/\/blogdalucianaoliveira.com.br\/blog\/wp-json\/wp\/v2\/tags?post=12322"}],"curies":[{"name":"wp","href":"https:\/\/api.w.org\/{rel}","templated":true}]}}