{"id":12325,"date":"2017-07-14T17:13:57","date_gmt":"2017-07-14T21:13:57","guid":{"rendered":"http:\/\/blogdalucianaoliveira.com.br\/blog\/?p=12325"},"modified":"2017-07-14T17:14:49","modified_gmt":"2017-07-14T21:14:49","slug":"pronto-para-ser-presidente-desconhecido-por-35-dos-brasileiros-maia-ja-e-rejeitado-por-45-diz-pesquisa","status":"publish","type":"post","link":"http:\/\/blogdalucianaoliveira.com.br\/blog\/2017\/07\/14\/pronto-para-ser-presidente-desconhecido-por-35-dos-brasileiros-maia-ja-e-rejeitado-por-45-diz-pesquisa\/","title":{"rendered":"Pronto para ser presidente: desconhecido por 35% dos brasileiros, Maia j\u00e1 \u00e9 rejeitado por 45%, diz pesquisa"},"content":{"rendered":"<p><img data-recalc-dims=\"1\" loading=\"lazy\" decoding=\"async\" data-attachment-id=\"12326\" data-permalink=\"http:\/\/blogdalucianaoliveira.com.br\/blog\/2017\/07\/14\/pronto-para-ser-presidente-desconhecido-por-35-dos-brasileiros-maia-ja-e-rejeitado-por-45-diz-pesquisa\/maia-2\/\" data-orig-file=\"https:\/\/i0.wp.com\/blogdalucianaoliveira.com.br\/blog\/wp-content\/uploads\/2017\/07\/maia.png?fit=450%2C394\" data-orig-size=\"450,394\" data-comments-opened=\"0\" data-image-meta=\"{&quot;aperture&quot;:&quot;0&quot;,&quot;credit&quot;:&quot;&quot;,&quot;camera&quot;:&quot;&quot;,&quot;caption&quot;:&quot;&quot;,&quot;created_timestamp&quot;:&quot;0&quot;,&quot;copyright&quot;:&quot;&quot;,&quot;focal_length&quot;:&quot;0&quot;,&quot;iso&quot;:&quot;0&quot;,&quot;shutter_speed&quot;:&quot;0&quot;,&quot;title&quot;:&quot;&quot;,&quot;orientation&quot;:&quot;0&quot;}\" data-image-title=\"maia\" data-image-description=\"\" data-image-caption=\"\" data-medium-file=\"https:\/\/i0.wp.com\/blogdalucianaoliveira.com.br\/blog\/wp-content\/uploads\/2017\/07\/maia.png?fit=300%2C263\" data-large-file=\"https:\/\/i0.wp.com\/blogdalucianaoliveira.com.br\/blog\/wp-content\/uploads\/2017\/07\/maia.png?fit=450%2C394\" src=\"https:\/\/i0.wp.com\/blogdalucianaoliveira.com.br\/blog\/wp-content\/uploads\/2017\/07\/maia.png?resize=450%2C394\" alt=\"maia\" width=\"450\" height=\"394\" class=\"alignnone size-full wp-image-12326\" srcset=\"https:\/\/i0.wp.com\/blogdalucianaoliveira.com.br\/blog\/wp-content\/uploads\/2017\/07\/maia.png?w=450 450w, https:\/\/i0.wp.com\/blogdalucianaoliveira.com.br\/blog\/wp-content\/uploads\/2017\/07\/maia.png?resize=300%2C263 300w, https:\/\/i0.wp.com\/blogdalucianaoliveira.com.br\/blog\/wp-content\/uploads\/2017\/07\/maia.png?resize=343%2C300 343w\" sizes=\"auto, (max-width: 450px) 100vw, 450px\" \/><\/p>\n<p>Do Poder360:<\/p>\n<p>Um ano depois de assumir a presid\u00eancia da C\u00e2mara dos Deputados, Rodrigo Maia, 47, (DEM-RJ), \u00e9 rejeitado por 45% dos entrevistados e desconhecido por 35%. A apura\u00e7\u00e3o \u00e9 da pesquisa DataPoder360.<!--more--><\/p>\n<p>Primeiro na linha de substitui\u00e7\u00e3o da Presid\u00eancia da Rep\u00fablica em caso de afastamento de Michel Temer, o deputado federal em seu 5\u00ba mandato tem avalia\u00e7\u00e3o positiva de somente 8% dos eleitores. Os que n\u00e3o t\u00eam opini\u00e3o ou n\u00e3o responderam somam 12%.<\/p>\n<p>Quando se somam 2 indicadores \u2013quem n\u00e3o conhece Maia (35%) e os que n\u00e3o t\u00eam opini\u00e3o a respeito do demista (12%)\u2013, encontra-se o percentual de 47%. Isso \u00e9 o que os analistas de pesquisa dizem ser o \u201cpotencial de crescimento\u201d de 1 pol\u00edtico. Maia tem sido apontado como candidato ao comando do Executivo, caso sejam convocadas elei\u00e7\u00f5es indiretas. Se herdar a cadeira de Michel Temer, deve tamb\u00e9m tentar a sorte na corrida pelo Planalto em 2018.<\/p>\n<p>A pesquisa DataPoder360 foi realizada nos dias 9 e 10 de julho de 2017. Foram entrevistadas 2.178 pessoas com 16 anos de idade ou mais, em 203 munic\u00edpios. A margem de erro \u00e9 de 3 pontos percentuais para mais ou para menos.<\/p>\n<p>De acordo com o levantamento do DataPoder360, no universo das pessoas que desconhecem Rodrigo Maia h\u00e1 1 grande percentual (55%) na faixa et\u00e1ria dos 16 aos 24 anos. A avalia\u00e7\u00e3o positiva de sua imagem \u00e9 maior entre os entrevistados com 60 anos ou mais, onde alcan\u00e7a 14%, e entre os homens \u201312% aprovam o demista, contra s\u00f3 4% de aprova\u00e7\u00e3o feminina.<\/p>\n<p>(\u2026)<\/p>\n","protected":false},"excerpt":{"rendered":"<p>Do Poder360: Um ano depois de assumir a presid\u00eancia da C\u00e2mara dos Deputados, Rodrigo Maia, 47, (DEM-RJ), \u00e9 rejeitado por 45% dos entrevistados e desconhecido por 35%. A apura\u00e7\u00e3o \u00e9 da pesquisa DataPoder360.<\/p>\n","protected":false},"author":1,"featured_media":12326,"comment_status":"closed","ping_status":"open","sticky":false,"template":"","format":"standard","meta":{"_exactmetrics_skip_tracking":false,"_exactmetrics_sitenote_active":false,"_exactmetrics_sitenote_note":"","_exactmetrics_sitenote_category":0,"jetpack_post_was_ever_published":false,"_jetpack_newsletter_access":"","_jetpack_dont_email_post_to_subs":false,"_jetpack_newsletter_tier_id":0,"_jetpack_memberships_contains_paywalled_content":false,"_jetpack_memberships_contains_paid_content":false,"footnotes":"","jetpack_publicize_message":"","jetpack_publicize_feature_enabled":true,"jetpack_social_post_already_shared":true,"jetpack_social_options":{"image_generator_settings":{"template":"highway","enabled":false},"version":2}},"categories":[1],"tags":[],"class_list":["post-12325","post","type-post","status-publish","format-standard","has-post-thumbnail","hentry","category-notas"],"jetpack_publicize_connections":[],"jetpack_sharing_enabled":true,"jetpack_featured_media_url":"https:\/\/i0.wp.com\/blogdalucianaoliveira.com.br\/blog\/wp-content\/uploads\/2017\/07\/maia.png?fit=450%2C394","jetpack_shortlink":"https:\/\/wp.me\/p7wKYW-3cN","jetpack-related-posts":[],"_links":{"self":[{"href":"http:\/\/blogdalucianaoliveira.com.br\/blog\/wp-json\/wp\/v2\/posts\/12325","targetHints":{"allow":["GET"]}}],"collection":[{"href":"http:\/\/blogdalucianaoliveira.com.br\/blog\/wp-json\/wp\/v2\/posts"}],"about":[{"href":"http:\/\/blogdalucianaoliveira.com.br\/blog\/wp-json\/wp\/v2\/types\/post"}],"author":[{"embeddable":true,"href":"http:\/\/blogdalucianaoliveira.com.br\/blog\/wp-json\/wp\/v2\/users\/1"}],"replies":[{"embeddable":true,"href":"http:\/\/blogdalucianaoliveira.com.br\/blog\/wp-json\/wp\/v2\/comments?post=12325"}],"version-history":[{"count":1,"href":"http:\/\/blogdalucianaoliveira.com.br\/blog\/wp-json\/wp\/v2\/posts\/12325\/revisions"}],"predecessor-version":[{"id":12327,"href":"http:\/\/blogdalucianaoliveira.com.br\/blog\/wp-json\/wp\/v2\/posts\/12325\/revisions\/12327"}],"wp:featuredmedia":[{"embeddable":true,"href":"http:\/\/blogdalucianaoliveira.com.br\/blog\/wp-json\/wp\/v2\/media\/12326"}],"wp:attachment":[{"href":"http:\/\/blogdalucianaoliveira.com.br\/blog\/wp-json\/wp\/v2\/media?parent=12325"}],"wp:term":[{"taxonomy":"category","embeddable":true,"href":"http:\/\/blogdalucianaoliveira.com.br\/blog\/wp-json\/wp\/v2\/categories?post=12325"},{"taxonomy":"post_tag","embeddable":true,"href":"http:\/\/blogdalucianaoliveira.com.br\/blog\/wp-json\/wp\/v2\/tags?post=12325"}],"curies":[{"name":"wp","href":"https:\/\/api.w.org\/{rel}","templated":true}]}}