{"id":12345,"date":"2017-07-15T05:46:37","date_gmt":"2017-07-15T09:46:37","guid":{"rendered":"http:\/\/blogdalucianaoliveira.com.br\/blog\/?p=12345"},"modified":"2017-07-15T05:47:34","modified_gmt":"2017-07-15T09:47:34","slug":"artigo-o-cacador-e-seu-trofeu-por-verissimo","status":"publish","type":"post","link":"http:\/\/blogdalucianaoliveira.com.br\/blog\/2017\/07\/15\/artigo-o-cacador-e-seu-trofeu-por-verissimo\/","title":{"rendered":"Artigo: &#8216;O ca\u00e7ador e seu trof\u00e9u&#8217;, por Ver\u00edssimo"},"content":{"rendered":"<p><img data-recalc-dims=\"1\" loading=\"lazy\" decoding=\"async\" data-attachment-id=\"12346\" data-permalink=\"http:\/\/blogdalucianaoliveira.com.br\/blog\/2017\/07\/15\/artigo-o-cacador-e-seu-trofeu-por-verissimo\/img_0985\/\" data-orig-file=\"https:\/\/i0.wp.com\/blogdalucianaoliveira.com.br\/blog\/wp-content\/uploads\/2017\/07\/IMG_0985.jpg?fit=384%2C384\" data-orig-size=\"384,384\" data-comments-opened=\"0\" data-image-meta=\"{&quot;aperture&quot;:&quot;0&quot;,&quot;credit&quot;:&quot;&quot;,&quot;camera&quot;:&quot;&quot;,&quot;caption&quot;:&quot;&quot;,&quot;created_timestamp&quot;:&quot;0&quot;,&quot;copyright&quot;:&quot;&quot;,&quot;focal_length&quot;:&quot;0&quot;,&quot;iso&quot;:&quot;0&quot;,&quot;shutter_speed&quot;:&quot;0&quot;,&quot;title&quot;:&quot;&quot;,&quot;orientation&quot;:&quot;0&quot;}\" data-image-title=\"IMG_0985\" data-image-description=\"\" data-image-caption=\"\" data-medium-file=\"https:\/\/i0.wp.com\/blogdalucianaoliveira.com.br\/blog\/wp-content\/uploads\/2017\/07\/IMG_0985.jpg?fit=300%2C300\" data-large-file=\"https:\/\/i0.wp.com\/blogdalucianaoliveira.com.br\/blog\/wp-content\/uploads\/2017\/07\/IMG_0985.jpg?fit=384%2C384\" src=\"https:\/\/i0.wp.com\/blogdalucianaoliveira.com.br\/blog\/wp-content\/uploads\/2017\/07\/IMG_0985.jpg?resize=384%2C384\" alt=\"IMG_0985\" width=\"384\" height=\"384\" class=\"alignnone size-full wp-image-12346\" srcset=\"https:\/\/i0.wp.com\/blogdalucianaoliveira.com.br\/blog\/wp-content\/uploads\/2017\/07\/IMG_0985.jpg?w=384 384w, https:\/\/i0.wp.com\/blogdalucianaoliveira.com.br\/blog\/wp-content\/uploads\/2017\/07\/IMG_0985.jpg?resize=150%2C150 150w, https:\/\/i0.wp.com\/blogdalucianaoliveira.com.br\/blog\/wp-content\/uploads\/2017\/07\/IMG_0985.jpg?resize=300%2C300 300w\" sizes=\"auto, (max-width: 384px) 100vw, 384px\" \/><\/p>\n<p>Nada contra Moro, o justiceiro da Rep\u00fablica. Mas n\u00e3o posso deixar de pensar nele como um ca\u00e7ador na sua sala de trof\u00e9us, cercado pelas cabe\u00e7as de suas presas. Nesta parede, a cabe\u00e7a de um tigre, na outra, a de um le\u00e3o, na outra, a de um b\u00fafalo. E agora, num lugar de destaque, a cabe\u00e7a do Lula.<!--more--><\/p>\n<p>Moro pode muito bem dizer que nenhuma presa lhe exigiu mais coragem e sangue frio, da\u00ed seu lugar de destaque na parede. Que fera seria o Lula? A cada animal abatido pelo nosso destemido ca\u00e7ador corresponde uma biografia e uma justificativa para sua queda. Ao contr\u00e1rio do b\u00fafalo, por exemplo, que s\u00f3 morreu porque o ca\u00e7ador acertou o tiro, a raz\u00e3o para abater o Lula \u00e9 complicada.<\/p>\n<p>Foi para afast\u00e1-lo definitivamente da elei\u00e7\u00e3o de 2018? Foi pela sua biografia como l\u00edder do primeiro governo a enfrentar a oligarquia e distribuir renda na hist\u00f3ria do Brasil? Foi (a raz\u00e3o do ca\u00e7ador) porque ganhou um apartamento tr\u00edplex que nunca ocupou?<\/p>\n<p>De qualquer maneira, era preciso coragem e sangue frio para abater a fera. O Moro se admirou com a pr\u00f3pria aud\u00e1cia e declarou que a pris\u00e3o n\u00e3o \u00e9 para agora. Querem testar a rea\u00e7\u00e3o da massa, antes. Mas a cabe\u00e7a do Lula est\u00e1 l\u00e1, na parede.<\/p>\n","protected":false},"excerpt":{"rendered":"<p>Nada contra Moro, o justiceiro da Rep\u00fablica. Mas n\u00e3o posso deixar de pensar nele como um ca\u00e7ador na sua sala de trof\u00e9us, cercado pelas cabe\u00e7as de suas presas. Nesta parede, a cabe\u00e7a de um tigre, na outra, a de um le\u00e3o, na outra, a de um b\u00fafalo. E agora, num lugar de destaque, a cabe\u00e7a&#8230;<a class=\"more-link\" href=\"http:\/\/blogdalucianaoliveira.com.br\/blog\/2017\/07\/15\/artigo-o-cacador-e-seu-trofeu-por-verissimo\/\">Continue a leitura <span class=\"meta-nav\">&raquo;<\/span><\/a><\/p>\n","protected":false},"author":1,"featured_media":12346,"comment_status":"closed","ping_status":"open","sticky":false,"template":"","format":"standard","meta":{"_exactmetrics_skip_tracking":false,"_exactmetrics_sitenote_active":false,"_exactmetrics_sitenote_note":"","_exactmetrics_sitenote_category":0,"jetpack_post_was_ever_published":false,"_jetpack_newsletter_access":"","_jetpack_dont_email_post_to_subs":false,"_jetpack_newsletter_tier_id":0,"_jetpack_memberships_contains_paywalled_content":false,"_jetpack_memberships_contains_paid_content":false,"footnotes":"","jetpack_publicize_message":"","jetpack_publicize_feature_enabled":true,"jetpack_social_post_already_shared":true,"jetpack_social_options":{"image_generator_settings":{"template":"highway","enabled":false},"version":2}},"categories":[1],"tags":[],"class_list":["post-12345","post","type-post","status-publish","format-standard","has-post-thumbnail","hentry","category-notas"],"jetpack_publicize_connections":[],"jetpack_sharing_enabled":true,"jetpack_featured_media_url":"https:\/\/i0.wp.com\/blogdalucianaoliveira.com.br\/blog\/wp-content\/uploads\/2017\/07\/IMG_0985.jpg?fit=384%2C384","jetpack_shortlink":"https:\/\/wp.me\/p7wKYW-3d7","jetpack-related-posts":[],"_links":{"self":[{"href":"http:\/\/blogdalucianaoliveira.com.br\/blog\/wp-json\/wp\/v2\/posts\/12345","targetHints":{"allow":["GET"]}}],"collection":[{"href":"http:\/\/blogdalucianaoliveira.com.br\/blog\/wp-json\/wp\/v2\/posts"}],"about":[{"href":"http:\/\/blogdalucianaoliveira.com.br\/blog\/wp-json\/wp\/v2\/types\/post"}],"author":[{"embeddable":true,"href":"http:\/\/blogdalucianaoliveira.com.br\/blog\/wp-json\/wp\/v2\/users\/1"}],"replies":[{"embeddable":true,"href":"http:\/\/blogdalucianaoliveira.com.br\/blog\/wp-json\/wp\/v2\/comments?post=12345"}],"version-history":[{"count":1,"href":"http:\/\/blogdalucianaoliveira.com.br\/blog\/wp-json\/wp\/v2\/posts\/12345\/revisions"}],"predecessor-version":[{"id":12347,"href":"http:\/\/blogdalucianaoliveira.com.br\/blog\/wp-json\/wp\/v2\/posts\/12345\/revisions\/12347"}],"wp:featuredmedia":[{"embeddable":true,"href":"http:\/\/blogdalucianaoliveira.com.br\/blog\/wp-json\/wp\/v2\/media\/12346"}],"wp:attachment":[{"href":"http:\/\/blogdalucianaoliveira.com.br\/blog\/wp-json\/wp\/v2\/media?parent=12345"}],"wp:term":[{"taxonomy":"category","embeddable":true,"href":"http:\/\/blogdalucianaoliveira.com.br\/blog\/wp-json\/wp\/v2\/categories?post=12345"},{"taxonomy":"post_tag","embeddable":true,"href":"http:\/\/blogdalucianaoliveira.com.br\/blog\/wp-json\/wp\/v2\/tags?post=12345"}],"curies":[{"name":"wp","href":"https:\/\/api.w.org\/{rel}","templated":true}]}}